{"id":46854,"date":"2025-09-18T13:54:00","date_gmt":"2025-09-18T16:54:00","guid":{"rendered":"http:\/\/www.rtvnoticias.com.ar\/?p=46854"},"modified":"2025-09-18T16:56:32","modified_gmt":"2025-09-18T19:56:32","slug":"la-diputada-viara-presento-un-proyecto-para-que-la-pampa-se-adhiera-a-la-ley-de-desfederalizacion-del-narcotrafico","status":"publish","type":"post","link":"http:\/\/www.rtvnoticias.com.ar\/?p=46854","title":{"rendered":"La diputada Viara present\u00f3 un proyecto para que La Pampa se adhiera a la ley de desfederalizaci\u00f3n del narcotr\u00e1fico"},"content":{"rendered":"\n<p>La diputada provincial Noelia Viara (PRO) present\u00f3 un proyecto de ley en la Legislatura pampeana junto a sus compa\u00f1eros de bloque, Celeste Rivas y Lucas Lazaric, que propone la adhesi\u00f3n de La Pampa a la Ley Nacional 26.052, que establece la desfederalizaci\u00f3n parcial de la competencia penal en materia de estupefacientes.<\/p>\n\n\n\n<p>La normativa permite que cada provincia pueda asumir el control sobre los delitos vinculados al narcomenudeo, es decir, la venta de drogas en peque\u00f1a escala. El objetivo es que la justicia y la polic\u00eda provincial act\u00faen de manera m\u00e1s directa y eficiente en la lucha contra el microtr\u00e1fico, una problem\u00e1tica que afecta a muchos barrios de la provincia.<\/p>\n\n\n\n<p>En este sentido, Viara expres\u00f3: \u201cHoy, todos los casos de microtr\u00e1fico son derivados a la justicia federal, que est\u00e1 colapsada y con recursos limitados. Esto genera demoras y poca capacidad de intervenci\u00f3n. Los kioscos de droga se consolidan y los j\u00f3venes quedan expuestos a un sistema que no act\u00faa a tiempo\u201d.<\/p>\n\n\n\n<p>La ley nacional, que ya fue adoptada por doce provincias, busca descongestionar el fuero federal y dar mayor autonom\u00eda a las justicias provinciales para intervenir de manera m\u00e1s cercana y eficaz en este tipo de delitos. Con la adhesi\u00f3n de La Pampa, se establecer\u00eda un sistema dual en el que la justicia federal se concentre en los grandes delitos de narcotr\u00e1fico y la justicia provincial se encargue del microtr\u00e1fico a nivel local.<\/p>\n\n\n\n<p>La diputada tambi\u00e9n aprovech\u00f3 la oportunidad para recordar que, en 2021, el gobernador Sergio Ziliotto hab\u00eda prometido adherir a esta ley al asumir su segundo mandato, pero que hasta el momento no se ha dado ning\u00fan avance en esa direcci\u00f3n. \u201cEl gobierno provincial no cumpli\u00f3 con su promesa, y La Pampa sigue sin dar pasos concretos para combatir el narcomenudeo\u201d, afirm\u00f3 Viara.<\/p>\n\n\n\n<p>En caso de aprobarse, la provincia se sumar\u00eda al Programa Nacional de Desfederalizaci\u00f3n y Asistencia contra el Microtr\u00e1fico de Estupefacientes (PRONADEM), una iniciativa del Ministerio de Justicia de la Naci\u00f3n que brinda asistencia t\u00e9cnica, capacitaci\u00f3n y recursos a las provincias que adhieren a la ley.<\/p>\n\n\n\n<p>\u201cDetr\u00e1s de cada kiosco de droga hay familias destruidas y j\u00f3venes perdiendo oportunidades. No podemos seguir mirando para otro lado. Esta ley es una herramienta fundamental para devolverle la tranquilidad a las familias de La Pampa y garantizarles que el Estado est\u00e1 presente para cuidar a nuestros chicos\u201d, concluy\u00f3 Viara.<\/p>\n\n\n\n<p>La propuesta de la legisladora tendr\u00e1 que ser debatida y aprobada por los diputados provinciales para avanzar en la implementaci\u00f3n de este modelo, que ya ha demostrado ser exitoso en otras provincias del pa\u00eds.<\/p>\n<div class=\"sharedaddy sd-sharing-enabled\"><div class=\"robots-nocontent sd-block sd-social sd-social-icon sd-sharing\"><h3 class=\"sd-title\">Comparte esto:<\/h3><div class=\"sd-content\"><ul><li class=\"share-twitter\"><a rel=\"nofollow noopener noreferrer\" data-shared=\"sharing-twitter-46854\" class=\"share-twitter sd-button share-icon no-text\" href=\"http:\/\/www.rtvnoticias.com.ar\/?p=46854&amp;share=twitter\" target=\"_blank\" title=\"Haz clic para compartir en Twitter\"><span><\/span><span class=\"sharing-screen-reader-text\">Haz clic para compartir en Twitter (Se abre en una ventana nueva)<\/span><\/a><\/li><li class=\"share-facebook\"><a rel=\"nofollow noopener noreferrer\" data-shared=\"sharing-facebook-46854\" class=\"share-facebook sd-button share-icon no-text\" href=\"http:\/\/www.rtvnoticias.com.ar\/?p=46854&amp;share=facebook\" target=\"_blank\" title=\"Haz clic para compartir en Facebook\"><span><\/span><span class=\"sharing-screen-reader-text\">Haz clic para compartir en Facebook (Se abre en una ventana nueva)<\/span><\/a><\/li><li class=\"share-jetpack-whatsapp\"><a rel=\"nofollow noopener noreferrer\" data-shared=\"\" class=\"share-jetpack-whatsapp sd-button share-icon no-text\" href=\"http:\/\/www.rtvnoticias.com.ar\/?p=46854&amp;share=jetpack-whatsapp\" target=\"_blank\" title=\"Haz clic para compartir en WhatsApp\"><span><\/span><span class=\"sharing-screen-reader-text\">Haz clic para compartir en WhatsApp (Se abre en una ventana nueva)<\/span><\/a><\/li><li class=\"share-telegram\"><a rel=\"nofollow noopener noreferrer\" data-shared=\"\" class=\"share-telegram sd-button share-icon no-text\" href=\"http:\/\/www.rtvnoticias.com.ar\/?p=46854&amp;share=telegram\" target=\"_blank\" title=\"Haz clic para compartir en Telegram\"><span><\/span><span class=\"sharing-screen-reader-text\">Haz clic para compartir en Telegram (Se abre en una ventana nueva)<\/span><\/a><\/li><li class=\"share-end\"><\/li><\/ul><\/div><\/div><\/div>","protected":false},"excerpt":{"rendered":"<p>La diputada provincial Noelia Viara (PRO) present\u00f3 un proyecto de ley en la Legislatura pampeana junto a sus compa\u00f1eros de bloque, Celeste Rivas y Lucas<\/p>\n<div class=\"sharedaddy sd-sharing-enabled\"><div class=\"robots-nocontent sd-block sd-social sd-social-icon sd-sharing\"><h3 class=\"sd-title\">Comparte esto:<\/h3><div class=\"sd-content\"><ul><li class=\"share-twitter\"><a rel=\"nofollow noopener noreferrer\" data-shared=\"sharing-twitter-46854\" class=\"share-twitter sd-button share-icon no-text\" href=\"http:\/\/www.rtvnoticias.com.ar\/?p=46854&amp;share=twitter\" target=\"_blank\" title=\"Haz clic para compartir en Twitter\"><span><\/span><span class=\"sharing-screen-reader-text\">Haz clic para compartir en Twitter (Se abre en una ventana nueva)<\/span><\/a><\/li><li class=\"share-facebook\"><a rel=\"nofollow noopener noreferrer\" data-shared=\"sharing-facebook-46854\" class=\"share-facebook sd-button share-icon no-text\" href=\"http:\/\/www.rtvnoticias.com.ar\/?p=46854&amp;share=facebook\" target=\"_blank\" title=\"Haz clic para compartir en Facebook\"><span><\/span><span class=\"sharing-screen-reader-text\">Haz clic para compartir en Facebook (Se abre en una ventana nueva)<\/span><\/a><\/li><li class=\"share-jetpack-whatsapp\"><a rel=\"nofollow noopener noreferrer\" data-shared=\"\" class=\"share-jetpack-whatsapp sd-button share-icon no-text\" href=\"http:\/\/www.rtvnoticias.com.ar\/?p=46854&amp;share=jetpack-whatsapp\" target=\"_blank\" title=\"Haz clic para compartir en WhatsApp\"><span><\/span><span class=\"sharing-screen-reader-text\">Haz clic para compartir en WhatsApp (Se abre en una ventana nueva)<\/span><\/a><\/li><li class=\"share-telegram\"><a rel=\"nofollow noopener noreferrer\" data-shared=\"\" class=\"share-telegram sd-button share-icon no-text\" href=\"http:\/\/www.rtvnoticias.com.ar\/?p=46854&amp;share=telegram\" target=\"_blank\" title=\"Haz clic para compartir en Telegram\"><span><\/span><span class=\"sharing-screen-reader-text\">Haz clic para compartir en Telegram (Se abre en una ventana nueva)<\/span><\/a><\/li><li class=\"share-end\"><\/li><\/ul><\/div><\/div><\/div>","protected":false},"author":7,"featured_media":43790,"comment_status":"closed","ping_status":"closed","sticky":false,"template":"","format":"standard","meta":{"spay_email":"","jetpack_publicize_message":"","jetpack_is_tweetstorm":false,"jetpack_publicize_feature_enabled":true},"categories":[4],"tags":[],"jetpack_featured_media_url":"http:\/\/www.rtvnoticias.com.ar\/wp-content\/uploads\/2025\/01\/viara-noelia-verde.jpg","jetpack_publicize_connections":[],"jetpack_sharing_enabled":true,"_links":{"self":[{"href":"http:\/\/www.rtvnoticias.com.ar\/index.php?rest_route=\/wp\/v2\/posts\/46854"}],"collection":[{"href":"http:\/\/www.rtvnoticias.com.ar\/index.php?rest_route=\/wp\/v2\/posts"}],"about":[{"href":"http:\/\/www.rtvnoticias.com.ar\/index.php?rest_route=\/wp\/v2\/types\/post"}],"author":[{"embeddable":true,"href":"http:\/\/www.rtvnoticias.com.ar\/index.php?rest_route=\/wp\/v2\/users\/7"}],"replies":[{"embeddable":true,"href":"http:\/\/www.rtvnoticias.com.ar\/index.php?rest_route=%2Fwp%2Fv2%2Fcomments&post=46854"}],"version-history":[{"count":1,"href":"http:\/\/www.rtvnoticias.com.ar\/index.php?rest_route=\/wp\/v2\/posts\/46854\/revisions"}],"predecessor-version":[{"id":46855,"href":"http:\/\/www.rtvnoticias.com.ar\/index.php?rest_route=\/wp\/v2\/posts\/46854\/revisions\/46855"}],"wp:featuredmedia":[{"embeddable":true,"href":"http:\/\/www.rtvnoticias.com.ar\/index.php?rest_route=\/wp\/v2\/media\/43790"}],"wp:attachment":[{"href":"http:\/\/www.rtvnoticias.com.ar\/index.php?rest_route=%2Fwp%2Fv2%2Fmedia&parent=46854"}],"wp:term":[{"taxonomy":"category","embeddable":true,"href":"http:\/\/www.rtvnoticias.com.ar\/index.php?rest_route=%2Fwp%2Fv2%2Fcategories&post=46854"},{"taxonomy":"post_tag","embeddable":true,"href":"http:\/\/www.rtvnoticias.com.ar\/index.php?rest_route=%2Fwp%2Fv2%2Ftags&post=46854"}],"curies":[{"name":"wp","href":"https:\/\/api.w.org\/{rel}","templated":true}]}}