{"id":46866,"date":"2025-09-19T00:01:00","date_gmt":"2025-09-19T03:01:00","guid":{"rendered":"http:\/\/www.rtvnoticias.com.ar\/?p=46866"},"modified":"2025-09-19T11:09:03","modified_gmt":"2025-09-19T14:09:03","slug":"los-pampeanos-votaron-conta-el-veto-a-los-atn","status":"publish","type":"post","link":"http:\/\/www.rtvnoticias.com.ar\/?p=46866","title":{"rendered":"Los pampeanos votaron contra el veto a los ATN"},"content":{"rendered":"\n<p>Los tres representantes de la provincia de La Pampa en el Senado de la Naci\u00f3n argentina, Daniel Pablo Bensuss\u00e1n, Victoria Huala y Daniel Kroneberger, coincidieron con sus votos en rechazo al veto presidencial al proyecto de distribuci\u00f3n autom\u00e1tica de los Aportes del Tesoro Nacional (ATN).<\/p>\n\n\n\n<p>Previo a la sesi\u00f3n, Bensuss\u00e1n confirm\u00f3 -v\u00eda redes sociales- su postura ante la medida tomada por el presidente Javier Milei y aseguraba que votar\u00eda en rechaz\u00f3 del veto, teniendo un fuerte discurso en el recinto: \u00abLe falta compresi\u00f3n de texto o miente\u00bb porque, a su criterio, con el veto \u00abquiere hacer creer que las provincias\u00bb usen los fondos de ATN para gastos corrientes.<\/p>\n\n\n\n<p>\u00abEn ninguna ley se cambia el criterio del uso de recursos. Este proyecto no altera el equilibrio fiscal, se distribuye lo que se recauda. Lo que pedimos es la distribuci\u00f3n. El Gobierno sigue con mentiras, confundiendo a la sociedad. D\u00e9jense de joder y empiecen a gobernar para todos los argentinos\u00bb, enfatiz\u00f3 Bensus\u00e1n.<\/p>\n\n\n\n<p>Por su parte, el radical Daniel Kroneberger asegur\u00f3 en sus redes sociales que vot\u00f3 contra el veto porque quiere \u00abun pa\u00eds plural, donde el equilibrio fiscal se construya sobre bases s\u00f3lidas y equitativas, y no sobre la subordinaci\u00f3n de las provincias\u00bb.<\/p>\n\n\n\n<p>\u00abCon esta ley afirmamos que no hay lugar para privilegios ni discrecionalidad: los recursos de todos los argentinos deben distribuirse con transparencia y justicia\u00bb, remarc\u00f3 el legislador pampeano.<\/p>\n\n\n\n<blockquote class=\"twitter-tweet\"><p lang=\"es\" dir=\"ltr\">Rechazamos el veto presidencial a la Ley de ATN. Queremos un pa\u00eds plural, donde el equilibrio fiscal se construya sobre bases s\u00f3lidas y equitativas, y no sobre la subordinaci\u00f3n de las provincias.<\/p>\u2014 Daniel Kroneberger (@Dkroneberger) <a href=\"https:\/\/twitter.com\/Dkroneberger\/status\/1968764138705830192?ref_src=twsrc%5Etfw\">September 18, 2025<\/a><\/blockquote> <script async=\"\" src=\"https:\/\/platform.twitter.com\/widgets.js\" charset=\"utf-8\"><\/script>\n\n\n\n<p>La sorpresa del d\u00eda fue el voto de la senadora por el PRO, Victoria Huala, ya que su postura estaba en duda por tratarse de una socia pol\u00edtica de la alianza La Libertad Avanza en la provicia, declinando esas sopecha al votar de la misma manera que Bensuss\u00e1n y Kroneberger<\/p>\n\n\n\n<p><\/p>\n<div class=\"sharedaddy sd-sharing-enabled\"><div class=\"robots-nocontent sd-block sd-social sd-social-icon sd-sharing\"><h3 class=\"sd-title\">Comparte esto:<\/h3><div class=\"sd-content\"><ul><li class=\"share-twitter\"><a rel=\"nofollow noopener noreferrer\" data-shared=\"sharing-twitter-46866\" class=\"share-twitter sd-button share-icon no-text\" href=\"http:\/\/www.rtvnoticias.com.ar\/?p=46866&amp;share=twitter\" target=\"_blank\" title=\"Haz clic para compartir en Twitter\"><span><\/span><span class=\"sharing-screen-reader-text\">Haz clic para compartir en Twitter (Se abre en una ventana nueva)<\/span><\/a><\/li><li class=\"share-facebook\"><a rel=\"nofollow noopener noreferrer\" data-shared=\"sharing-facebook-46866\" class=\"share-facebook sd-button share-icon no-text\" href=\"http:\/\/www.rtvnoticias.com.ar\/?p=46866&amp;share=facebook\" target=\"_blank\" title=\"Haz clic para compartir en Facebook\"><span><\/span><span class=\"sharing-screen-reader-text\">Haz clic para compartir en Facebook (Se abre en una ventana nueva)<\/span><\/a><\/li><li class=\"share-jetpack-whatsapp\"><a rel=\"nofollow noopener noreferrer\" data-shared=\"\" class=\"share-jetpack-whatsapp sd-button share-icon no-text\" href=\"http:\/\/www.rtvnoticias.com.ar\/?p=46866&amp;share=jetpack-whatsapp\" target=\"_blank\" title=\"Haz clic para compartir en WhatsApp\"><span><\/span><span class=\"sharing-screen-reader-text\">Haz clic para compartir en WhatsApp (Se abre en una ventana nueva)<\/span><\/a><\/li><li class=\"share-telegram\"><a rel=\"nofollow noopener noreferrer\" data-shared=\"\" class=\"share-telegram sd-button share-icon no-text\" href=\"http:\/\/www.rtvnoticias.com.ar\/?p=46866&amp;share=telegram\" target=\"_blank\" title=\"Haz clic para compartir en Telegram\"><span><\/span><span class=\"sharing-screen-reader-text\">Haz clic para compartir en Telegram (Se abre en una ventana nueva)<\/span><\/a><\/li><li class=\"share-end\"><\/li><\/ul><\/div><\/div><\/div>","protected":false},"excerpt":{"rendered":"<p>Los tres representantes de la provincia de La Pampa en el Senado de la Naci\u00f3n argentina, Daniel Pablo Bensuss\u00e1n, Victoria Huala y Daniel Kroneberger, coincidieron<\/p>\n<div class=\"sharedaddy sd-sharing-enabled\"><div class=\"robots-nocontent sd-block sd-social sd-social-icon sd-sharing\"><h3 class=\"sd-title\">Comparte esto:<\/h3><div class=\"sd-content\"><ul><li class=\"share-twitter\"><a rel=\"nofollow noopener noreferrer\" data-shared=\"sharing-twitter-46866\" class=\"share-twitter sd-button share-icon no-text\" href=\"http:\/\/www.rtvnoticias.com.ar\/?p=46866&amp;share=twitter\" target=\"_blank\" title=\"Haz clic para compartir en Twitter\"><span><\/span><span class=\"sharing-screen-reader-text\">Haz clic para compartir en Twitter (Se abre en una ventana nueva)<\/span><\/a><\/li><li class=\"share-facebook\"><a rel=\"nofollow noopener noreferrer\" data-shared=\"sharing-facebook-46866\" class=\"share-facebook sd-button share-icon no-text\" href=\"http:\/\/www.rtvnoticias.com.ar\/?p=46866&amp;share=facebook\" target=\"_blank\" title=\"Haz clic para compartir en Facebook\"><span><\/span><span class=\"sharing-screen-reader-text\">Haz clic para compartir en Facebook (Se abre en una ventana nueva)<\/span><\/a><\/li><li class=\"share-jetpack-whatsapp\"><a rel=\"nofollow noopener noreferrer\" data-shared=\"\" class=\"share-jetpack-whatsapp sd-button share-icon no-text\" href=\"http:\/\/www.rtvnoticias.com.ar\/?p=46866&amp;share=jetpack-whatsapp\" target=\"_blank\" title=\"Haz clic para compartir en WhatsApp\"><span><\/span><span class=\"sharing-screen-reader-text\">Haz clic para compartir en WhatsApp (Se abre en una ventana nueva)<\/span><\/a><\/li><li class=\"share-telegram\"><a rel=\"nofollow noopener noreferrer\" data-shared=\"\" class=\"share-telegram sd-button share-icon no-text\" href=\"http:\/\/www.rtvnoticias.com.ar\/?p=46866&amp;share=telegram\" target=\"_blank\" title=\"Haz clic para compartir en Telegram\"><span><\/span><span class=\"sharing-screen-reader-text\">Haz clic para compartir en Telegram (Se abre en una ventana nueva)<\/span><\/a><\/li><li class=\"share-end\"><\/li><\/ul><\/div><\/div><\/div>","protected":false},"author":7,"featured_media":46867,"comment_status":"closed","ping_status":"closed","sticky":false,"template":"","format":"standard","meta":{"spay_email":"","jetpack_publicize_message":"","jetpack_is_tweetstorm":false,"jetpack_publicize_feature_enabled":true},"categories":[4],"tags":[],"jetpack_featured_media_url":"http:\/\/www.rtvnoticias.com.ar\/wp-content\/uploads\/2025\/09\/285048.jpg","jetpack_publicize_connections":[],"jetpack_sharing_enabled":true,"_links":{"self":[{"href":"http:\/\/www.rtvnoticias.com.ar\/index.php?rest_route=\/wp\/v2\/posts\/46866"}],"collection":[{"href":"http:\/\/www.rtvnoticias.com.ar\/index.php?rest_route=\/wp\/v2\/posts"}],"about":[{"href":"http:\/\/www.rtvnoticias.com.ar\/index.php?rest_route=\/wp\/v2\/types\/post"}],"author":[{"embeddable":true,"href":"http:\/\/www.rtvnoticias.com.ar\/index.php?rest_route=\/wp\/v2\/users\/7"}],"replies":[{"embeddable":true,"href":"http:\/\/www.rtvnoticias.com.ar\/index.php?rest_route=%2Fwp%2Fv2%2Fcomments&post=46866"}],"version-history":[{"count":2,"href":"http:\/\/www.rtvnoticias.com.ar\/index.php?rest_route=\/wp\/v2\/posts\/46866\/revisions"}],"predecessor-version":[{"id":46870,"href":"http:\/\/www.rtvnoticias.com.ar\/index.php?rest_route=\/wp\/v2\/posts\/46866\/revisions\/46870"}],"wp:featuredmedia":[{"embeddable":true,"href":"http:\/\/www.rtvnoticias.com.ar\/index.php?rest_route=\/wp\/v2\/media\/46867"}],"wp:attachment":[{"href":"http:\/\/www.rtvnoticias.com.ar\/index.php?rest_route=%2Fwp%2Fv2%2Fmedia&parent=46866"}],"wp:term":[{"taxonomy":"category","embeddable":true,"href":"http:\/\/www.rtvnoticias.com.ar\/index.php?rest_route=%2Fwp%2Fv2%2Fcategories&post=46866"},{"taxonomy":"post_tag","embeddable":true,"href":"http:\/\/www.rtvnoticias.com.ar\/index.php?rest_route=%2Fwp%2Fv2%2Ftags&post=46866"}],"curies":[{"name":"wp","href":"https:\/\/api.w.org\/{rel}","templated":true}]}}