{"id":46929,"date":"2025-09-24T18:07:12","date_gmt":"2025-09-24T21:07:12","guid":{"rendered":"http:\/\/www.rtvnoticias.com.ar\/?p=46929"},"modified":"2025-09-24T18:07:14","modified_gmt":"2025-09-24T21:07:14","slug":"debate-en-la-legislatura-pampeana-fuerte-respaldo-al-juicio-por-jurados-y-propuestas-para-garantizar-su-equidad","status":"publish","type":"post","link":"http:\/\/www.rtvnoticias.com.ar\/?p=46929","title":{"rendered":"Debate en la Legislatura pampeana: fuerte respaldo al juicio por jurados y propuestas para garantizar su equidad"},"content":{"rendered":"\n<p>La Comisi\u00f3n de Asuntos Constitucionales y Justicia de la C\u00e1mara de Diputados de La Pampa se reuni\u00f3 este mi\u00e9rcoles para debatir el proyecto de ley que propone implementar el juicio por jurados en la provincia. La iniciativa, largamente esperada en el \u00e1mbito judicial y pol\u00edtico, recibi\u00f3 un amplio respaldo de parte de especialistas y representantes institucionales, aunque tambi\u00e9n surgieron propuestas clave para ajustar su aplicaci\u00f3n pr\u00e1ctica.<\/p>\n\n\n\n<p>Durante el encuentro, que cont\u00f3 con la participaci\u00f3n de referentes del Colegio de Abogados, como su presidenta Susana Germignani, se destac\u00f3 el car\u00e1cter constitucional de la medida. \u201cEs una deuda hist\u00f3rica con la ciudadan\u00eda y una obligaci\u00f3n en t\u00e9rminos de calidad democr\u00e1tica\u201d, coincidieron varios expositores.<\/p>\n\n\n\n<p>Uno de los testimonios m\u00e1s contundentes fue el del abogado Marcos Paz, quien subray\u00f3 que la implementaci\u00f3n del juicio por jurados no es optativa. \u201cNo existe la opci\u00f3n de juicio por jurados no. La \u00fanica opci\u00f3n es juicio por jurados s\u00ed\u201d, enfatiz\u00f3. Adem\u00e1s, record\u00f3 que el mandato constitucional existe desde 1853 y advirti\u00f3 que La Pampa podr\u00eda quedar rezagada respecto a otras provincias. Actualmente, 14 jurisdicciones argentinas ya aplican este sistema, entre ellas Buenos Aires, C\u00f3rdoba, Mendoza y Neuqu\u00e9n.<\/p>\n\n\n\n<h5 class=\"wp-block-heading\">Ajustes propuestos: gradualidad, igualdad de partes y participaci\u00f3n ciudadana<\/h5>\n\n\n\n<p>Aunque la iniciativa fue valorada por su anclaje en el sistema anglosaj\u00f3n, que otorga la decisi\u00f3n final a un jurado popular, los especialistas advirtieron sobre la necesidad de evitar discrecionalidades. En ese sentido, Vanesa Ranocchia, tambi\u00e9n integrante del Colegio de Abogados, expres\u00f3 su preocupaci\u00f3n por la facultad del Ministerio P\u00fablico Fiscal de decidir en qu\u00e9 casos se aplica el sistema.<\/p>\n\n\n\n<p>\u201cEsto debilita la igualdad de armas entre las partes. No puede depender solo de la fiscal\u00eda\u201d, sostuvo, al tiempo que pidi\u00f3 una implementaci\u00f3n \u201cgradual\u201d y basada en \u201ccriterios objetivos\u201d.<\/p>\n\n\n\n<p>Ranocchia tambi\u00e9n propuso una revisi\u00f3n del perfil exigido para quienes integren los jurados. Entre sus sugerencias, pidi\u00f3 bajar la edad m\u00ednima de participaci\u00f3n a los 18 a\u00f1os, eliminar el l\u00edmite m\u00e1ximo de 75, y quitar la exigencia de contar con oficio o profesi\u00f3n. \u201cEl jurado debe reflejar a la ciudadan\u00eda en toda su diversidad, con sus luces y sombras\u201d, argument\u00f3.<\/p>\n\n\n\n<h5 class=\"wp-block-heading\">Un paso clave, en medio de un contexto federal<\/h5>\n\n\n\n<p>El debate se da en un contexto en el que cada vez m\u00e1s provincias argentinas avanzan hacia modelos de justicia m\u00e1s participativos, alineados con est\u00e1ndares internacionales de transparencia y control ciudadano. El juicio por jurados es visto no solo como una herramienta para democratizar el sistema penal, sino tambi\u00e9n como un mecanismo de legitimaci\u00f3n institucional.<\/p>\n\n\n\n<p>Ahora, el proyecto continuar\u00e1 su tratamiento en comisiones, mientras se analizan los aportes recibidos y se define un cronograma para su implementaci\u00f3n.<\/p>\n<div class=\"sharedaddy sd-sharing-enabled\"><div class=\"robots-nocontent sd-block sd-social sd-social-icon sd-sharing\"><h3 class=\"sd-title\">Comparte esto:<\/h3><div class=\"sd-content\"><ul><li class=\"share-twitter\"><a rel=\"nofollow noopener noreferrer\" data-shared=\"sharing-twitter-46929\" class=\"share-twitter sd-button share-icon no-text\" href=\"http:\/\/www.rtvnoticias.com.ar\/?p=46929&amp;share=twitter\" target=\"_blank\" title=\"Haz clic para compartir en Twitter\"><span><\/span><span class=\"sharing-screen-reader-text\">Haz clic para compartir en Twitter (Se abre en una ventana nueva)<\/span><\/a><\/li><li class=\"share-facebook\"><a rel=\"nofollow noopener noreferrer\" data-shared=\"sharing-facebook-46929\" class=\"share-facebook sd-button share-icon no-text\" href=\"http:\/\/www.rtvnoticias.com.ar\/?p=46929&amp;share=facebook\" target=\"_blank\" title=\"Haz clic para compartir en Facebook\"><span><\/span><span class=\"sharing-screen-reader-text\">Haz clic para compartir en Facebook (Se abre en una ventana nueva)<\/span><\/a><\/li><li class=\"share-jetpack-whatsapp\"><a rel=\"nofollow noopener noreferrer\" data-shared=\"\" class=\"share-jetpack-whatsapp sd-button share-icon no-text\" href=\"http:\/\/www.rtvnoticias.com.ar\/?p=46929&amp;share=jetpack-whatsapp\" target=\"_blank\" title=\"Haz clic para compartir en WhatsApp\"><span><\/span><span class=\"sharing-screen-reader-text\">Haz clic para compartir en WhatsApp (Se abre en una ventana nueva)<\/span><\/a><\/li><li class=\"share-telegram\"><a rel=\"nofollow noopener noreferrer\" data-shared=\"\" class=\"share-telegram sd-button share-icon no-text\" href=\"http:\/\/www.rtvnoticias.com.ar\/?p=46929&amp;share=telegram\" target=\"_blank\" title=\"Haz clic para compartir en Telegram\"><span><\/span><span class=\"sharing-screen-reader-text\">Haz clic para compartir en Telegram (Se abre en una ventana nueva)<\/span><\/a><\/li><li class=\"share-end\"><\/li><\/ul><\/div><\/div><\/div>","protected":false},"excerpt":{"rendered":"<p>La Comisi\u00f3n de Asuntos Constitucionales y Justicia de la C\u00e1mara de Diputados de La Pampa se reuni\u00f3 este mi\u00e9rcoles para debatir el proyecto de ley<\/p>\n<div class=\"sharedaddy sd-sharing-enabled\"><div class=\"robots-nocontent sd-block sd-social sd-social-icon sd-sharing\"><h3 class=\"sd-title\">Comparte esto:<\/h3><div class=\"sd-content\"><ul><li class=\"share-twitter\"><a rel=\"nofollow noopener noreferrer\" data-shared=\"sharing-twitter-46929\" class=\"share-twitter sd-button share-icon no-text\" href=\"http:\/\/www.rtvnoticias.com.ar\/?p=46929&amp;share=twitter\" target=\"_blank\" title=\"Haz clic para compartir en Twitter\"><span><\/span><span class=\"sharing-screen-reader-text\">Haz clic para compartir en Twitter (Se abre en una ventana nueva)<\/span><\/a><\/li><li class=\"share-facebook\"><a rel=\"nofollow noopener noreferrer\" data-shared=\"sharing-facebook-46929\" class=\"share-facebook sd-button share-icon no-text\" href=\"http:\/\/www.rtvnoticias.com.ar\/?p=46929&amp;share=facebook\" target=\"_blank\" title=\"Haz clic para compartir en Facebook\"><span><\/span><span class=\"sharing-screen-reader-text\">Haz clic para compartir en Facebook (Se abre en una ventana nueva)<\/span><\/a><\/li><li class=\"share-jetpack-whatsapp\"><a rel=\"nofollow noopener noreferrer\" data-shared=\"\" class=\"share-jetpack-whatsapp sd-button share-icon no-text\" href=\"http:\/\/www.rtvnoticias.com.ar\/?p=46929&amp;share=jetpack-whatsapp\" target=\"_blank\" title=\"Haz clic para compartir en WhatsApp\"><span><\/span><span class=\"sharing-screen-reader-text\">Haz clic para compartir en WhatsApp (Se abre en una ventana nueva)<\/span><\/a><\/li><li class=\"share-telegram\"><a rel=\"nofollow noopener noreferrer\" data-shared=\"\" class=\"share-telegram sd-button share-icon no-text\" href=\"http:\/\/www.rtvnoticias.com.ar\/?p=46929&amp;share=telegram\" target=\"_blank\" title=\"Haz clic para compartir en Telegram\"><span><\/span><span class=\"sharing-screen-reader-text\">Haz clic para compartir en Telegram (Se abre en una ventana nueva)<\/span><\/a><\/li><li class=\"share-end\"><\/li><\/ul><\/div><\/div><\/div>","protected":false},"author":7,"featured_media":46930,"comment_status":"closed","ping_status":"closed","sticky":false,"template":"","format":"standard","meta":{"spay_email":"","jetpack_publicize_message":"","jetpack_is_tweetstorm":false,"jetpack_publicize_feature_enabled":true},"categories":[4],"tags":[],"jetpack_featured_media_url":"http:\/\/www.rtvnoticias.com.ar\/wp-content\/uploads\/2025\/09\/2123113.jpg","jetpack_publicize_connections":[],"jetpack_sharing_enabled":true,"_links":{"self":[{"href":"http:\/\/www.rtvnoticias.com.ar\/index.php?rest_route=\/wp\/v2\/posts\/46929"}],"collection":[{"href":"http:\/\/www.rtvnoticias.com.ar\/index.php?rest_route=\/wp\/v2\/posts"}],"about":[{"href":"http:\/\/www.rtvnoticias.com.ar\/index.php?rest_route=\/wp\/v2\/types\/post"}],"author":[{"embeddable":true,"href":"http:\/\/www.rtvnoticias.com.ar\/index.php?rest_route=\/wp\/v2\/users\/7"}],"replies":[{"embeddable":true,"href":"http:\/\/www.rtvnoticias.com.ar\/index.php?rest_route=%2Fwp%2Fv2%2Fcomments&post=46929"}],"version-history":[{"count":1,"href":"http:\/\/www.rtvnoticias.com.ar\/index.php?rest_route=\/wp\/v2\/posts\/46929\/revisions"}],"predecessor-version":[{"id":46931,"href":"http:\/\/www.rtvnoticias.com.ar\/index.php?rest_route=\/wp\/v2\/posts\/46929\/revisions\/46931"}],"wp:featuredmedia":[{"embeddable":true,"href":"http:\/\/www.rtvnoticias.com.ar\/index.php?rest_route=\/wp\/v2\/media\/46930"}],"wp:attachment":[{"href":"http:\/\/www.rtvnoticias.com.ar\/index.php?rest_route=%2Fwp%2Fv2%2Fmedia&parent=46929"}],"wp:term":[{"taxonomy":"category","embeddable":true,"href":"http:\/\/www.rtvnoticias.com.ar\/index.php?rest_route=%2Fwp%2Fv2%2Fcategories&post=46929"},{"taxonomy":"post_tag","embeddable":true,"href":"http:\/\/www.rtvnoticias.com.ar\/index.php?rest_route=%2Fwp%2Fv2%2Ftags&post=46929"}],"curies":[{"name":"wp","href":"https:\/\/api.w.org\/{rel}","templated":true}]}}