{"id":46932,"date":"2025-09-24T18:11:53","date_gmt":"2025-09-24T21:11:53","guid":{"rendered":"http:\/\/www.rtvnoticias.com.ar\/?p=46932"},"modified":"2025-09-24T18:11:58","modified_gmt":"2025-09-24T21:11:58","slug":"el-juicio-por-la-muerte-de-lia-falcon-ya-tiene-fecha-y-sera-publico","status":"publish","type":"post","link":"http:\/\/www.rtvnoticias.com.ar\/?p=46932","title":{"rendered":"El juicio por la muerte de L\u00eda Falc\u00f3n ya tiene fecha y ser\u00e1 p\u00fablico"},"content":{"rendered":"\n<p>El Tribunal de Audiencia de Santa Rosa confirm\u00f3 este mi\u00e9rcoles las fechas del juicio oral y p\u00fablico contra Francisco Rold\u00e1n, el conductor acusado de provocar la muerte de L\u00eda Falc\u00f3n, la joven estudiante de 22 a\u00f1os que fue atropellada en enero pasado en la avenida circunvalaci\u00f3n Santiago Marzo. El proceso judicial se llevar\u00e1 a cabo los d\u00edas 21, 22, 23, 24 y 27 de octubre, seg\u00fan inform\u00f3 Alejandra Falc\u00f3n, madre de la v\u00edctima.<\/p>\n\n\n\n<p>El siniestro ocurri\u00f3 el 16 de enero, alrededor de las 17 horas, en la intersecci\u00f3n de Santiago Marzo y Cavero, en la capital pampeana. Seg\u00fan la investigaci\u00f3n liderada por el fiscal Marcos Sacco, Rold\u00e1n circulaba a una velocidad estimada de entre 99 y 117 km\/h \u2014muy por encima del l\u00edmite permitido de 60 km\/h\u2014 y pas\u00f3 un sem\u00e1foro en rojo mientras manipulaba su tel\u00e9fono celular. Su veh\u00edculo, un Ford Falcon, impact\u00f3 a L\u00eda cuando cruzaba la avenida, la arrastr\u00f3 sobre el cap\u00f3 durante 30 metros y se detuvo reci\u00e9n a m\u00e1s de 110 metros del lugar del impacto. La joven fue trasladada de urgencia al Hospital Favaloro, donde falleci\u00f3 poco despu\u00e9s.<\/p>\n\n\n\n<p>La causa fue caratulada como \u201chomicidio culposo por conducci\u00f3n imprudente, negligente y antirreglamentaria, agravado por pasar en rojo y por conducir en exceso de velocidad\u201d. Pese a los intentos de la defensa por modificar esa calificaci\u00f3n, tanto el Tribunal de Impugnaci\u00f3n Penal como el Superior Tribunal de Justicia de La Pampa ratificaron la acusaci\u00f3n.<\/p>\n\n\n\n<p>Rold\u00e1n se encuentra actualmente cumpliendo prisi\u00f3n domiciliaria, una medida que fue duramente cuestionada por la familia de la v\u00edctima. \u201cTodo fue una estrategia para evitar la c\u00e1rcel, incluso en caso de condena\u201d, sostienen desde su entorno.<\/p>\n\n\n\n<p><strong>La carta de una madre y el pedido de justicia<\/strong><\/p>\n\n\n\n<p>En una carta abierta que se viraliz\u00f3 en redes sociales, Alejandra Falc\u00f3n expres\u00f3 su profundo dolor y su deseo de que el juicio sirva como punto de inflexi\u00f3n. \u201c\u00bfEra necesario pasar el sem\u00e1foro en rojo? \u00bfManipulando el celular? \u00bfIr a esa velocidad? \u00bfPor qu\u00e9 me mataste a L\u00eda?\u201d, escribi\u00f3, en un mensaje dirigido directamente al acusado.<\/p>\n\n\n\n<p>Tambi\u00e9n agradeci\u00f3 la labor del fiscal Sacco y de su abogada, Aldana Prost, y destac\u00f3 que el juicio haya sido programado en tiempo r\u00e9cord. \u201cEstamos agradecidas. Gracias por la empat\u00eda\u201d, expres\u00f3.<\/p>\n\n\n\n<p>Pero su mensaje fue m\u00e1s all\u00e1 del caso puntual: \u201cNo lo hacemos solo por L\u00eda, sino para que no haya m\u00e1s L\u00edas. Por eso tambi\u00e9n festejamos la media sanci\u00f3n del cambio del C\u00f3digo Penal\u201d, se\u00f1al\u00f3, en referencia al proyecto que busca endurecer las penas por delitos viales.<\/p>\n\n\n\n<p>Alejandra sostuvo que lo ocurrido no fue un simple accidente: para ella, se trat\u00f3 de un homicidio con dolo eventual, una figura legal que implica que el conductor fue consciente del riesgo que asum\u00eda. \u201cLleg\u00f3 la hora de vernos cara a cara y que vea a qui\u00e9n le mat\u00f3 una hija. Hoy y siempre, todos somos L\u00eda, la voz que Rold\u00e1n call\u00f3\u201d, concluy\u00f3.<\/p>\n<div class=\"sharedaddy sd-sharing-enabled\"><div class=\"robots-nocontent sd-block sd-social sd-social-icon sd-sharing\"><h3 class=\"sd-title\">Comparte esto:<\/h3><div class=\"sd-content\"><ul><li class=\"share-twitter\"><a rel=\"nofollow noopener noreferrer\" data-shared=\"sharing-twitter-46932\" class=\"share-twitter sd-button share-icon no-text\" href=\"http:\/\/www.rtvnoticias.com.ar\/?p=46932&amp;share=twitter\" target=\"_blank\" title=\"Haz clic para compartir en Twitter\"><span><\/span><span class=\"sharing-screen-reader-text\">Haz clic para compartir en Twitter (Se abre en una ventana nueva)<\/span><\/a><\/li><li class=\"share-facebook\"><a rel=\"nofollow noopener noreferrer\" data-shared=\"sharing-facebook-46932\" class=\"share-facebook sd-button share-icon no-text\" href=\"http:\/\/www.rtvnoticias.com.ar\/?p=46932&amp;share=facebook\" target=\"_blank\" title=\"Haz clic para compartir en Facebook\"><span><\/span><span class=\"sharing-screen-reader-text\">Haz clic para compartir en Facebook (Se abre en una ventana nueva)<\/span><\/a><\/li><li class=\"share-jetpack-whatsapp\"><a rel=\"nofollow noopener noreferrer\" data-shared=\"\" class=\"share-jetpack-whatsapp sd-button share-icon no-text\" href=\"http:\/\/www.rtvnoticias.com.ar\/?p=46932&amp;share=jetpack-whatsapp\" target=\"_blank\" title=\"Haz clic para compartir en WhatsApp\"><span><\/span><span class=\"sharing-screen-reader-text\">Haz clic para compartir en WhatsApp (Se abre en una ventana nueva)<\/span><\/a><\/li><li class=\"share-telegram\"><a rel=\"nofollow noopener noreferrer\" data-shared=\"\" class=\"share-telegram sd-button share-icon no-text\" href=\"http:\/\/www.rtvnoticias.com.ar\/?p=46932&amp;share=telegram\" target=\"_blank\" title=\"Haz clic para compartir en Telegram\"><span><\/span><span class=\"sharing-screen-reader-text\">Haz clic para compartir en Telegram (Se abre en una ventana nueva)<\/span><\/a><\/li><li class=\"share-end\"><\/li><\/ul><\/div><\/div><\/div>","protected":false},"excerpt":{"rendered":"<p>El Tribunal de Audiencia de Santa Rosa confirm\u00f3 este mi\u00e9rcoles las fechas del juicio oral y p\u00fablico contra Francisco Rold\u00e1n, el conductor acusado de provocar<\/p>\n<div class=\"sharedaddy sd-sharing-enabled\"><div class=\"robots-nocontent sd-block sd-social sd-social-icon sd-sharing\"><h3 class=\"sd-title\">Comparte esto:<\/h3><div class=\"sd-content\"><ul><li class=\"share-twitter\"><a rel=\"nofollow noopener noreferrer\" data-shared=\"sharing-twitter-46932\" class=\"share-twitter sd-button share-icon no-text\" href=\"http:\/\/www.rtvnoticias.com.ar\/?p=46932&amp;share=twitter\" target=\"_blank\" title=\"Haz clic para compartir en Twitter\"><span><\/span><span class=\"sharing-screen-reader-text\">Haz clic para compartir en Twitter (Se abre en una ventana nueva)<\/span><\/a><\/li><li class=\"share-facebook\"><a rel=\"nofollow noopener noreferrer\" data-shared=\"sharing-facebook-46932\" class=\"share-facebook sd-button share-icon no-text\" href=\"http:\/\/www.rtvnoticias.com.ar\/?p=46932&amp;share=facebook\" target=\"_blank\" title=\"Haz clic para compartir en Facebook\"><span><\/span><span class=\"sharing-screen-reader-text\">Haz clic para compartir en Facebook (Se abre en una ventana nueva)<\/span><\/a><\/li><li class=\"share-jetpack-whatsapp\"><a rel=\"nofollow noopener noreferrer\" data-shared=\"\" class=\"share-jetpack-whatsapp sd-button share-icon no-text\" href=\"http:\/\/www.rtvnoticias.com.ar\/?p=46932&amp;share=jetpack-whatsapp\" target=\"_blank\" title=\"Haz clic para compartir en WhatsApp\"><span><\/span><span class=\"sharing-screen-reader-text\">Haz clic para compartir en WhatsApp (Se abre en una ventana nueva)<\/span><\/a><\/li><li class=\"share-telegram\"><a rel=\"nofollow noopener noreferrer\" data-shared=\"\" class=\"share-telegram sd-button share-icon no-text\" href=\"http:\/\/www.rtvnoticias.com.ar\/?p=46932&amp;share=telegram\" target=\"_blank\" title=\"Haz clic para compartir en Telegram\"><span><\/span><span class=\"sharing-screen-reader-text\">Haz clic para compartir en Telegram (Se abre en una ventana nueva)<\/span><\/a><\/li><li class=\"share-end\"><\/li><\/ul><\/div><\/div><\/div>","protected":false},"author":7,"featured_media":46933,"comment_status":"closed","ping_status":"closed","sticky":false,"template":"","format":"standard","meta":{"spay_email":"","jetpack_publicize_message":"","jetpack_is_tweetstorm":false,"jetpack_publicize_feature_enabled":true},"categories":[4],"tags":[],"jetpack_featured_media_url":"http:\/\/www.rtvnoticias.com.ar\/wp-content\/uploads\/2025\/09\/falconliacasoliafalconmarcha2025-2.jpg","jetpack_publicize_connections":[],"jetpack_sharing_enabled":true,"_links":{"self":[{"href":"http:\/\/www.rtvnoticias.com.ar\/index.php?rest_route=\/wp\/v2\/posts\/46932"}],"collection":[{"href":"http:\/\/www.rtvnoticias.com.ar\/index.php?rest_route=\/wp\/v2\/posts"}],"about":[{"href":"http:\/\/www.rtvnoticias.com.ar\/index.php?rest_route=\/wp\/v2\/types\/post"}],"author":[{"embeddable":true,"href":"http:\/\/www.rtvnoticias.com.ar\/index.php?rest_route=\/wp\/v2\/users\/7"}],"replies":[{"embeddable":true,"href":"http:\/\/www.rtvnoticias.com.ar\/index.php?rest_route=%2Fwp%2Fv2%2Fcomments&post=46932"}],"version-history":[{"count":1,"href":"http:\/\/www.rtvnoticias.com.ar\/index.php?rest_route=\/wp\/v2\/posts\/46932\/revisions"}],"predecessor-version":[{"id":46934,"href":"http:\/\/www.rtvnoticias.com.ar\/index.php?rest_route=\/wp\/v2\/posts\/46932\/revisions\/46934"}],"wp:featuredmedia":[{"embeddable":true,"href":"http:\/\/www.rtvnoticias.com.ar\/index.php?rest_route=\/wp\/v2\/media\/46933"}],"wp:attachment":[{"href":"http:\/\/www.rtvnoticias.com.ar\/index.php?rest_route=%2Fwp%2Fv2%2Fmedia&parent=46932"}],"wp:term":[{"taxonomy":"category","embeddable":true,"href":"http:\/\/www.rtvnoticias.com.ar\/index.php?rest_route=%2Fwp%2Fv2%2Fcategories&post=46932"},{"taxonomy":"post_tag","embeddable":true,"href":"http:\/\/www.rtvnoticias.com.ar\/index.php?rest_route=%2Fwp%2Fv2%2Ftags&post=46932"}],"curies":[{"name":"wp","href":"https:\/\/api.w.org\/{rel}","templated":true}]}}