{"id":46941,"date":"2025-09-25T06:57:00","date_gmt":"2025-09-25T09:57:00","guid":{"rendered":"http:\/\/www.rtvnoticias.com.ar\/?p=46941"},"modified":"2025-09-24T20:00:54","modified_gmt":"2025-09-24T23:00:54","slug":"capacitacion-a-profesionales-y-choferes-en-la-previa-de-los-juegos-de-la-araucania-2025","status":"publish","type":"post","link":"http:\/\/www.rtvnoticias.com.ar\/?p=46941","title":{"rendered":"Capacitaci\u00f3n a profesionales y choferes en la previa de los Juegos de la Araucan\u00eda 2025"},"content":{"rendered":"\n<p>La Coordinaci\u00f3n de Desastres y Emergencias Sanitarias, denominada (CODES), del Ministerio de Salud del Gobierno de La Pampa comenz\u00f3 recientemente con las capacitaciones en el Hospital Ludio Molas con vistas a las Juegos Binacionales de la Araucan\u00eda, a realizarse en diferentes localidades de esta Provincia desde el 6 al 12 de diciembre.<\/p>\n\n\n\n<p>La CODES inici\u00f3 la formaci\u00f3n de los y las enfermeras, del cuerpo m\u00e9dico y de los conductores de ambulancias, pensando en los juegos deportivos de la Araucan\u00eda teniendo en cuenta las disciplinas, sus particularidades y los riesgos que pueden existir en ellas. <\/p>\n\n\n\n<p>El coordinador, Juan Barbero, tuvo a cargo la bienvenida y explic\u00f3 en qu\u00e9 consisten las capacitaciones en primeros auxilios y emergencias sanitarias en eventos deportivos, que est\u00e1n dirigidas al\u00a0 personal a desempe\u00f1arse en dichos Juegos Binacionales de Argentina y Chile.\u00a0<\/p>\n\n\n\n<p>\u201cIniciamos con una nueva formaci\u00f3n educativa, esta vez dirigida para las personas que integrar\u00e1n los equipos para la Araucan\u00eda en busca de brindar un servicio de excelencia, teniendo en cuenta los deportes en los que se competir\u00e1\u201d,\u00a0 dijo Barbero a la Agencia Provincial de Noticias.<\/p>\n\n\n\n<p>El m\u00e9dico destac\u00f3 la prensecia en la apertura de la capacitaci\u00f3n, del director General de Deportes de la Subsecretar\u00eda de Deportes, Recreaci\u00f3n y Turismo Social del Ministerio de Desarrollo Social y Derechos Humanos, Alejandro Bagatto, como as\u00ed tambi\u00e9n de todo el personal que trabaja en CODES. <\/p>\n\n\n\n<p>\u201cLa tarea de formaci\u00f3n estar\u00e1 a cargo del equipo docente, que cuentan con una vasta experiencia en cubrir santariamente competencias deportivas, y que compartir\u00e1n la din\u00e1mica necesaria para realizar el trabajo\u201d.\u00a0<\/p>\n\n\n\n<p>Bagatto agradeci\u00f3 la invitaci\u00f3n, resalt\u00f3 el trabajo que viene realizando la Coordinaci\u00f3n en los eventos deportivos que se realizan en la Provincia\u201d, al tiempo que enfatiz\u00f3 que \u201cnos sentimos muy tranquilos por el compromiso y el profesionalismo que brinda la CODES en las competencias tanto locales, nacionales e internacionales, como ser\u00e1n los Juegos de la Araucan\u00eda\u201d.<\/p>\n<div class=\"sharedaddy sd-sharing-enabled\"><div class=\"robots-nocontent sd-block sd-social sd-social-icon sd-sharing\"><h3 class=\"sd-title\">Comparte esto:<\/h3><div class=\"sd-content\"><ul><li class=\"share-twitter\"><a rel=\"nofollow noopener noreferrer\" data-shared=\"sharing-twitter-46941\" class=\"share-twitter sd-button share-icon no-text\" href=\"http:\/\/www.rtvnoticias.com.ar\/?p=46941&amp;share=twitter\" target=\"_blank\" title=\"Haz clic para compartir en Twitter\"><span><\/span><span class=\"sharing-screen-reader-text\">Haz clic para compartir en Twitter (Se abre en una ventana nueva)<\/span><\/a><\/li><li class=\"share-facebook\"><a rel=\"nofollow noopener noreferrer\" data-shared=\"sharing-facebook-46941\" class=\"share-facebook sd-button share-icon no-text\" href=\"http:\/\/www.rtvnoticias.com.ar\/?p=46941&amp;share=facebook\" target=\"_blank\" title=\"Haz clic para compartir en Facebook\"><span><\/span><span class=\"sharing-screen-reader-text\">Haz clic para compartir en Facebook (Se abre en una ventana nueva)<\/span><\/a><\/li><li class=\"share-jetpack-whatsapp\"><a rel=\"nofollow noopener noreferrer\" data-shared=\"\" class=\"share-jetpack-whatsapp sd-button share-icon no-text\" href=\"http:\/\/www.rtvnoticias.com.ar\/?p=46941&amp;share=jetpack-whatsapp\" target=\"_blank\" title=\"Haz clic para compartir en WhatsApp\"><span><\/span><span class=\"sharing-screen-reader-text\">Haz clic para compartir en WhatsApp (Se abre en una ventana nueva)<\/span><\/a><\/li><li class=\"share-telegram\"><a rel=\"nofollow noopener noreferrer\" data-shared=\"\" class=\"share-telegram sd-button share-icon no-text\" href=\"http:\/\/www.rtvnoticias.com.ar\/?p=46941&amp;share=telegram\" target=\"_blank\" title=\"Haz clic para compartir en Telegram\"><span><\/span><span class=\"sharing-screen-reader-text\">Haz clic para compartir en Telegram (Se abre en una ventana nueva)<\/span><\/a><\/li><li class=\"share-end\"><\/li><\/ul><\/div><\/div><\/div>","protected":false},"excerpt":{"rendered":"<p>La Coordinaci\u00f3n de Desastres y Emergencias Sanitarias, denominada (CODES), del Ministerio de Salud del Gobierno de La Pampa comenz\u00f3 recientemente con las capacitaciones en el<\/p>\n<div class=\"sharedaddy sd-sharing-enabled\"><div class=\"robots-nocontent sd-block sd-social sd-social-icon sd-sharing\"><h3 class=\"sd-title\">Comparte esto:<\/h3><div class=\"sd-content\"><ul><li class=\"share-twitter\"><a rel=\"nofollow noopener noreferrer\" data-shared=\"sharing-twitter-46941\" class=\"share-twitter sd-button share-icon no-text\" href=\"http:\/\/www.rtvnoticias.com.ar\/?p=46941&amp;share=twitter\" target=\"_blank\" title=\"Haz clic para compartir en Twitter\"><span><\/span><span class=\"sharing-screen-reader-text\">Haz clic para compartir en Twitter (Se abre en una ventana nueva)<\/span><\/a><\/li><li class=\"share-facebook\"><a rel=\"nofollow noopener noreferrer\" data-shared=\"sharing-facebook-46941\" class=\"share-facebook sd-button share-icon no-text\" href=\"http:\/\/www.rtvnoticias.com.ar\/?p=46941&amp;share=facebook\" target=\"_blank\" title=\"Haz clic para compartir en Facebook\"><span><\/span><span class=\"sharing-screen-reader-text\">Haz clic para compartir en Facebook (Se abre en una ventana nueva)<\/span><\/a><\/li><li class=\"share-jetpack-whatsapp\"><a rel=\"nofollow noopener noreferrer\" data-shared=\"\" class=\"share-jetpack-whatsapp sd-button share-icon no-text\" href=\"http:\/\/www.rtvnoticias.com.ar\/?p=46941&amp;share=jetpack-whatsapp\" target=\"_blank\" title=\"Haz clic para compartir en WhatsApp\"><span><\/span><span class=\"sharing-screen-reader-text\">Haz clic para compartir en WhatsApp (Se abre en una ventana nueva)<\/span><\/a><\/li><li class=\"share-telegram\"><a rel=\"nofollow noopener noreferrer\" data-shared=\"\" class=\"share-telegram sd-button share-icon no-text\" href=\"http:\/\/www.rtvnoticias.com.ar\/?p=46941&amp;share=telegram\" target=\"_blank\" title=\"Haz clic para compartir en Telegram\"><span><\/span><span class=\"sharing-screen-reader-text\">Haz clic para compartir en Telegram (Se abre en una ventana nueva)<\/span><\/a><\/li><li class=\"share-end\"><\/li><\/ul><\/div><\/div><\/div>","protected":false},"author":5,"featured_media":46942,"comment_status":"closed","ping_status":"closed","sticky":false,"template":"","format":"standard","meta":{"spay_email":"","jetpack_publicize_message":"","jetpack_is_tweetstorm":false,"jetpack_publicize_feature_enabled":true},"categories":[4],"tags":[5601],"jetpack_featured_media_url":"http:\/\/www.rtvnoticias.com.ar\/wp-content\/uploads\/2025\/09\/choferes-capacitacion.jpg","jetpack_publicize_connections":[],"jetpack_sharing_enabled":true,"_links":{"self":[{"href":"http:\/\/www.rtvnoticias.com.ar\/index.php?rest_route=\/wp\/v2\/posts\/46941"}],"collection":[{"href":"http:\/\/www.rtvnoticias.com.ar\/index.php?rest_route=\/wp\/v2\/posts"}],"about":[{"href":"http:\/\/www.rtvnoticias.com.ar\/index.php?rest_route=\/wp\/v2\/types\/post"}],"author":[{"embeddable":true,"href":"http:\/\/www.rtvnoticias.com.ar\/index.php?rest_route=\/wp\/v2\/users\/5"}],"replies":[{"embeddable":true,"href":"http:\/\/www.rtvnoticias.com.ar\/index.php?rest_route=%2Fwp%2Fv2%2Fcomments&post=46941"}],"version-history":[{"count":1,"href":"http:\/\/www.rtvnoticias.com.ar\/index.php?rest_route=\/wp\/v2\/posts\/46941\/revisions"}],"predecessor-version":[{"id":46943,"href":"http:\/\/www.rtvnoticias.com.ar\/index.php?rest_route=\/wp\/v2\/posts\/46941\/revisions\/46943"}],"wp:featuredmedia":[{"embeddable":true,"href":"http:\/\/www.rtvnoticias.com.ar\/index.php?rest_route=\/wp\/v2\/media\/46942"}],"wp:attachment":[{"href":"http:\/\/www.rtvnoticias.com.ar\/index.php?rest_route=%2Fwp%2Fv2%2Fmedia&parent=46941"}],"wp:term":[{"taxonomy":"category","embeddable":true,"href":"http:\/\/www.rtvnoticias.com.ar\/index.php?rest_route=%2Fwp%2Fv2%2Fcategories&post=46941"},{"taxonomy":"post_tag","embeddable":true,"href":"http:\/\/www.rtvnoticias.com.ar\/index.php?rest_route=%2Fwp%2Fv2%2Ftags&post=46941"}],"curies":[{"name":"wp","href":"https:\/\/api.w.org\/{rel}","templated":true}]}}