{"id":46947,"date":"2025-09-25T11:31:27","date_gmt":"2025-09-25T14:31:27","guid":{"rendered":"http:\/\/www.rtvnoticias.com.ar\/?p=46947"},"modified":"2025-09-25T12:22:25","modified_gmt":"2025-09-25T15:22:25","slug":"ziliotto-participa-en-bariloche-del-xxvii-foro-iberoamericano-de-garantias-y-financiamiento-para-pymes","status":"publish","type":"post","link":"http:\/\/www.rtvnoticias.com.ar\/?p=46947","title":{"rendered":"Ziliotto participa en Bariloche del XXVII Foro Iberoamericano de Garant\u00edas y Financiamiento para PYMEs"},"content":{"rendered":"\n<p>Con eje en el desarrollo federal y el fortalecimiento de las peque\u00f1as y medianas empresas, el gobernador Sergio Ziliotto participa en Bariloche del XXVIII Foro Iberoamericano de Garant\u00edas y Financiamiento para PYMEs, junto a referentes internacionales del sistema de cr\u00e9dito y organismos multilaterales. <\/p>\n\n\n\n<p>El gobernador de La Pampa, Sergio Ziliotto, formar\u00e1 parte del XXVIII Foro Iberoamericano de Garant\u00edas y Financiamiento para PYMEs, un encuentro &nbsp;que se realiza en Bariloche y re\u00fane a m\u00e1s de 300 referentes internacionales de organismos multilaterales de cr\u00e9dito, entidades de garant\u00edas, bancos, autoridades regulatorias y representantes de gobiernos de toda Iberoam\u00e9rica.<\/p>\n\n\n\n<p>La presencia del mandatario pampeano se enmarca en la estrategia provincial de fortalecer el financiamiento productivo como pol\u00edtica de desarrollo federal, acompa\u00f1ando a las peque\u00f1as y medianas empresas en su crecimiento e inserci\u00f3n en cadenas de valor.<\/p>\n\n\n\n<p><strong>Un espacio estrat\u00e9gico<\/strong><\/p>\n\n\n\n<p>Organizado por el Gobierno de R\u00edo Negro, la Red Iberoamericana de Garant\u00edas (REGAR) y el Consejo Federal de Inversiones (CFI), el Foro se desarrollar\u00e1 del 24 al 26 de septiembre y abordar\u00e1 los principales desaf\u00edos vinculados al financiamiento productivo.<\/p>\n\n\n\n<p>Los ejes de debate incluir\u00e1n la importancia de las garant\u00edas en el desarrollo de las econom\u00edas regionales, los marcos normativos que favorecen la expansi\u00f3n de este sistema, la transformaci\u00f3n digital y la incorporaci\u00f3n de criterios verdes, sociales y de g\u00e9nero en los instrumentos financieros.<\/p>\n\n\n\n<p>El evento fue precedido este mi\u00e9rcoles por la Jornada de Financiamiento PYME \u201cFortalecer tu negocio y potenciar proyectos estrat\u00e9gicos\u201d, realizada en el Parque Productivo, Tecnol\u00f3gico e Industrial de Bariloche, que incluy\u00f3 la firma de un convenio entre el Fondo de Garant\u00edas R\u00edo Negro (FOGAR\u00cdO) y el Banco Patagonia, adem\u00e1s de presentaciones sobre l\u00edneas de financiamiento y un taller pr\u00e1ctico sobre acceso al mercado de capitales.<\/p>\n\n\n\n<p><strong>Agenda y presencia internacional<\/strong><\/p>\n\n\n\n<p>El Foro cuenta con m\u00e1s de 40 oradores provenientes de distintos pa\u00edses y paneles especializados que abordar\u00e1n tem\u00e1ticas como reafianzamiento, inclusi\u00f3n financiera, innovaci\u00f3n, experiencias exitosas en expansi\u00f3n de mercados PYME y el rol de los multilaterales en el fortalecimiento de los sistemas de garant\u00edas.<\/p>\n\n\n\n<p>La primera jornada del Foro comenzar\u00e1 este jueves 25 de septiembre con la ceremonia de apertura y una conferencia magistral sobre \u201cEl financiamiento y la inversi\u00f3n ante los desaf\u00edos de las nuevas econom\u00edas\u201d.<br>Posteriormente se desarrollar\u00e1 una mesa debate sobre el rol de las garant\u00edas en las econom\u00edas regionales y una conferencia espec\u00edfica sobre el sistema de garant\u00edas en Argentina. Por la tarde, los paneles estar\u00e1n dedicados a reafianzamiento y coavales, marcos normativos y transformaci\u00f3n digital, adem\u00e1s de talleres simult\u00e1neos sobre inclusi\u00f3n financiera, innovaci\u00f3n y financiamiento de infraestructura.<\/p>\n\n\n\n<p>El viernes 26, la actividad iniciar\u00e1 con la presentaci\u00f3n del Observatorio Estad\u00edstico de los Sistemas de Garant\u00edas de Iberoam\u00e9rica. Luego se suceder\u00e1n paneles sobre el papel de los organismos multilaterales en el fortalecimiento de las garant\u00edas, experiencias exitosas de expansi\u00f3n de cobertura para PYMEs y el avance de garant\u00edas con criterios verdes, sociales y de g\u00e9nero.<\/p>\n\n\n\n<p>La jornada se completar\u00e1 con una conferencia de cierre, talleres tem\u00e1ticos sobre riesgos, tecnolog\u00eda y mercados de capitales, la entrega de reconocimientos y el anuncio de la pr\u00f3xima sede del Foro.<\/p>\n<div class=\"sharedaddy sd-sharing-enabled\"><div class=\"robots-nocontent sd-block sd-social sd-social-icon sd-sharing\"><h3 class=\"sd-title\">Comparte esto:<\/h3><div class=\"sd-content\"><ul><li class=\"share-twitter\"><a rel=\"nofollow noopener noreferrer\" data-shared=\"sharing-twitter-46947\" class=\"share-twitter sd-button share-icon no-text\" href=\"http:\/\/www.rtvnoticias.com.ar\/?p=46947&amp;share=twitter\" target=\"_blank\" title=\"Haz clic para compartir en Twitter\"><span><\/span><span class=\"sharing-screen-reader-text\">Haz clic para compartir en Twitter (Se abre en una ventana nueva)<\/span><\/a><\/li><li class=\"share-facebook\"><a rel=\"nofollow noopener noreferrer\" data-shared=\"sharing-facebook-46947\" class=\"share-facebook sd-button share-icon no-text\" href=\"http:\/\/www.rtvnoticias.com.ar\/?p=46947&amp;share=facebook\" target=\"_blank\" title=\"Haz clic para compartir en Facebook\"><span><\/span><span class=\"sharing-screen-reader-text\">Haz clic para compartir en Facebook (Se abre en una ventana nueva)<\/span><\/a><\/li><li class=\"share-jetpack-whatsapp\"><a rel=\"nofollow noopener noreferrer\" data-shared=\"\" class=\"share-jetpack-whatsapp sd-button share-icon no-text\" href=\"http:\/\/www.rtvnoticias.com.ar\/?p=46947&amp;share=jetpack-whatsapp\" target=\"_blank\" title=\"Haz clic para compartir en WhatsApp\"><span><\/span><span class=\"sharing-screen-reader-text\">Haz clic para compartir en WhatsApp (Se abre en una ventana nueva)<\/span><\/a><\/li><li class=\"share-telegram\"><a rel=\"nofollow noopener noreferrer\" data-shared=\"\" class=\"share-telegram sd-button share-icon no-text\" href=\"http:\/\/www.rtvnoticias.com.ar\/?p=46947&amp;share=telegram\" target=\"_blank\" title=\"Haz clic para compartir en Telegram\"><span><\/span><span class=\"sharing-screen-reader-text\">Haz clic para compartir en Telegram (Se abre en una ventana nueva)<\/span><\/a><\/li><li class=\"share-end\"><\/li><\/ul><\/div><\/div><\/div>","protected":false},"excerpt":{"rendered":"<p>Con eje en el desarrollo federal y el fortalecimiento de las peque\u00f1as y medianas empresas, el gobernador Sergio Ziliotto participa en Bariloche del XXVIII Foro<\/p>\n<div class=\"sharedaddy sd-sharing-enabled\"><div class=\"robots-nocontent sd-block sd-social sd-social-icon sd-sharing\"><h3 class=\"sd-title\">Comparte esto:<\/h3><div class=\"sd-content\"><ul><li class=\"share-twitter\"><a rel=\"nofollow noopener noreferrer\" data-shared=\"sharing-twitter-46947\" class=\"share-twitter sd-button share-icon no-text\" href=\"http:\/\/www.rtvnoticias.com.ar\/?p=46947&amp;share=twitter\" target=\"_blank\" title=\"Haz clic para compartir en Twitter\"><span><\/span><span class=\"sharing-screen-reader-text\">Haz clic para compartir en Twitter (Se abre en una ventana nueva)<\/span><\/a><\/li><li class=\"share-facebook\"><a rel=\"nofollow noopener noreferrer\" data-shared=\"sharing-facebook-46947\" class=\"share-facebook sd-button share-icon no-text\" href=\"http:\/\/www.rtvnoticias.com.ar\/?p=46947&amp;share=facebook\" target=\"_blank\" title=\"Haz clic para compartir en Facebook\"><span><\/span><span class=\"sharing-screen-reader-text\">Haz clic para compartir en Facebook (Se abre en una ventana nueva)<\/span><\/a><\/li><li class=\"share-jetpack-whatsapp\"><a rel=\"nofollow noopener noreferrer\" data-shared=\"\" class=\"share-jetpack-whatsapp sd-button share-icon no-text\" href=\"http:\/\/www.rtvnoticias.com.ar\/?p=46947&amp;share=jetpack-whatsapp\" target=\"_blank\" title=\"Haz clic para compartir en WhatsApp\"><span><\/span><span class=\"sharing-screen-reader-text\">Haz clic para compartir en WhatsApp (Se abre en una ventana nueva)<\/span><\/a><\/li><li class=\"share-telegram\"><a rel=\"nofollow noopener noreferrer\" data-shared=\"\" class=\"share-telegram sd-button share-icon no-text\" href=\"http:\/\/www.rtvnoticias.com.ar\/?p=46947&amp;share=telegram\" target=\"_blank\" title=\"Haz clic para compartir en Telegram\"><span><\/span><span class=\"sharing-screen-reader-text\">Haz clic para compartir en Telegram (Se abre en una ventana nueva)<\/span><\/a><\/li><li class=\"share-end\"><\/li><\/ul><\/div><\/div><\/div>","protected":false},"author":5,"featured_media":46948,"comment_status":"closed","ping_status":"closed","sticky":false,"template":"","format":"standard","meta":{"spay_email":"","jetpack_publicize_message":"","jetpack_is_tweetstorm":false,"jetpack_publicize_feature_enabled":true},"categories":[5],"tags":[5603],"jetpack_featured_media_url":"http:\/\/www.rtvnoticias.com.ar\/wp-content\/uploads\/2025\/09\/ziliotto-bariloche.jpg","jetpack_publicize_connections":[],"jetpack_sharing_enabled":true,"_links":{"self":[{"href":"http:\/\/www.rtvnoticias.com.ar\/index.php?rest_route=\/wp\/v2\/posts\/46947"}],"collection":[{"href":"http:\/\/www.rtvnoticias.com.ar\/index.php?rest_route=\/wp\/v2\/posts"}],"about":[{"href":"http:\/\/www.rtvnoticias.com.ar\/index.php?rest_route=\/wp\/v2\/types\/post"}],"author":[{"embeddable":true,"href":"http:\/\/www.rtvnoticias.com.ar\/index.php?rest_route=\/wp\/v2\/users\/5"}],"replies":[{"embeddable":true,"href":"http:\/\/www.rtvnoticias.com.ar\/index.php?rest_route=%2Fwp%2Fv2%2Fcomments&post=46947"}],"version-history":[{"count":2,"href":"http:\/\/www.rtvnoticias.com.ar\/index.php?rest_route=\/wp\/v2\/posts\/46947\/revisions"}],"predecessor-version":[{"id":46950,"href":"http:\/\/www.rtvnoticias.com.ar\/index.php?rest_route=\/wp\/v2\/posts\/46947\/revisions\/46950"}],"wp:featuredmedia":[{"embeddable":true,"href":"http:\/\/www.rtvnoticias.com.ar\/index.php?rest_route=\/wp\/v2\/media\/46948"}],"wp:attachment":[{"href":"http:\/\/www.rtvnoticias.com.ar\/index.php?rest_route=%2Fwp%2Fv2%2Fmedia&parent=46947"}],"wp:term":[{"taxonomy":"category","embeddable":true,"href":"http:\/\/www.rtvnoticias.com.ar\/index.php?rest_route=%2Fwp%2Fv2%2Fcategories&post=46947"},{"taxonomy":"post_tag","embeddable":true,"href":"http:\/\/www.rtvnoticias.com.ar\/index.php?rest_route=%2Fwp%2Fv2%2Ftags&post=46947"}],"curies":[{"name":"wp","href":"https:\/\/api.w.org\/{rel}","templated":true}]}}