{"id":46951,"date":"2025-09-26T01:22:11","date_gmt":"2025-09-26T04:22:11","guid":{"rendered":"http:\/\/www.rtvnoticias.com.ar\/?p=46951"},"modified":"2025-09-26T01:22:15","modified_gmt":"2025-09-26T04:22:15","slug":"convocan-a-marchas-en-general-pico-y-santa-rosa-por-el-triple-femicidio-de-florencio-varela","status":"publish","type":"post","link":"http:\/\/www.rtvnoticias.com.ar\/?p=46951","title":{"rendered":"Convocan a marchas en General Pico y Santa Rosa por el triple femicidio de Florencio Varela"},"content":{"rendered":"\n<p>Organizaciones sociales y pol\u00edticas pampeanas llamaron a movilizarse este s\u00e1bado en Santa Rosa y General Pico para exigir justicia por el brutal triple femicidio de Morena Verdi (20), Brenda Del Castillo (20) y Lara Guti\u00e9rrez (15), ocurrido en Florencio Varela la semana pasada y cuyos cuerpos fueron encontrados el mi\u00e9rcoles.<\/p>\n\n\n\n<p>Bajo la consigna \u201cNo hay v\u00edctimas ni buenas ni malas, hay femicidios\u201d, la agrupaci\u00f3n Pan y Rosas expres\u00f3: \u201cM\u00e1s que pasarnos tres pueblos, nos quedamos cortas. Convirtamos el dolor y la bronca en manifestaci\u00f3n y organizaci\u00f3n\u201d.<\/p>\n\n\n\n<p>En Santa Rosa, la convocatoria ser\u00e1 a partir de las 17 en la Plaza San Mart\u00edn. En General Pico, en tanto, la concentraci\u00f3n est\u00e1 prevista desde las 16 en la misma plaza, organizada por la Asamblea de Mujeres y Disidencias.<\/p>\n\n\n\n<p>Desde Pan y Rosas denunciaron la demora en la b\u00fasqueda de las j\u00f3venes: \u201cLas chicas fueron vistas por \u00faltima vez el viernes por la noche. Familiares, amigos y vecinos vienen reclamando hace d\u00edas en la calle exigiendo respuestas del Estado. La Polic\u00eda Bonaerense tard\u00f3 48 horas en empezar a buscarlas y no se activ\u00f3 la alerta Sof\u00eda\u201d.<\/p>\n\n\n\n<p>Mientras tanto, los cuatro acusados por los femicidios \u2014Miguel \u00c1ngel Villanueva Silva (25), Mar\u00eda Celeste Gonz\u00e1lez Guerrero (28), Daniela Iara Ibarra (19) y Maximiliano Andr\u00e9s Parra (18)\u2014 se negaron a declarar este jueves.<\/p>\n\n\n\n<p>El fiscal de la causa orden\u00f3 que los dos hombres y las dos mujeres permanezcan detenidos bajo la imputaci\u00f3n de \u201chomicidio calificado por el concurso premeditado de dos o m\u00e1s personas, alevos\u00eda, ensa\u00f1amiento y por haber sido cometido por un hombre contra una mujer mediando violencia de g\u00e9nero\u201d.<\/p>\n<div class=\"sharedaddy sd-sharing-enabled\"><div class=\"robots-nocontent sd-block sd-social sd-social-icon sd-sharing\"><h3 class=\"sd-title\">Comparte esto:<\/h3><div class=\"sd-content\"><ul><li class=\"share-twitter\"><a rel=\"nofollow noopener noreferrer\" data-shared=\"sharing-twitter-46951\" class=\"share-twitter sd-button share-icon no-text\" href=\"http:\/\/www.rtvnoticias.com.ar\/?p=46951&amp;share=twitter\" target=\"_blank\" title=\"Haz clic para compartir en Twitter\"><span><\/span><span class=\"sharing-screen-reader-text\">Haz clic para compartir en Twitter (Se abre en una ventana nueva)<\/span><\/a><\/li><li class=\"share-facebook\"><a rel=\"nofollow noopener noreferrer\" data-shared=\"sharing-facebook-46951\" class=\"share-facebook sd-button share-icon no-text\" href=\"http:\/\/www.rtvnoticias.com.ar\/?p=46951&amp;share=facebook\" target=\"_blank\" title=\"Haz clic para compartir en Facebook\"><span><\/span><span class=\"sharing-screen-reader-text\">Haz clic para compartir en Facebook (Se abre en una ventana nueva)<\/span><\/a><\/li><li class=\"share-jetpack-whatsapp\"><a rel=\"nofollow noopener noreferrer\" data-shared=\"\" class=\"share-jetpack-whatsapp sd-button share-icon no-text\" href=\"http:\/\/www.rtvnoticias.com.ar\/?p=46951&amp;share=jetpack-whatsapp\" target=\"_blank\" title=\"Haz clic para compartir en WhatsApp\"><span><\/span><span class=\"sharing-screen-reader-text\">Haz clic para compartir en WhatsApp (Se abre en una ventana nueva)<\/span><\/a><\/li><li class=\"share-telegram\"><a rel=\"nofollow noopener noreferrer\" data-shared=\"\" class=\"share-telegram sd-button share-icon no-text\" href=\"http:\/\/www.rtvnoticias.com.ar\/?p=46951&amp;share=telegram\" target=\"_blank\" title=\"Haz clic para compartir en Telegram\"><span><\/span><span class=\"sharing-screen-reader-text\">Haz clic para compartir en Telegram (Se abre en una ventana nueva)<\/span><\/a><\/li><li class=\"share-end\"><\/li><\/ul><\/div><\/div><\/div>","protected":false},"excerpt":{"rendered":"<p>Organizaciones sociales y pol\u00edticas pampeanas llamaron a movilizarse este s\u00e1bado en Santa Rosa y General Pico para exigir justicia por el brutal triple femicidio de<\/p>\n<div class=\"sharedaddy sd-sharing-enabled\"><div class=\"robots-nocontent sd-block sd-social sd-social-icon sd-sharing\"><h3 class=\"sd-title\">Comparte esto:<\/h3><div class=\"sd-content\"><ul><li class=\"share-twitter\"><a rel=\"nofollow noopener noreferrer\" data-shared=\"sharing-twitter-46951\" class=\"share-twitter sd-button share-icon no-text\" href=\"http:\/\/www.rtvnoticias.com.ar\/?p=46951&amp;share=twitter\" target=\"_blank\" title=\"Haz clic para compartir en Twitter\"><span><\/span><span class=\"sharing-screen-reader-text\">Haz clic para compartir en Twitter (Se abre en una ventana nueva)<\/span><\/a><\/li><li class=\"share-facebook\"><a rel=\"nofollow noopener noreferrer\" data-shared=\"sharing-facebook-46951\" class=\"share-facebook sd-button share-icon no-text\" href=\"http:\/\/www.rtvnoticias.com.ar\/?p=46951&amp;share=facebook\" target=\"_blank\" title=\"Haz clic para compartir en Facebook\"><span><\/span><span class=\"sharing-screen-reader-text\">Haz clic para compartir en Facebook (Se abre en una ventana nueva)<\/span><\/a><\/li><li class=\"share-jetpack-whatsapp\"><a rel=\"nofollow noopener noreferrer\" data-shared=\"\" class=\"share-jetpack-whatsapp sd-button share-icon no-text\" href=\"http:\/\/www.rtvnoticias.com.ar\/?p=46951&amp;share=jetpack-whatsapp\" target=\"_blank\" title=\"Haz clic para compartir en WhatsApp\"><span><\/span><span class=\"sharing-screen-reader-text\">Haz clic para compartir en WhatsApp (Se abre en una ventana nueva)<\/span><\/a><\/li><li class=\"share-telegram\"><a rel=\"nofollow noopener noreferrer\" data-shared=\"\" class=\"share-telegram sd-button share-icon no-text\" href=\"http:\/\/www.rtvnoticias.com.ar\/?p=46951&amp;share=telegram\" target=\"_blank\" title=\"Haz clic para compartir en Telegram\"><span><\/span><span class=\"sharing-screen-reader-text\">Haz clic para compartir en Telegram (Se abre en una ventana nueva)<\/span><\/a><\/li><li class=\"share-end\"><\/li><\/ul><\/div><\/div><\/div>","protected":false},"author":7,"featured_media":46952,"comment_status":"closed","ping_status":"closed","sticky":false,"template":"","format":"standard","meta":{"spay_email":"","jetpack_publicize_message":"","jetpack_is_tweetstorm":false,"jetpack_publicize_feature_enabled":true},"categories":[4],"tags":[],"jetpack_featured_media_url":"http:\/\/www.rtvnoticias.com.ar\/wp-content\/uploads\/2025\/09\/marcha-por-el-triple-femicidio-2-1200x600-1.jpg","jetpack_publicize_connections":[],"jetpack_sharing_enabled":true,"_links":{"self":[{"href":"http:\/\/www.rtvnoticias.com.ar\/index.php?rest_route=\/wp\/v2\/posts\/46951"}],"collection":[{"href":"http:\/\/www.rtvnoticias.com.ar\/index.php?rest_route=\/wp\/v2\/posts"}],"about":[{"href":"http:\/\/www.rtvnoticias.com.ar\/index.php?rest_route=\/wp\/v2\/types\/post"}],"author":[{"embeddable":true,"href":"http:\/\/www.rtvnoticias.com.ar\/index.php?rest_route=\/wp\/v2\/users\/7"}],"replies":[{"embeddable":true,"href":"http:\/\/www.rtvnoticias.com.ar\/index.php?rest_route=%2Fwp%2Fv2%2Fcomments&post=46951"}],"version-history":[{"count":1,"href":"http:\/\/www.rtvnoticias.com.ar\/index.php?rest_route=\/wp\/v2\/posts\/46951\/revisions"}],"predecessor-version":[{"id":46953,"href":"http:\/\/www.rtvnoticias.com.ar\/index.php?rest_route=\/wp\/v2\/posts\/46951\/revisions\/46953"}],"wp:featuredmedia":[{"embeddable":true,"href":"http:\/\/www.rtvnoticias.com.ar\/index.php?rest_route=\/wp\/v2\/media\/46952"}],"wp:attachment":[{"href":"http:\/\/www.rtvnoticias.com.ar\/index.php?rest_route=%2Fwp%2Fv2%2Fmedia&parent=46951"}],"wp:term":[{"taxonomy":"category","embeddable":true,"href":"http:\/\/www.rtvnoticias.com.ar\/index.php?rest_route=%2Fwp%2Fv2%2Fcategories&post=46951"},{"taxonomy":"post_tag","embeddable":true,"href":"http:\/\/www.rtvnoticias.com.ar\/index.php?rest_route=%2Fwp%2Fv2%2Ftags&post=46951"}],"curies":[{"name":"wp","href":"https:\/\/api.w.org\/{rel}","templated":true}]}}