{"id":46954,"date":"2025-09-26T01:26:37","date_gmt":"2025-09-26T04:26:37","guid":{"rendered":"http:\/\/www.rtvnoticias.com.ar\/?p=46954"},"modified":"2025-09-26T01:26:41","modified_gmt":"2025-09-26T04:26:41","slug":"la-pobreza-cayo-a-316-en-primer-semestre-de-2025-la-cifra-mas-baja-desde-2018","status":"publish","type":"post","link":"http:\/\/www.rtvnoticias.com.ar\/?p=46954","title":{"rendered":"La pobreza cay\u00f3 a 31,6% en primer semestre de 2025, la cifra m\u00e1s baja desde 2018"},"content":{"rendered":"\n<p>El \u00edndice de pobreza fue del 31,6% en el primer semestre de 2025 versus el 52,9% de igual per\u00edodo de 2024. As\u00ed lo inform\u00f3 este jueves el INDEC. En tanto, la indigencia, que es una subcategor\u00eda de la pobreza, lleg\u00f3 al 6,9%. Con estos niveles hay 14,5 millones de pobres en el pa\u00eds. De ellos 3 millones son indigentes.<\/p>\n\n\n\n<p>Se trata del nivel m\u00e1s bajo de pobreza desde 2018. Y significa que hay 4,5 millones de pobres menos que a finales de 2023. Ese a\u00f1o, el \u00edndice dio 27,3% en el segundo semestre, aunque el 25,7% de los primeros seis meses de ese a\u00f1o sigue ubic\u00e1ndose por debajo del nivel informado este jueves.<\/p>\n\n\n\n<p>La clave para la baja de la pobreza fue la reducci\u00f3n de la inflaci\u00f3n, que tuvo un pico de 25,5% en diciembre de 2023, cuando asumi\u00f3 Javier Milei y desde all\u00ed fue bajando hasta el 1,9% de agosto pasado. As\u00ed, el \u00edndice de precios al consumidor marc\u00f3 211% en 2023, 117% en 2024 y se perfila a cerrar este a\u00f1o en torno a 30%.<\/p>\n\n\n\n<p>En el segundo semestre de 2024 la pobreza hab\u00eda sido del 38,1%, mientras que la indigencia hab\u00eda ca\u00eddo al 8,2%. De esta manera, en la comparaci\u00f3n con el per\u00edodo inmediatamente anterior, hubo una retracci\u00f3n de 6,5 puntos porcentuales y de 1,3 puntos porcentuales, respectivamente.<\/p>\n\n\n\n<p>Para medir la pobreza, el INDEC toma de referencia la canasta b\u00e1sica total (CBT) que mide los ingreso que debe tener una familia tipo para no ser pobre. Mientras que la indigencia tiene como umbral la canasta b\u00e1sica alimentaria (CBA), que establece los ingresos m\u00ednimos para poder comer.<\/p>\n\n\n\n<p>Desde mediados del a\u00f1o pasado estas dos canastas vienen subiendo menos que la inflaci\u00f3n. Y en esto el factor clave es lo que est\u00e1 ocurriendo con los precios de los alimentos, que son el componente principal de ambas canastas. En 2023 aumentaron 255%, por encima de la inflaci\u00f3n y eso llev\u00f3 a que ese a\u00f1o la pobreza terminara en 41,7%. Con la inflaci\u00f3n galopando, las familias se apuraban a comprar y a stockear para prevenirse de las remarcaciones, lo que hizo subir el consumo y los precios.<\/p>\n\n\n\n<p>En 2024, el consumo empez\u00f3 a frenarse y los alimentos aumentaron 94%, 23 puntos porcentuales abajo de la inflaci\u00f3n. Y en lo que va de este a\u00f1o marchan parejos 19,5 el IPC contra 19,7% los alimentos.<\/p>\n\n\n\n<p>Como el INDEC mide los ingreso de las familias contra los costos de las canasta otro factor clave en la baja de la pobreza fue el efecto de la Asignaci\u00f3n Universal por Hijo (AUH), que en t\u00e9rminos reales aument\u00f3 150% desde el cambio de gobierno, por encima de la suba de la inflaci\u00f3n.<\/p>\n\n\n\n<p>Esto ayud\u00f3 a compensar parcialmente la ca\u00edda de los salarios, que se hundieron en la primera parte de 2024, se recuperaron en la segunda y se estancaron en los \u00faltimos meses.<\/p>\n\n\n\n<p>Los datos de la baja de la pobreza coinciden con los registrados por la Universidad Di Tella y el CEDLAS. En la previa de la publicaci\u00f3n, las mediciones privadas hab\u00edan pronosticado una ca\u00edda de la pobreza al 31,6% en el primer trimestre de este a\u00f1o. All\u00ed parece haberse concentrado el grueso de la mejora del indicador de pobreza, ya que en el segundo trimestre la actividad y loa ingresos empezaron a enfriarse.<\/p>\n\n\n\n<p>Desde el Observatorio de la Deuda Social de la UCA apuntan que la baja de la pobreza se trata de una buena noticia, aunque aclaran que \u00aben contextos de alta volatilidad, tanto por fuertes incrementos en los precios como ante la desaceleraci\u00f3n inflacionaria, la medici\u00f3n de la pobreza por ingresos tiende a ser menos precisa. Un an\u00e1lisis m\u00e1s cuidadoso de la serie estad\u00edstica oficial sugiere que, aunque la ca\u00edda de la pobreza es real, su magnitud se encuentra sobrerrepresentada\u00bb. La cr\u00edtica se basa en que el INDEC usa canastas cuyos componentes est\u00e1n desactualizados y en que en los hogares m\u00e1s pobres se tiende a subdeclarar ingresos. Sin embargo, los par\u00e1metros de la medici\u00f3n son los mismos con los que se hab\u00eda registrado un salto del 52,9% hace un a\u00f1o.<\/p>\n\n\n\n<p>A nivel regional, la pobreza llega a 31,5% en el AMBA: 15,1% en la Ciudad y 35,3% en el Gran Buenos Aires. En Cuyo fue 33,8%, en el Noreste fue 39%, en el Noroeste fue 31,2%, en la Regi\u00f3n Pampeana fue 30,5% y en la Patagonia fue 27%.<\/p>\n\n\n\n<p>Desde la consultora LCG marcan que \u00abla mejora fue generalizada en todo el pa\u00eds, pero en el Conurbano fue m\u00e1s acotada que en el resto de las regiones: sigue mostrando las tasas m\u00e1s altas de pobreza (35,3%) y concentra pr\u00e1cticamente la mitad de los pobres del pa\u00eds\u00bb.<\/p>\n\n\n\n<p>Adem\u00e1s, apuntan que \u00abla incidencia de la pobreza en los menores de 14 a\u00f1os sigui\u00f3 siendo mayor que en el promedio, pero perfor\u00f3 el umbral del 50%, ubic\u00e1ndose en 45,4%, nivel comparable a los de 2016-2018\u00bb.<\/p>\n\n\n\n<p>Los analistas coinciden en que el 30% ser\u00e1 un piso dif\u00edcil de perforar ya que en los pr\u00f3ximos meses el efecto de la baja e la inflaci\u00f3n se ir\u00e1 diluyendo. Y las condiciones de vida de las familias en cuanto a vivienda, salubridad, salud, trabajo y educaci\u00f3n siguen siendo malas y ser\u00e1 dif\u00edcil que mejoren en una econom\u00eda que se est\u00e1 estancado y no crea empleos de calidad.<\/p>\n\n\n\n<p>Pese a la mejora, LCG remarca que \u00abel ingreso familiar promedio de los hogares pobres sigue cubriendo apenas el 63% de la canasta b\u00e1sica total, mismo porcentaje que al cierre de 2024, reflejando nuevamente que los pobres siguen siendo igual de pobres\u00bb.<\/p>\n\n\n\n<p>Hacia adelante anticipan que \u00abla inflaci\u00f3n estancada en torno al 2%, salarios formales con paritarias homologadas con aumentos topeados en 1% y la actividad muy d\u00e9bil (-1,5% en los \u00faltimos 5 meses), hacen pensar que la continuidad en la mejora de los indicadores sociales podr\u00eda haber encontrado un freno\u00bb.<\/p>\n\n\n\n<p><\/p>\n<div class=\"sharedaddy sd-sharing-enabled\"><div class=\"robots-nocontent sd-block sd-social sd-social-icon sd-sharing\"><h3 class=\"sd-title\">Comparte esto:<\/h3><div class=\"sd-content\"><ul><li class=\"share-twitter\"><a rel=\"nofollow noopener noreferrer\" data-shared=\"sharing-twitter-46954\" class=\"share-twitter sd-button share-icon no-text\" href=\"http:\/\/www.rtvnoticias.com.ar\/?p=46954&amp;share=twitter\" target=\"_blank\" title=\"Haz clic para compartir en Twitter\"><span><\/span><span class=\"sharing-screen-reader-text\">Haz clic para compartir en Twitter (Se abre en una ventana nueva)<\/span><\/a><\/li><li class=\"share-facebook\"><a rel=\"nofollow noopener noreferrer\" data-shared=\"sharing-facebook-46954\" class=\"share-facebook sd-button share-icon no-text\" href=\"http:\/\/www.rtvnoticias.com.ar\/?p=46954&amp;share=facebook\" target=\"_blank\" title=\"Haz clic para compartir en Facebook\"><span><\/span><span class=\"sharing-screen-reader-text\">Haz clic para compartir en Facebook (Se abre en una ventana nueva)<\/span><\/a><\/li><li class=\"share-jetpack-whatsapp\"><a rel=\"nofollow noopener noreferrer\" data-shared=\"\" class=\"share-jetpack-whatsapp sd-button share-icon no-text\" href=\"http:\/\/www.rtvnoticias.com.ar\/?p=46954&amp;share=jetpack-whatsapp\" target=\"_blank\" title=\"Haz clic para compartir en WhatsApp\"><span><\/span><span class=\"sharing-screen-reader-text\">Haz clic para compartir en WhatsApp (Se abre en una ventana nueva)<\/span><\/a><\/li><li class=\"share-telegram\"><a rel=\"nofollow noopener noreferrer\" data-shared=\"\" class=\"share-telegram sd-button share-icon no-text\" href=\"http:\/\/www.rtvnoticias.com.ar\/?p=46954&amp;share=telegram\" target=\"_blank\" title=\"Haz clic para compartir en Telegram\"><span><\/span><span class=\"sharing-screen-reader-text\">Haz clic para compartir en Telegram (Se abre en una ventana nueva)<\/span><\/a><\/li><li class=\"share-end\"><\/li><\/ul><\/div><\/div><\/div>","protected":false},"excerpt":{"rendered":"<p>El \u00edndice de pobreza fue del 31,6% en el primer semestre de 2025 versus el 52,9% de igual per\u00edodo de 2024. As\u00ed lo inform\u00f3 este<\/p>\n<div class=\"sharedaddy sd-sharing-enabled\"><div class=\"robots-nocontent sd-block sd-social sd-social-icon sd-sharing\"><h3 class=\"sd-title\">Comparte esto:<\/h3><div class=\"sd-content\"><ul><li class=\"share-twitter\"><a rel=\"nofollow noopener noreferrer\" data-shared=\"sharing-twitter-46954\" class=\"share-twitter sd-button share-icon no-text\" href=\"http:\/\/www.rtvnoticias.com.ar\/?p=46954&amp;share=twitter\" target=\"_blank\" title=\"Haz clic para compartir en Twitter\"><span><\/span><span class=\"sharing-screen-reader-text\">Haz clic para compartir en Twitter (Se abre en una ventana nueva)<\/span><\/a><\/li><li class=\"share-facebook\"><a rel=\"nofollow noopener noreferrer\" data-shared=\"sharing-facebook-46954\" class=\"share-facebook sd-button share-icon no-text\" href=\"http:\/\/www.rtvnoticias.com.ar\/?p=46954&amp;share=facebook\" target=\"_blank\" title=\"Haz clic para compartir en Facebook\"><span><\/span><span class=\"sharing-screen-reader-text\">Haz clic para compartir en Facebook (Se abre en una ventana nueva)<\/span><\/a><\/li><li class=\"share-jetpack-whatsapp\"><a rel=\"nofollow noopener noreferrer\" data-shared=\"\" class=\"share-jetpack-whatsapp sd-button share-icon no-text\" href=\"http:\/\/www.rtvnoticias.com.ar\/?p=46954&amp;share=jetpack-whatsapp\" target=\"_blank\" title=\"Haz clic para compartir en WhatsApp\"><span><\/span><span class=\"sharing-screen-reader-text\">Haz clic para compartir en WhatsApp (Se abre en una ventana nueva)<\/span><\/a><\/li><li class=\"share-telegram\"><a rel=\"nofollow noopener noreferrer\" data-shared=\"\" class=\"share-telegram sd-button share-icon no-text\" href=\"http:\/\/www.rtvnoticias.com.ar\/?p=46954&amp;share=telegram\" target=\"_blank\" title=\"Haz clic para compartir en Telegram\"><span><\/span><span class=\"sharing-screen-reader-text\">Haz clic para compartir en Telegram (Se abre en una ventana nueva)<\/span><\/a><\/li><li class=\"share-end\"><\/li><\/ul><\/div><\/div><\/div>","protected":false},"author":7,"featured_media":46955,"comment_status":"closed","ping_status":"closed","sticky":false,"template":"","format":"standard","meta":{"spay_email":"","jetpack_publicize_message":"","jetpack_is_tweetstorm":false,"jetpack_publicize_feature_enabled":true},"categories":[5],"tags":[],"jetpack_featured_media_url":"http:\/\/www.rtvnoticias.com.ar\/wp-content\/uploads\/2025\/09\/Gente-en-situacion-de-calle-Indigencia-13.jpg","jetpack_publicize_connections":[],"jetpack_sharing_enabled":true,"_links":{"self":[{"href":"http:\/\/www.rtvnoticias.com.ar\/index.php?rest_route=\/wp\/v2\/posts\/46954"}],"collection":[{"href":"http:\/\/www.rtvnoticias.com.ar\/index.php?rest_route=\/wp\/v2\/posts"}],"about":[{"href":"http:\/\/www.rtvnoticias.com.ar\/index.php?rest_route=\/wp\/v2\/types\/post"}],"author":[{"embeddable":true,"href":"http:\/\/www.rtvnoticias.com.ar\/index.php?rest_route=\/wp\/v2\/users\/7"}],"replies":[{"embeddable":true,"href":"http:\/\/www.rtvnoticias.com.ar\/index.php?rest_route=%2Fwp%2Fv2%2Fcomments&post=46954"}],"version-history":[{"count":1,"href":"http:\/\/www.rtvnoticias.com.ar\/index.php?rest_route=\/wp\/v2\/posts\/46954\/revisions"}],"predecessor-version":[{"id":46956,"href":"http:\/\/www.rtvnoticias.com.ar\/index.php?rest_route=\/wp\/v2\/posts\/46954\/revisions\/46956"}],"wp:featuredmedia":[{"embeddable":true,"href":"http:\/\/www.rtvnoticias.com.ar\/index.php?rest_route=\/wp\/v2\/media\/46955"}],"wp:attachment":[{"href":"http:\/\/www.rtvnoticias.com.ar\/index.php?rest_route=%2Fwp%2Fv2%2Fmedia&parent=46954"}],"wp:term":[{"taxonomy":"category","embeddable":true,"href":"http:\/\/www.rtvnoticias.com.ar\/index.php?rest_route=%2Fwp%2Fv2%2Fcategories&post=46954"},{"taxonomy":"post_tag","embeddable":true,"href":"http:\/\/www.rtvnoticias.com.ar\/index.php?rest_route=%2Fwp%2Fv2%2Ftags&post=46954"}],"curies":[{"name":"wp","href":"https:\/\/api.w.org\/{rel}","templated":true}]}}