{"id":46957,"date":"2025-09-26T01:30:13","date_gmt":"2025-09-26T04:30:13","guid":{"rendered":"http:\/\/www.rtvnoticias.com.ar\/?p=46957"},"modified":"2025-09-26T01:30:17","modified_gmt":"2025-09-26T04:30:17","slug":"general-pico-sera-sede-de-la-liga-nacional-de-robotica","status":"publish","type":"post","link":"http:\/\/www.rtvnoticias.com.ar\/?p=46957","title":{"rendered":"General Pico ser\u00e1 sede de la Liga Nacional de Rob\u00f3tica"},"content":{"rendered":"\n<p>El pr\u00f3ximo s\u00e1bado 27 de septiembre, General Pico se transformar\u00e1 en el epicentro de la innovaci\u00f3n con el inicio de la Liga Nacional de Rob\u00f3tica, un evento que reunir\u00e1 a estudiantes, docentes y clubes de ciencia de todo el pa\u00eds en el Polo Cient\u00edfico Tecnol\u00f3gico de La Pampa.<\/p>\n\n\n\n<p>La competencia incluir\u00e1 distintas categor\u00edas \u2014f\u00fatbol, sumo, mini sumo, carreras y laberintos\u2014 donde j\u00f3venes de diferentes niveles educativos pondr\u00e1n a prueba sus habilidades, creatividad y conocimientos en rob\u00f3tica.<\/p>\n\n\n\n<p>Organizada por la Facultad de Ingenier\u00eda de la UNLPam, con el acompa\u00f1amiento de la Agencia CITIA del Gobierno provincial, la jornada promete convertirse en una verdadera vidriera del talento estudiantil. \u201cLa ciencia y la tecnolog\u00eda son herramientas de transformaci\u00f3n social. La rob\u00f3tica es un semillero muy importante que impulsa vocaciones y abre oportunidades para nuevas empresas de base tecnol\u00f3gica\u201d, destac\u00f3 Ver\u00f3nica Duarte, directora de CITIA.<\/p>\n\n\n\n<p>Por su parte, el decano de Ingenier\u00eda, Daniel Mandrile, resalt\u00f3: \u201cLa Liga Nacional de Rob\u00f3tica es una oportunidad para que estudiantes pongan en pr\u00e1ctica lo aprendido, intercambien experiencias y se proyecten hacia un futuro donde la tecnolog\u00eda tiene un rol central. El Polo Cient\u00edfico es el lugar indicado para este tipo de eventos\u201d.<\/p>\n\n\n\n<p>Actualmente, CITIA acompa\u00f1a a 11 proyectos incubados y m\u00e1s de 40 empresas vinculadas a desarrollos tecnol\u00f3gicos aplicados al agro y la industria, consolidando la diversificaci\u00f3n de la matriz productiva de la provincia.<\/p>\n\n\n\n<p>La jornada ser\u00e1 con entrada libre y gratuita, desde las 14 horas en el Polo Cient\u00edfico Tecnol\u00f3gico de General Pico. Est\u00e1 dirigida a toda la comunidad educativa, familias y p\u00fablico en general interesado en descubrir c\u00f3mo la ciencia y la tecnolog\u00eda se transforman en proyectos concretos.<\/p>\n<div class=\"sharedaddy sd-sharing-enabled\"><div class=\"robots-nocontent sd-block sd-social sd-social-icon sd-sharing\"><h3 class=\"sd-title\">Comparte esto:<\/h3><div class=\"sd-content\"><ul><li class=\"share-twitter\"><a rel=\"nofollow noopener noreferrer\" data-shared=\"sharing-twitter-46957\" class=\"share-twitter sd-button share-icon no-text\" href=\"http:\/\/www.rtvnoticias.com.ar\/?p=46957&amp;share=twitter\" target=\"_blank\" title=\"Haz clic para compartir en Twitter\"><span><\/span><span class=\"sharing-screen-reader-text\">Haz clic para compartir en Twitter (Se abre en una ventana nueva)<\/span><\/a><\/li><li class=\"share-facebook\"><a rel=\"nofollow noopener noreferrer\" data-shared=\"sharing-facebook-46957\" class=\"share-facebook sd-button share-icon no-text\" href=\"http:\/\/www.rtvnoticias.com.ar\/?p=46957&amp;share=facebook\" target=\"_blank\" title=\"Haz clic para compartir en Facebook\"><span><\/span><span class=\"sharing-screen-reader-text\">Haz clic para compartir en Facebook (Se abre en una ventana nueva)<\/span><\/a><\/li><li class=\"share-jetpack-whatsapp\"><a rel=\"nofollow noopener noreferrer\" data-shared=\"\" class=\"share-jetpack-whatsapp sd-button share-icon no-text\" href=\"http:\/\/www.rtvnoticias.com.ar\/?p=46957&amp;share=jetpack-whatsapp\" target=\"_blank\" title=\"Haz clic para compartir en WhatsApp\"><span><\/span><span class=\"sharing-screen-reader-text\">Haz clic para compartir en WhatsApp (Se abre en una ventana nueva)<\/span><\/a><\/li><li class=\"share-telegram\"><a rel=\"nofollow noopener noreferrer\" data-shared=\"\" class=\"share-telegram sd-button share-icon no-text\" href=\"http:\/\/www.rtvnoticias.com.ar\/?p=46957&amp;share=telegram\" target=\"_blank\" title=\"Haz clic para compartir en Telegram\"><span><\/span><span class=\"sharing-screen-reader-text\">Haz clic para compartir en Telegram (Se abre en una ventana nueva)<\/span><\/a><\/li><li class=\"share-end\"><\/li><\/ul><\/div><\/div><\/div>","protected":false},"excerpt":{"rendered":"<p>El pr\u00f3ximo s\u00e1bado 27 de septiembre, General Pico se transformar\u00e1 en el epicentro de la innovaci\u00f3n con el inicio de la Liga Nacional de Rob\u00f3tica,<\/p>\n<div class=\"sharedaddy sd-sharing-enabled\"><div class=\"robots-nocontent sd-block sd-social sd-social-icon sd-sharing\"><h3 class=\"sd-title\">Comparte esto:<\/h3><div class=\"sd-content\"><ul><li class=\"share-twitter\"><a rel=\"nofollow noopener noreferrer\" data-shared=\"sharing-twitter-46957\" class=\"share-twitter sd-button share-icon no-text\" href=\"http:\/\/www.rtvnoticias.com.ar\/?p=46957&amp;share=twitter\" target=\"_blank\" title=\"Haz clic para compartir en Twitter\"><span><\/span><span class=\"sharing-screen-reader-text\">Haz clic para compartir en Twitter (Se abre en una ventana nueva)<\/span><\/a><\/li><li class=\"share-facebook\"><a rel=\"nofollow noopener noreferrer\" data-shared=\"sharing-facebook-46957\" class=\"share-facebook sd-button share-icon no-text\" href=\"http:\/\/www.rtvnoticias.com.ar\/?p=46957&amp;share=facebook\" target=\"_blank\" title=\"Haz clic para compartir en Facebook\"><span><\/span><span class=\"sharing-screen-reader-text\">Haz clic para compartir en Facebook (Se abre en una ventana nueva)<\/span><\/a><\/li><li class=\"share-jetpack-whatsapp\"><a rel=\"nofollow noopener noreferrer\" data-shared=\"\" class=\"share-jetpack-whatsapp sd-button share-icon no-text\" href=\"http:\/\/www.rtvnoticias.com.ar\/?p=46957&amp;share=jetpack-whatsapp\" target=\"_blank\" title=\"Haz clic para compartir en WhatsApp\"><span><\/span><span class=\"sharing-screen-reader-text\">Haz clic para compartir en WhatsApp (Se abre en una ventana nueva)<\/span><\/a><\/li><li class=\"share-telegram\"><a rel=\"nofollow noopener noreferrer\" data-shared=\"\" class=\"share-telegram sd-button share-icon no-text\" href=\"http:\/\/www.rtvnoticias.com.ar\/?p=46957&amp;share=telegram\" target=\"_blank\" title=\"Haz clic para compartir en Telegram\"><span><\/span><span class=\"sharing-screen-reader-text\">Haz clic para compartir en Telegram (Se abre en una ventana nueva)<\/span><\/a><\/li><li class=\"share-end\"><\/li><\/ul><\/div><\/div><\/div>","protected":false},"author":7,"featured_media":46958,"comment_status":"closed","ping_status":"closed","sticky":false,"template":"","format":"standard","meta":{"spay_email":"","jetpack_publicize_message":"","jetpack_is_tweetstorm":false,"jetpack_publicize_feature_enabled":true},"categories":[3],"tags":[],"jetpack_featured_media_url":"http:\/\/www.rtvnoticias.com.ar\/wp-content\/uploads\/2025\/09\/4ta-liga-nacional-de-robotica-en-general-pico.jpeg","jetpack_publicize_connections":[],"jetpack_sharing_enabled":true,"_links":{"self":[{"href":"http:\/\/www.rtvnoticias.com.ar\/index.php?rest_route=\/wp\/v2\/posts\/46957"}],"collection":[{"href":"http:\/\/www.rtvnoticias.com.ar\/index.php?rest_route=\/wp\/v2\/posts"}],"about":[{"href":"http:\/\/www.rtvnoticias.com.ar\/index.php?rest_route=\/wp\/v2\/types\/post"}],"author":[{"embeddable":true,"href":"http:\/\/www.rtvnoticias.com.ar\/index.php?rest_route=\/wp\/v2\/users\/7"}],"replies":[{"embeddable":true,"href":"http:\/\/www.rtvnoticias.com.ar\/index.php?rest_route=%2Fwp%2Fv2%2Fcomments&post=46957"}],"version-history":[{"count":1,"href":"http:\/\/www.rtvnoticias.com.ar\/index.php?rest_route=\/wp\/v2\/posts\/46957\/revisions"}],"predecessor-version":[{"id":46959,"href":"http:\/\/www.rtvnoticias.com.ar\/index.php?rest_route=\/wp\/v2\/posts\/46957\/revisions\/46959"}],"wp:featuredmedia":[{"embeddable":true,"href":"http:\/\/www.rtvnoticias.com.ar\/index.php?rest_route=\/wp\/v2\/media\/46958"}],"wp:attachment":[{"href":"http:\/\/www.rtvnoticias.com.ar\/index.php?rest_route=%2Fwp%2Fv2%2Fmedia&parent=46957"}],"wp:term":[{"taxonomy":"category","embeddable":true,"href":"http:\/\/www.rtvnoticias.com.ar\/index.php?rest_route=%2Fwp%2Fv2%2Fcategories&post=46957"},{"taxonomy":"post_tag","embeddable":true,"href":"http:\/\/www.rtvnoticias.com.ar\/index.php?rest_route=%2Fwp%2Fv2%2Ftags&post=46957"}],"curies":[{"name":"wp","href":"https:\/\/api.w.org\/{rel}","templated":true}]}}