{"id":46960,"date":"2025-09-26T12:27:56","date_gmt":"2025-09-26T15:27:56","guid":{"rendered":"http:\/\/www.rtvnoticias.com.ar\/?p=46960"},"modified":"2025-09-26T12:28:03","modified_gmt":"2025-09-26T15:28:03","slug":"el-concejo-aprobo-un-aumento-del-20-en-las-tarifas-de-taxis-y-remises","status":"publish","type":"post","link":"http:\/\/www.rtvnoticias.com.ar\/?p=46960","title":{"rendered":"El Concejo aprob\u00f3 un aumento del 20% en las tarifas de taxis y remises"},"content":{"rendered":"\n<p>En una nueva sesi\u00f3n legislativa desarrollada este jueves por la ma\u00f1ana, el Concejo Deliberante de General Pico aprob\u00f3 por unanimidad una actualizaci\u00f3n tarifaria del 20% para los servicios de taxis, radiotaxis y remises en la ciudad. La medida comenzar\u00e1 a regir una vez promulgada la normativa y llega tras semanas de an\u00e1lisis en comisi\u00f3n y reuniones con representantes del sector.<\/p>\n\n\n\n<p>La nueva normativa fija el valor de la unidad de ficha en $145,95, la bajada de bandera en $1.897,50 y la espera por minuto en $291,90, montos que comenzar\u00e1n a regir tras la promulgaci\u00f3n de la normativa.<\/p>\n\n\n\n<p>Uno de los temas destacados del d\u00eda fue el ingreso de un proyecto enviado por el Ejecutivo municipal para establecer un nuevo marco normativo para la realizaci\u00f3n de eventos p\u00fablicos y privados . El documento fue elaborado por las instituciones que integran la Junta Municipal de Defensa Civil y ahora ser\u00e1 analizado en comisiones.<\/p>\n\n\n\n<p>Adem\u00e1s, se presentaron otros cinco expedientes, entre ellos un convenio de cooperaci\u00f3n con el Comit\u00e9 de Vigilancia de la Zona Franca , la rendici\u00f3n de cuentas correspondiente a julio de 2025 y una nota del Colegio Santa In\u00e9s solicitando declarar de inter\u00e9s legislativo la actividad educativa \u201c Simulaci\u00f3n ONU \u201d, prevista para los d\u00edas 15, 16 y 17 de octubre.<\/p>\n\n\n\n<p>Declaraciones de inter\u00e9s y organizaci\u00f3n del \u201cPico Cumple\u201d<\/p>\n\n\n\n<p>Durante la sesi\u00f3n tambi\u00e9n se aprobaron varios despachos de comisi\u00f3n. Entre ellos, la declaraci\u00f3n de inter\u00e9s legislativo a las actividades de la Fundaci\u00f3n \u201cDe tu Mano \u2013 Centro Educativo Terap\u00e9utico con Apoyo a la Inclusi\u00f3n\u201d , en el marco de su 20\u00b0 aniversario, ya un convenio con el Gobierno provincial para la implementaci\u00f3n de programas de alfabetizaci\u00f3n digital, capacitaci\u00f3n de agentes p\u00fablicos y equipamiento tecnol\u00f3gico.<\/p>\n\n\n\n<p>Asimismo, el cuerpo legislativo autoriz\u00f3 el fraccionamiento del predio donde se desarrollar\u00e1 el festival \u201cPico Cumple\u201d , programado para el 15 y 16 de noviembre. La medida busca organizar la distribuci\u00f3n de espacios en cinco sectores: organizaciones sociales, food trucks, empresas gastron\u00f3micas, emprendedores y comercios locales. El esquema contempla, adem\u00e1s, la posibilidad de reprogramaci\u00f3n por razones clim\u00e1ticas.<\/p>\n\n\n\n<p>Cruces pol\u00edticas y proyectos en debate<\/p>\n\n\n\n<p>La sesi\u00f3n cerr\u00f3 con el tratamiento de dos proyectos presentados por el bloque Juntos por el Cambio . El primero, que propon\u00eda mejorar la se\u00f1alizaci\u00f3n de ciclov\u00edas y bicisendas , fue rechazado por siete votos contra cinco . El segundo, que busca convocar al Consejo Interbarrial para abordar problem\u00e1ticas barriales, fue derivado a la Comisi\u00f3n Administrativa y Reglamentaria, tras una moci\u00f3n presentada por el concejal Mario Garc\u00eda , aprobada por unanimidad.<\/p>\n<div class=\"sharedaddy sd-sharing-enabled\"><div class=\"robots-nocontent sd-block sd-social sd-social-icon sd-sharing\"><h3 class=\"sd-title\">Comparte esto:<\/h3><div class=\"sd-content\"><ul><li class=\"share-twitter\"><a rel=\"nofollow noopener noreferrer\" data-shared=\"sharing-twitter-46960\" class=\"share-twitter sd-button share-icon no-text\" href=\"http:\/\/www.rtvnoticias.com.ar\/?p=46960&amp;share=twitter\" target=\"_blank\" title=\"Haz clic para compartir en Twitter\"><span><\/span><span class=\"sharing-screen-reader-text\">Haz clic para compartir en Twitter (Se abre en una ventana nueva)<\/span><\/a><\/li><li class=\"share-facebook\"><a rel=\"nofollow noopener noreferrer\" data-shared=\"sharing-facebook-46960\" class=\"share-facebook sd-button share-icon no-text\" href=\"http:\/\/www.rtvnoticias.com.ar\/?p=46960&amp;share=facebook\" target=\"_blank\" title=\"Haz clic para compartir en Facebook\"><span><\/span><span class=\"sharing-screen-reader-text\">Haz clic para compartir en Facebook (Se abre en una ventana nueva)<\/span><\/a><\/li><li class=\"share-jetpack-whatsapp\"><a rel=\"nofollow noopener noreferrer\" data-shared=\"\" class=\"share-jetpack-whatsapp sd-button share-icon no-text\" href=\"http:\/\/www.rtvnoticias.com.ar\/?p=46960&amp;share=jetpack-whatsapp\" target=\"_blank\" title=\"Haz clic para compartir en WhatsApp\"><span><\/span><span class=\"sharing-screen-reader-text\">Haz clic para compartir en WhatsApp (Se abre en una ventana nueva)<\/span><\/a><\/li><li class=\"share-telegram\"><a rel=\"nofollow noopener noreferrer\" data-shared=\"\" class=\"share-telegram sd-button share-icon no-text\" href=\"http:\/\/www.rtvnoticias.com.ar\/?p=46960&amp;share=telegram\" target=\"_blank\" title=\"Haz clic para compartir en Telegram\"><span><\/span><span class=\"sharing-screen-reader-text\">Haz clic para compartir en Telegram (Se abre en una ventana nueva)<\/span><\/a><\/li><li class=\"share-end\"><\/li><\/ul><\/div><\/div><\/div>","protected":false},"excerpt":{"rendered":"<p>En una nueva sesi\u00f3n legislativa desarrollada este jueves por la ma\u00f1ana, el Concejo Deliberante de General Pico aprob\u00f3 por unanimidad una actualizaci\u00f3n tarifaria del 20%<\/p>\n<div class=\"sharedaddy sd-sharing-enabled\"><div class=\"robots-nocontent sd-block sd-social sd-social-icon sd-sharing\"><h3 class=\"sd-title\">Comparte esto:<\/h3><div class=\"sd-content\"><ul><li class=\"share-twitter\"><a rel=\"nofollow noopener noreferrer\" data-shared=\"sharing-twitter-46960\" class=\"share-twitter sd-button share-icon no-text\" href=\"http:\/\/www.rtvnoticias.com.ar\/?p=46960&amp;share=twitter\" target=\"_blank\" title=\"Haz clic para compartir en Twitter\"><span><\/span><span class=\"sharing-screen-reader-text\">Haz clic para compartir en Twitter (Se abre en una ventana nueva)<\/span><\/a><\/li><li class=\"share-facebook\"><a rel=\"nofollow noopener noreferrer\" data-shared=\"sharing-facebook-46960\" class=\"share-facebook sd-button share-icon no-text\" href=\"http:\/\/www.rtvnoticias.com.ar\/?p=46960&amp;share=facebook\" target=\"_blank\" title=\"Haz clic para compartir en Facebook\"><span><\/span><span class=\"sharing-screen-reader-text\">Haz clic para compartir en Facebook (Se abre en una ventana nueva)<\/span><\/a><\/li><li class=\"share-jetpack-whatsapp\"><a rel=\"nofollow noopener noreferrer\" data-shared=\"\" class=\"share-jetpack-whatsapp sd-button share-icon no-text\" href=\"http:\/\/www.rtvnoticias.com.ar\/?p=46960&amp;share=jetpack-whatsapp\" target=\"_blank\" title=\"Haz clic para compartir en WhatsApp\"><span><\/span><span class=\"sharing-screen-reader-text\">Haz clic para compartir en WhatsApp (Se abre en una ventana nueva)<\/span><\/a><\/li><li class=\"share-telegram\"><a rel=\"nofollow noopener noreferrer\" data-shared=\"\" class=\"share-telegram sd-button share-icon no-text\" href=\"http:\/\/www.rtvnoticias.com.ar\/?p=46960&amp;share=telegram\" target=\"_blank\" title=\"Haz clic para compartir en Telegram\"><span><\/span><span class=\"sharing-screen-reader-text\">Haz clic para compartir en Telegram (Se abre en una ventana nueva)<\/span><\/a><\/li><li class=\"share-end\"><\/li><\/ul><\/div><\/div><\/div>","protected":false},"author":7,"featured_media":46961,"comment_status":"closed","ping_status":"closed","sticky":false,"template":"","format":"standard","meta":{"spay_email":"","jetpack_publicize_message":"","jetpack_is_tweetstorm":false,"jetpack_publicize_feature_enabled":true},"categories":[3],"tags":[],"jetpack_featured_media_url":"http:\/\/www.rtvnoticias.com.ar\/wp-content\/uploads\/2025\/09\/imagen_74630.jpeg","jetpack_publicize_connections":[],"jetpack_sharing_enabled":true,"_links":{"self":[{"href":"http:\/\/www.rtvnoticias.com.ar\/index.php?rest_route=\/wp\/v2\/posts\/46960"}],"collection":[{"href":"http:\/\/www.rtvnoticias.com.ar\/index.php?rest_route=\/wp\/v2\/posts"}],"about":[{"href":"http:\/\/www.rtvnoticias.com.ar\/index.php?rest_route=\/wp\/v2\/types\/post"}],"author":[{"embeddable":true,"href":"http:\/\/www.rtvnoticias.com.ar\/index.php?rest_route=\/wp\/v2\/users\/7"}],"replies":[{"embeddable":true,"href":"http:\/\/www.rtvnoticias.com.ar\/index.php?rest_route=%2Fwp%2Fv2%2Fcomments&post=46960"}],"version-history":[{"count":1,"href":"http:\/\/www.rtvnoticias.com.ar\/index.php?rest_route=\/wp\/v2\/posts\/46960\/revisions"}],"predecessor-version":[{"id":46962,"href":"http:\/\/www.rtvnoticias.com.ar\/index.php?rest_route=\/wp\/v2\/posts\/46960\/revisions\/46962"}],"wp:featuredmedia":[{"embeddable":true,"href":"http:\/\/www.rtvnoticias.com.ar\/index.php?rest_route=\/wp\/v2\/media\/46961"}],"wp:attachment":[{"href":"http:\/\/www.rtvnoticias.com.ar\/index.php?rest_route=%2Fwp%2Fv2%2Fmedia&parent=46960"}],"wp:term":[{"taxonomy":"category","embeddable":true,"href":"http:\/\/www.rtvnoticias.com.ar\/index.php?rest_route=%2Fwp%2Fv2%2Fcategories&post=46960"},{"taxonomy":"post_tag","embeddable":true,"href":"http:\/\/www.rtvnoticias.com.ar\/index.php?rest_route=%2Fwp%2Fv2%2Ftags&post=46960"}],"curies":[{"name":"wp","href":"https:\/\/api.w.org\/{rel}","templated":true}]}}