{"id":46963,"date":"2025-09-26T12:35:30","date_gmt":"2025-09-26T15:35:30","guid":{"rendered":"http:\/\/www.rtvnoticias.com.ar\/?p=46963"},"modified":"2025-09-26T12:35:34","modified_gmt":"2025-09-26T15:35:34","slug":"guidugli-cargo-contra-el-gobierno-por-las-retenciones-fue-una-estafa-para-beneficiar-a-unos-pocos","status":"publish","type":"post","link":"http:\/\/www.rtvnoticias.com.ar\/?p=46963","title":{"rendered":"Guidugli carg\u00f3 contra el Gobierno por las retenciones: \u201cFue una estafa para beneficiar a unos pocos\u201d"},"content":{"rendered":"\n<p>El candidato a diputado nacional de Cambia La Pampa, Federico Guidugli, lanz\u00f3 fuertes cr\u00edticas al Gobierno de Javier Milei tras la eliminaci\u00f3n temporal de las retenciones a las exportaciones agropecuarias. Seg\u00fan el dirigente, la medida no busc\u00f3 incentivar la producci\u00f3n sino favorecer a \u201cun pu\u00f1ado de grandes exportadores\u201d en detrimento de miles de peque\u00f1os y medianos productores.<\/p>\n\n\n\n<p>\u201cLo que pas\u00f3 con las retenciones es una estafa. Una jugada preparada para que unos pocos se llenen los bolsillos con el esfuerzo de miles de productores y trabajadores que se levantan todos los d\u00edas a apostar por este pa\u00eds\u201d, afirm\u00f3 Guidugli.<\/p>\n\n\n\n<p>El referente opositor se\u00f1al\u00f3 que la decisi\u00f3n \u201cno impulsa la producci\u00f3n\u201d y advirti\u00f3 que el esquema beneficia la especulaci\u00f3n financiera antes que el trabajo genuino. \u201cNo es producci\u00f3n, es especulaci\u00f3n. Es el mismo mecanismo que ya vimos con la Libra, con el 3%, y ahora con las retenciones: una estafa tras otra\u201d, sostuvo.<\/p>\n\n\n\n<p>En esa l\u00ednea, remarc\u00f3: \u201cNosotros trabajamos, ellos hacen negocios. Nosotros ponemos el hombro, ellos arman la trampa. Y as\u00ed no se construye futuro. Hay una alternativa, y somos nosotros: una alternativa honesta, sensata, que siempre va a estar del lado del campo y de la econom\u00eda real\u201d.<\/p>\n\n\n\n<p>La pol\u00e9mica se desat\u00f3 luego de que el sector agropecuario de La Pampa reaccionara con dureza contra el ministro de Econom\u00eda, Luis \u201cToto\u201d Caputo, por la resoluci\u00f3n que habilit\u00f3 retenciones cero para granos y subproductos hasta alcanzar un cupo de US$ 7.000 millones. En apenas 72 horas, las grandes cerealeras agotaron el beneficio, dejando afuera a la mayor\u00eda de los peque\u00f1os productores.<\/p>\n\n\n\n<p>\u201cNos cagaron\u201d, resumieron con crudeza desde las entidades locales, que cuestionaron la maniobra de las empresas exportadoras agrupadas en CIARA (C\u00e1mara de la Industria Aceitera y el Centro de Exportadores de Cereales), quienes saturaron al Banco Central con operaciones en tiempo r\u00e9cord.<\/p>\n\n\n\n<p>El Decreto 682\/2025 hab\u00eda fijado en 0% las retenciones hasta el 31 de octubre o hasta completar ese cupo, lo que sucedi\u00f3 de manera anticipada. Posteriormente, el Decreto 685\/2025 extendi\u00f3 el esquema a productos c\u00e1rnicos.<\/p>\n<div class=\"sharedaddy sd-sharing-enabled\"><div class=\"robots-nocontent sd-block sd-social sd-social-icon sd-sharing\"><h3 class=\"sd-title\">Comparte esto:<\/h3><div class=\"sd-content\"><ul><li class=\"share-twitter\"><a rel=\"nofollow noopener noreferrer\" data-shared=\"sharing-twitter-46963\" class=\"share-twitter sd-button share-icon no-text\" href=\"http:\/\/www.rtvnoticias.com.ar\/?p=46963&amp;share=twitter\" target=\"_blank\" title=\"Haz clic para compartir en Twitter\"><span><\/span><span class=\"sharing-screen-reader-text\">Haz clic para compartir en Twitter (Se abre en una ventana nueva)<\/span><\/a><\/li><li class=\"share-facebook\"><a rel=\"nofollow noopener noreferrer\" data-shared=\"sharing-facebook-46963\" class=\"share-facebook sd-button share-icon no-text\" href=\"http:\/\/www.rtvnoticias.com.ar\/?p=46963&amp;share=facebook\" target=\"_blank\" title=\"Haz clic para compartir en Facebook\"><span><\/span><span class=\"sharing-screen-reader-text\">Haz clic para compartir en Facebook (Se abre en una ventana nueva)<\/span><\/a><\/li><li class=\"share-jetpack-whatsapp\"><a rel=\"nofollow noopener noreferrer\" data-shared=\"\" class=\"share-jetpack-whatsapp sd-button share-icon no-text\" href=\"http:\/\/www.rtvnoticias.com.ar\/?p=46963&amp;share=jetpack-whatsapp\" target=\"_blank\" title=\"Haz clic para compartir en WhatsApp\"><span><\/span><span class=\"sharing-screen-reader-text\">Haz clic para compartir en WhatsApp (Se abre en una ventana nueva)<\/span><\/a><\/li><li class=\"share-telegram\"><a rel=\"nofollow noopener noreferrer\" data-shared=\"\" class=\"share-telegram sd-button share-icon no-text\" href=\"http:\/\/www.rtvnoticias.com.ar\/?p=46963&amp;share=telegram\" target=\"_blank\" title=\"Haz clic para compartir en Telegram\"><span><\/span><span class=\"sharing-screen-reader-text\">Haz clic para compartir en Telegram (Se abre en una ventana nueva)<\/span><\/a><\/li><li class=\"share-end\"><\/li><\/ul><\/div><\/div><\/div>","protected":false},"excerpt":{"rendered":"<p>El candidato a diputado nacional de Cambia La Pampa, Federico Guidugli, lanz\u00f3 fuertes cr\u00edticas al Gobierno de Javier Milei tras la eliminaci\u00f3n temporal de las<\/p>\n<div class=\"sharedaddy sd-sharing-enabled\"><div class=\"robots-nocontent sd-block sd-social sd-social-icon sd-sharing\"><h3 class=\"sd-title\">Comparte esto:<\/h3><div class=\"sd-content\"><ul><li class=\"share-twitter\"><a rel=\"nofollow noopener noreferrer\" data-shared=\"sharing-twitter-46963\" class=\"share-twitter sd-button share-icon no-text\" href=\"http:\/\/www.rtvnoticias.com.ar\/?p=46963&amp;share=twitter\" target=\"_blank\" title=\"Haz clic para compartir en Twitter\"><span><\/span><span class=\"sharing-screen-reader-text\">Haz clic para compartir en Twitter (Se abre en una ventana nueva)<\/span><\/a><\/li><li class=\"share-facebook\"><a rel=\"nofollow noopener noreferrer\" data-shared=\"sharing-facebook-46963\" class=\"share-facebook sd-button share-icon no-text\" href=\"http:\/\/www.rtvnoticias.com.ar\/?p=46963&amp;share=facebook\" target=\"_blank\" title=\"Haz clic para compartir en Facebook\"><span><\/span><span class=\"sharing-screen-reader-text\">Haz clic para compartir en Facebook (Se abre en una ventana nueva)<\/span><\/a><\/li><li class=\"share-jetpack-whatsapp\"><a rel=\"nofollow noopener noreferrer\" data-shared=\"\" class=\"share-jetpack-whatsapp sd-button share-icon no-text\" href=\"http:\/\/www.rtvnoticias.com.ar\/?p=46963&amp;share=jetpack-whatsapp\" target=\"_blank\" title=\"Haz clic para compartir en WhatsApp\"><span><\/span><span class=\"sharing-screen-reader-text\">Haz clic para compartir en WhatsApp (Se abre en una ventana nueva)<\/span><\/a><\/li><li class=\"share-telegram\"><a rel=\"nofollow noopener noreferrer\" data-shared=\"\" class=\"share-telegram sd-button share-icon no-text\" href=\"http:\/\/www.rtvnoticias.com.ar\/?p=46963&amp;share=telegram\" target=\"_blank\" title=\"Haz clic para compartir en Telegram\"><span><\/span><span class=\"sharing-screen-reader-text\">Haz clic para compartir en Telegram (Se abre en una ventana nueva)<\/span><\/a><\/li><li class=\"share-end\"><\/li><\/ul><\/div><\/div><\/div>","protected":false},"author":7,"featured_media":46964,"comment_status":"closed","ping_status":"closed","sticky":false,"template":"","format":"standard","meta":{"spay_email":"","jetpack_publicize_message":"","jetpack_is_tweetstorm":false,"jetpack_publicize_feature_enabled":true},"categories":[4],"tags":[],"jetpack_featured_media_url":"http:\/\/www.rtvnoticias.com.ar\/wp-content\/uploads\/2025\/09\/Federico_Guidugli-3.jpg","jetpack_publicize_connections":[],"jetpack_sharing_enabled":true,"_links":{"self":[{"href":"http:\/\/www.rtvnoticias.com.ar\/index.php?rest_route=\/wp\/v2\/posts\/46963"}],"collection":[{"href":"http:\/\/www.rtvnoticias.com.ar\/index.php?rest_route=\/wp\/v2\/posts"}],"about":[{"href":"http:\/\/www.rtvnoticias.com.ar\/index.php?rest_route=\/wp\/v2\/types\/post"}],"author":[{"embeddable":true,"href":"http:\/\/www.rtvnoticias.com.ar\/index.php?rest_route=\/wp\/v2\/users\/7"}],"replies":[{"embeddable":true,"href":"http:\/\/www.rtvnoticias.com.ar\/index.php?rest_route=%2Fwp%2Fv2%2Fcomments&post=46963"}],"version-history":[{"count":1,"href":"http:\/\/www.rtvnoticias.com.ar\/index.php?rest_route=\/wp\/v2\/posts\/46963\/revisions"}],"predecessor-version":[{"id":46965,"href":"http:\/\/www.rtvnoticias.com.ar\/index.php?rest_route=\/wp\/v2\/posts\/46963\/revisions\/46965"}],"wp:featuredmedia":[{"embeddable":true,"href":"http:\/\/www.rtvnoticias.com.ar\/index.php?rest_route=\/wp\/v2\/media\/46964"}],"wp:attachment":[{"href":"http:\/\/www.rtvnoticias.com.ar\/index.php?rest_route=%2Fwp%2Fv2%2Fmedia&parent=46963"}],"wp:term":[{"taxonomy":"category","embeddable":true,"href":"http:\/\/www.rtvnoticias.com.ar\/index.php?rest_route=%2Fwp%2Fv2%2Fcategories&post=46963"},{"taxonomy":"post_tag","embeddable":true,"href":"http:\/\/www.rtvnoticias.com.ar\/index.php?rest_route=%2Fwp%2Fv2%2Ftags&post=46963"}],"curies":[{"name":"wp","href":"https:\/\/api.w.org\/{rel}","templated":true}]}}