{"id":46966,"date":"2025-09-27T20:04:00","date_gmt":"2025-09-27T23:04:00","guid":{"rendered":"http:\/\/www.rtvnoticias.com.ar\/?p=46966"},"modified":"2025-09-27T20:06:20","modified_gmt":"2025-09-27T23:06:20","slug":"festival-pico-cumple-en-el-marco-del-120-aniversario-de-la-ciudad","status":"publish","type":"post","link":"http:\/\/www.rtvnoticias.com.ar\/?p=46966","title":{"rendered":"Festival Pico Cumple en el marco del 120\u00b0 Aniversario de la ciudad"},"content":{"rendered":"\n<p>Encabezado por la intendenta Fernanda Alonso, en la tarde de este viernes concretaron en Burdeos el anuncio del Festival Pico Cumple en el marco del 120\u00b0 Aniversario de la ciudad. La celebraci\u00f3n se llevar\u00e1 a cabo los pr\u00f3ximos 8, 9, 11, 15 y 16 de noviembre en el Paseo Ferroviario, de manera libre y gratuita.&nbsp;<\/p>\n\n\n\n<p>Fortaleciendo la vinculaci\u00f3n p\u00fablico-privada, en esta nueva edici\u00f3n las distintas acciones contar\u00e1n con el acompa\u00f1amiento de firmas del medio que efectuar\u00e1n aportes para la concreci\u00f3n de los eventos.<br><\/p>\n\n\n\n<p>En la primera de las jornadas, cientos de runners dar\u00e1n lugar a la carrera correspondiente por un nuevo a\u00f1o, partiendo desde la Explanada municipal, llenando de deporte y salud las arterias de la localidad.<br><br>En lo que respecta al s\u00e1bado 15, tendr\u00e1 como atractivos al Ballet Tain Quinan, Laura G\u00f3mez Weizz, La Cruzada, Thiago Baronio, S\u00edguelo y el cierre del reconocido El Loco Amato.<br><br>En tanto, la grilla del escenario dominical estar\u00e1 compuesta por el Ballet Mishkila, la Orquesta Sinf\u00f3nica de General Pico junto a Eli Fern\u00e1ndez y Juli\u00e1n Oderiz, el Ballet Folkl\u00f3rico Municipal y la gran presentaci\u00f3n de Nahuel Pennisi con la Orquesta Sinf\u00f3nica de General Pico.<\/p>\n\n\n\n<p><br><\/p>\n\n\n\n<figure class=\"wp-block-image size-large\"><img data-attachment-id=\"46970\" data-permalink=\"http:\/\/www.rtvnoticias.com.ar\/?attachment_id=46970\" data-orig-file=\"http:\/\/www.rtvnoticias.com.ar\/wp-content\/uploads\/2025\/09\/Anuncio-Festival.jpg\" data-orig-size=\"600,400\" data-comments-opened=\"0\" data-image-meta=\"{&quot;aperture&quot;:&quot;0&quot;,&quot;credit&quot;:&quot;&quot;,&quot;camera&quot;:&quot;&quot;,&quot;caption&quot;:&quot;&quot;,&quot;created_timestamp&quot;:&quot;0&quot;,&quot;copyright&quot;:&quot;&quot;,&quot;focal_length&quot;:&quot;0&quot;,&quot;iso&quot;:&quot;0&quot;,&quot;shutter_speed&quot;:&quot;0&quot;,&quot;title&quot;:&quot;&quot;,&quot;orientation&quot;:&quot;1&quot;}\" data-image-title=\"Anuncio-Festival\" data-image-description=\"\" data-image-caption=\"\" data-medium-file=\"http:\/\/www.rtvnoticias.com.ar\/wp-content\/uploads\/2025\/09\/Anuncio-Festival-300x200.jpg\" data-large-file=\"http:\/\/www.rtvnoticias.com.ar\/wp-content\/uploads\/2025\/09\/Anuncio-Festival.jpg\" decoding=\"async\" loading=\"lazy\" width=\"600\" height=\"400\" src=\"http:\/\/www.rtvnoticias.com.ar\/wp-content\/uploads\/2025\/09\/Anuncio-Festival.jpg\" alt=\"\" class=\"wp-image-46970\" srcset=\"http:\/\/www.rtvnoticias.com.ar\/wp-content\/uploads\/2025\/09\/Anuncio-Festival.jpg 600w, http:\/\/www.rtvnoticias.com.ar\/wp-content\/uploads\/2025\/09\/Anuncio-Festival-300x200.jpg 300w\" sizes=\"(max-width: 600px) 100vw, 600px\" \/><\/figure>\n\n\n\n<p>La mandataria local hizo la presentaci\u00f3n de las propuestas junto al secretario de Gobierno, Nicol\u00e1s Mendoza.<br><br>Asistieron, adem\u00e1s, funcionarias y funcionarios municipales, concejales, autoridades de las fuerzas de seguridad, representantes de las empresas aportantes y de las instituciones del medio, entre otros.<br>\u00a0<\/p>\n\n\n\n<p><strong>Fiesta piquense<\/strong><\/p>\n\n\n\n<p>Para dar comienzo, la jefa comunal Fernanda Alonso mencion\u00f3: \u201cCumplir 120 a\u00f1os en una ciudad parece poco, pero ac\u00e1 hay historia, ac\u00e1 hay gente que ha hecho mucho por nosotras y nosotros. Pretendemos que se festeje, que sea una fiesta de la comunidad y para que eso suceda tiene que haber acuerdos, consensos y trabajo conjunto\u201d.<\/p>\n\n\n\n<p>Afirm\u00f3 que \u201c\u00e9sa es la premisa a la hora de organizar esto, porque entendemos que es de todas y todos, siendo un momento que nos atrae, que nos da felicidad\u201d.&nbsp;<\/p>\n\n\n\n<p>\u201cNos parece m\u00e1s que oportuno desempe\u00f1arnos para que sea una verdadera celebraci\u00f3n, que la ciudadan\u00eda se encuentre, que recibamos a quienes nos visiten porque esto impacta directamente en nuestra econom\u00eda local. Esto nos referencia en el Norte de la provincia y hace que nos aunemos m\u00e1s como habitantes de General Pico\u201d, a\u00f1adi\u00f3.&nbsp;<\/p>\n\n\n\n<p>Resalt\u00f3 este importante aniversario por lo que resalt\u00f3 las acciones a llevarse a cabo. \u201cQueremos que durante todo el mes de noviembre se festeje y cada uno de los sectores tenga su espacio de participaci\u00f3n. As\u00ed, habr\u00e1 iniciativas cada d\u00eda que ir\u00e1n marcando el festejo del cumplea\u00f1os 120\u201d.&nbsp;<\/p>\n\n\n\n<p>La intendenta Fernanda Alonso agradeci\u00f3 a los organismos que brindar\u00e1n seguridad durante las alternativas que se realizar\u00e1n valorando a quienes conformar\u00e1n el patio gastron\u00f3mico.&nbsp;<\/p>\n\n\n\n<p>As\u00ed mismo, destac\u00f3 a los grupos de danza y bandas musicales piquenses que tendr\u00e1n su lugar en el Festival. \u201cM\u00e1s all\u00e1 que triunfen en otros sitios, lo importante es revalorizar las ra\u00edces de nuestra ciudad y darle preponderancia a lo local\u201d.&nbsp;<\/p>\n\n\n\n<p>Por \u00faltimo, y en torno a la vinculaci\u00f3n p\u00fablico-privada, asever\u00f3: \u201cVale la pena cuando es en conjunto, cuando el esfuerzo es de todas y todos apostando a un Pico que te exige, demanda, que te pone a prueba todos los d\u00edas\u201d.<\/p>\n\n\n\n<p><strong>Parcelas<\/strong><\/p>\n\n\n\n<p>Por su lado, el secretario de Gobierno, Nicol\u00e1s Mendoza, puso de relevancia la labor del Estado local. \u201cQuiero remarcar que una vez m\u00e1s el Gobierno de Fernanda Alonso demuestra gesti\u00f3n y profesionalismo a la hora de hacer que la comunidad sea parte activa del desarrollo del Festival Pico Cumple\u201d.&nbsp;<\/p>\n\n\n\n<p>\u201cEn base a esto, logramos una nueva normativa para profesionalizar el evento. En 2022 pudimos ordenar los auspicios publicitarios de las empresas con aportes que van directamente a los proveedores. Este a\u00f1o avanzamos a una segunda instancia para regular la participaci\u00f3n de las cantinas, foodtrucks y emprendimientos\u201d, agreg\u00f3.&nbsp;<\/p>\n\n\n\n<p>Explic\u00f3 que la asignaci\u00f3n de los mismos se dar\u00e1 mediante un sorteo para el cual las personas interesadas podr\u00e1n inscribirse mediante el link&nbsp;<a rel=\"noreferrer noopener\" target=\"_blank\" href=\"https:\/\/docs.google.com\/forms\/d\/1DfyxjQ3qD45S5tzmaalNO87nvpb9tbGWD1n4WBq2LyI\/edit\">https:\/\/docs.google.com\/forms\/d\/1DfyxjQ3qD45S5tzmaalNO87nvpb9tbGWD1n4WBq2LyI\/edit<\/a><\/p>\n\n\n\n<p>\u00c9ste estar\u00e1 disponible hasta el 12 de octubre y el 13 del mismo mes se sortear\u00e1n ante&nbsp; escribana o escribano p\u00fablico.&nbsp;<\/p>\n\n\n\n<p>Habr\u00e1 181 stands para emprendedores y artesanos, siete cantinas institucionales, diez lugares para foodtrucks.&nbsp;<\/p>\n\n\n\n<p>\u201cPara ello, cada una y uno de los sorteados tendr\u00e1 que abonar el pago de un canon simb\u00f3lico que ser\u00e1 de much\u00edsima utilidad para el Festival, haci\u00e9ndolo cada vez m\u00e1s grande e importante en la regi\u00f3n\u201d, concluy\u00f3.&nbsp;<\/p>\n<div class=\"sharedaddy sd-sharing-enabled\"><div class=\"robots-nocontent sd-block sd-social sd-social-icon sd-sharing\"><h3 class=\"sd-title\">Comparte esto:<\/h3><div class=\"sd-content\"><ul><li class=\"share-twitter\"><a rel=\"nofollow noopener noreferrer\" data-shared=\"sharing-twitter-46966\" class=\"share-twitter sd-button share-icon no-text\" href=\"http:\/\/www.rtvnoticias.com.ar\/?p=46966&amp;share=twitter\" target=\"_blank\" title=\"Haz clic para compartir en Twitter\"><span><\/span><span class=\"sharing-screen-reader-text\">Haz clic para compartir en Twitter (Se abre en una ventana nueva)<\/span><\/a><\/li><li class=\"share-facebook\"><a rel=\"nofollow noopener noreferrer\" data-shared=\"sharing-facebook-46966\" class=\"share-facebook sd-button share-icon no-text\" href=\"http:\/\/www.rtvnoticias.com.ar\/?p=46966&amp;share=facebook\" target=\"_blank\" title=\"Haz clic para compartir en Facebook\"><span><\/span><span class=\"sharing-screen-reader-text\">Haz clic para compartir en Facebook (Se abre en una ventana nueva)<\/span><\/a><\/li><li class=\"share-jetpack-whatsapp\"><a rel=\"nofollow noopener noreferrer\" data-shared=\"\" class=\"share-jetpack-whatsapp sd-button share-icon no-text\" href=\"http:\/\/www.rtvnoticias.com.ar\/?p=46966&amp;share=jetpack-whatsapp\" target=\"_blank\" title=\"Haz clic para compartir en WhatsApp\"><span><\/span><span class=\"sharing-screen-reader-text\">Haz clic para compartir en WhatsApp (Se abre en una ventana nueva)<\/span><\/a><\/li><li class=\"share-telegram\"><a rel=\"nofollow noopener noreferrer\" data-shared=\"\" class=\"share-telegram sd-button share-icon no-text\" href=\"http:\/\/www.rtvnoticias.com.ar\/?p=46966&amp;share=telegram\" target=\"_blank\" title=\"Haz clic para compartir en Telegram\"><span><\/span><span class=\"sharing-screen-reader-text\">Haz clic para compartir en Telegram (Se abre en una ventana nueva)<\/span><\/a><\/li><li class=\"share-end\"><\/li><\/ul><\/div><\/div><\/div>","protected":false},"excerpt":{"rendered":"<p>Encabezado por la intendenta Fernanda Alonso, en la tarde de este viernes concretaron en Burdeos el anuncio del Festival Pico Cumple en el marco del<\/p>\n<div class=\"sharedaddy sd-sharing-enabled\"><div class=\"robots-nocontent sd-block sd-social sd-social-icon sd-sharing\"><h3 class=\"sd-title\">Comparte esto:<\/h3><div class=\"sd-content\"><ul><li class=\"share-twitter\"><a rel=\"nofollow noopener noreferrer\" data-shared=\"sharing-twitter-46966\" class=\"share-twitter sd-button share-icon no-text\" href=\"http:\/\/www.rtvnoticias.com.ar\/?p=46966&amp;share=twitter\" target=\"_blank\" title=\"Haz clic para compartir en Twitter\"><span><\/span><span class=\"sharing-screen-reader-text\">Haz clic para compartir en Twitter (Se abre en una ventana nueva)<\/span><\/a><\/li><li class=\"share-facebook\"><a rel=\"nofollow noopener noreferrer\" data-shared=\"sharing-facebook-46966\" class=\"share-facebook sd-button share-icon no-text\" href=\"http:\/\/www.rtvnoticias.com.ar\/?p=46966&amp;share=facebook\" target=\"_blank\" title=\"Haz clic para compartir en Facebook\"><span><\/span><span class=\"sharing-screen-reader-text\">Haz clic para compartir en Facebook (Se abre en una ventana nueva)<\/span><\/a><\/li><li class=\"share-jetpack-whatsapp\"><a rel=\"nofollow noopener noreferrer\" data-shared=\"\" class=\"share-jetpack-whatsapp sd-button share-icon no-text\" href=\"http:\/\/www.rtvnoticias.com.ar\/?p=46966&amp;share=jetpack-whatsapp\" target=\"_blank\" title=\"Haz clic para compartir en WhatsApp\"><span><\/span><span class=\"sharing-screen-reader-text\">Haz clic para compartir en WhatsApp (Se abre en una ventana nueva)<\/span><\/a><\/li><li class=\"share-telegram\"><a rel=\"nofollow noopener noreferrer\" data-shared=\"\" class=\"share-telegram sd-button share-icon no-text\" href=\"http:\/\/www.rtvnoticias.com.ar\/?p=46966&amp;share=telegram\" target=\"_blank\" title=\"Haz clic para compartir en Telegram\"><span><\/span><span class=\"sharing-screen-reader-text\">Haz clic para compartir en Telegram (Se abre en una ventana nueva)<\/span><\/a><\/li><li class=\"share-end\"><\/li><\/ul><\/div><\/div><\/div>","protected":false},"author":5,"featured_media":46967,"comment_status":"closed","ping_status":"closed","sticky":false,"template":"","format":"standard","meta":{"spay_email":"","jetpack_publicize_message":"","jetpack_is_tweetstorm":false,"jetpack_publicize_feature_enabled":true},"categories":[1],"tags":[],"jetpack_featured_media_url":"http:\/\/www.rtvnoticias.com.ar\/wp-content\/uploads\/2025\/09\/Feed-Festival.jpg","jetpack_publicize_connections":[],"jetpack_sharing_enabled":true,"_links":{"self":[{"href":"http:\/\/www.rtvnoticias.com.ar\/index.php?rest_route=\/wp\/v2\/posts\/46966"}],"collection":[{"href":"http:\/\/www.rtvnoticias.com.ar\/index.php?rest_route=\/wp\/v2\/posts"}],"about":[{"href":"http:\/\/www.rtvnoticias.com.ar\/index.php?rest_route=\/wp\/v2\/types\/post"}],"author":[{"embeddable":true,"href":"http:\/\/www.rtvnoticias.com.ar\/index.php?rest_route=\/wp\/v2\/users\/5"}],"replies":[{"embeddable":true,"href":"http:\/\/www.rtvnoticias.com.ar\/index.php?rest_route=%2Fwp%2Fv2%2Fcomments&post=46966"}],"version-history":[{"count":2,"href":"http:\/\/www.rtvnoticias.com.ar\/index.php?rest_route=\/wp\/v2\/posts\/46966\/revisions"}],"predecessor-version":[{"id":46971,"href":"http:\/\/www.rtvnoticias.com.ar\/index.php?rest_route=\/wp\/v2\/posts\/46966\/revisions\/46971"}],"wp:featuredmedia":[{"embeddable":true,"href":"http:\/\/www.rtvnoticias.com.ar\/index.php?rest_route=\/wp\/v2\/media\/46967"}],"wp:attachment":[{"href":"http:\/\/www.rtvnoticias.com.ar\/index.php?rest_route=%2Fwp%2Fv2%2Fmedia&parent=46966"}],"wp:term":[{"taxonomy":"category","embeddable":true,"href":"http:\/\/www.rtvnoticias.com.ar\/index.php?rest_route=%2Fwp%2Fv2%2Fcategories&post=46966"},{"taxonomy":"post_tag","embeddable":true,"href":"http:\/\/www.rtvnoticias.com.ar\/index.php?rest_route=%2Fwp%2Fv2%2Ftags&post=46966"}],"curies":[{"name":"wp","href":"https:\/\/api.w.org\/{rel}","templated":true}]}}