{"id":46972,"date":"2025-09-27T20:10:29","date_gmt":"2025-09-27T23:10:29","guid":{"rendered":"http:\/\/www.rtvnoticias.com.ar\/?p=46972"},"modified":"2025-09-27T20:10:33","modified_gmt":"2025-09-27T23:10:33","slug":"obreros-municipales-trabajaron-para-remover-arboles-caidos-en-varias-calles","status":"publish","type":"post","link":"http:\/\/www.rtvnoticias.com.ar\/?p=46972","title":{"rendered":"Obreros municipales trabajaron para remover \u00e1rboles caidos en varias calles"},"content":{"rendered":"\n<p>Frente a las inclemencias clim\u00e1ticas ocurridas durante la noche del viernes 26 y la madrugada de este s\u00e1bado 27, la Municipalidad de General Pico actu\u00f3 durante y despu\u00e9s de este fen\u00f3meno para brindar seguridad a la poblaci\u00f3n. En este marco, se removieron \u00e1rboles y gajos que cayeron en m\u00e1s de 25 puntos de la ciudad.&nbsp;<\/p>\n\n\n\n<p>Durante la jornada nocturna se trozaron y retiraron de las arterias los mismos para luego ser trasladados completamente en la ma\u00f1ana de hoy.&nbsp;<\/p>\n\n\n\n<p>Para tal fin, se utilizaron numerosos recursos y veh\u00edculos de la Secretar\u00eda de Ambiente y Servicios P\u00fablicos.&nbsp;<\/p>\n\n\n\n<p>Las tareas llevadas adelante por distintas cuadrillas de \u00e9ste \u00e1rea municipal se concretaron en conjunto con Bomberos Voluntarios, Polic\u00eda de La Pampa y Defensa Civil. Esta labor mancomunada facilit\u00f3 la realizaci\u00f3n de las acciones para un r\u00e1pido despeje de las zonas.&nbsp;<\/p>\n\n\n\n<p>En todo momento, se prioriz\u00f3 la integridad f\u00edsica tanto de operarios como de vecinas y vecinos, garantizando la transitabilidad de las calles.<\/p>\n\n\n\n<p><strong>Intervenciones<\/strong><\/p>\n\n\n\n<p>Entre los m\u00faltiples sitios en los que el personal se despleg\u00f3 y otros en los que contin\u00faa haci\u00e9ndolo hasta completar las tareas, se encuentran los siguientes: 26 entre 23 y 25, 35 entre 24 y 22, 22 entre 7 y 9, Avenida San Mart\u00edn y 47, 34 entre 7 y 9, 115 y 2, 102 entre 103 y 105, 113 entre 24 bis y 22, 35 bis y 20, 29 entre 26 y 28, 24 y 3, 35 entre 24 y 26, 16 y 35, 21 y 14, 16 entre 27 y 29, 13 bis entre 117 y 118, 1 entre 18 y 20, 30 entre 23 y 25, 24 entre 11 y 13, Barrio Militar, 21 y 24, 111 entre 18 y Avenida San Mart\u00edn, 107 y calle 20.<br><br>Durante el transcurso del d\u00eda se continuar\u00e1 prestando servicio ante nuevas intervenciones que deban efectuarse frente a solicitudes vinculadas a la tormenta.<\/p>\n<div class=\"sharedaddy sd-sharing-enabled\"><div class=\"robots-nocontent sd-block sd-social sd-social-icon sd-sharing\"><h3 class=\"sd-title\">Comparte esto:<\/h3><div class=\"sd-content\"><ul><li class=\"share-twitter\"><a rel=\"nofollow noopener noreferrer\" data-shared=\"sharing-twitter-46972\" class=\"share-twitter sd-button share-icon no-text\" href=\"http:\/\/www.rtvnoticias.com.ar\/?p=46972&amp;share=twitter\" target=\"_blank\" title=\"Haz clic para compartir en Twitter\"><span><\/span><span class=\"sharing-screen-reader-text\">Haz clic para compartir en Twitter (Se abre en una ventana nueva)<\/span><\/a><\/li><li class=\"share-facebook\"><a rel=\"nofollow noopener noreferrer\" data-shared=\"sharing-facebook-46972\" class=\"share-facebook sd-button share-icon no-text\" href=\"http:\/\/www.rtvnoticias.com.ar\/?p=46972&amp;share=facebook\" target=\"_blank\" title=\"Haz clic para compartir en Facebook\"><span><\/span><span class=\"sharing-screen-reader-text\">Haz clic para compartir en Facebook (Se abre en una ventana nueva)<\/span><\/a><\/li><li class=\"share-jetpack-whatsapp\"><a rel=\"nofollow noopener noreferrer\" data-shared=\"\" class=\"share-jetpack-whatsapp sd-button share-icon no-text\" href=\"http:\/\/www.rtvnoticias.com.ar\/?p=46972&amp;share=jetpack-whatsapp\" target=\"_blank\" title=\"Haz clic para compartir en WhatsApp\"><span><\/span><span class=\"sharing-screen-reader-text\">Haz clic para compartir en WhatsApp (Se abre en una ventana nueva)<\/span><\/a><\/li><li class=\"share-telegram\"><a rel=\"nofollow noopener noreferrer\" data-shared=\"\" class=\"share-telegram sd-button share-icon no-text\" href=\"http:\/\/www.rtvnoticias.com.ar\/?p=46972&amp;share=telegram\" target=\"_blank\" title=\"Haz clic para compartir en Telegram\"><span><\/span><span class=\"sharing-screen-reader-text\">Haz clic para compartir en Telegram (Se abre en una ventana nueva)<\/span><\/a><\/li><li class=\"share-end\"><\/li><\/ul><\/div><\/div><\/div>","protected":false},"excerpt":{"rendered":"<p>Frente a las inclemencias clim\u00e1ticas ocurridas durante la noche del viernes 26 y la madrugada de este s\u00e1bado 27, la Municipalidad de General Pico actu\u00f3<\/p>\n<div class=\"sharedaddy sd-sharing-enabled\"><div class=\"robots-nocontent sd-block sd-social sd-social-icon sd-sharing\"><h3 class=\"sd-title\">Comparte esto:<\/h3><div class=\"sd-content\"><ul><li class=\"share-twitter\"><a rel=\"nofollow noopener noreferrer\" data-shared=\"sharing-twitter-46972\" class=\"share-twitter sd-button share-icon no-text\" href=\"http:\/\/www.rtvnoticias.com.ar\/?p=46972&amp;share=twitter\" target=\"_blank\" title=\"Haz clic para compartir en Twitter\"><span><\/span><span class=\"sharing-screen-reader-text\">Haz clic para compartir en Twitter (Se abre en una ventana nueva)<\/span><\/a><\/li><li class=\"share-facebook\"><a rel=\"nofollow noopener noreferrer\" data-shared=\"sharing-facebook-46972\" class=\"share-facebook sd-button share-icon no-text\" href=\"http:\/\/www.rtvnoticias.com.ar\/?p=46972&amp;share=facebook\" target=\"_blank\" title=\"Haz clic para compartir en Facebook\"><span><\/span><span class=\"sharing-screen-reader-text\">Haz clic para compartir en Facebook (Se abre en una ventana nueva)<\/span><\/a><\/li><li class=\"share-jetpack-whatsapp\"><a rel=\"nofollow noopener noreferrer\" data-shared=\"\" class=\"share-jetpack-whatsapp sd-button share-icon no-text\" href=\"http:\/\/www.rtvnoticias.com.ar\/?p=46972&amp;share=jetpack-whatsapp\" target=\"_blank\" title=\"Haz clic para compartir en WhatsApp\"><span><\/span><span class=\"sharing-screen-reader-text\">Haz clic para compartir en WhatsApp (Se abre en una ventana nueva)<\/span><\/a><\/li><li class=\"share-telegram\"><a rel=\"nofollow noopener noreferrer\" data-shared=\"\" class=\"share-telegram sd-button share-icon no-text\" href=\"http:\/\/www.rtvnoticias.com.ar\/?p=46972&amp;share=telegram\" target=\"_blank\" title=\"Haz clic para compartir en Telegram\"><span><\/span><span class=\"sharing-screen-reader-text\">Haz clic para compartir en Telegram (Se abre en una ventana nueva)<\/span><\/a><\/li><li class=\"share-end\"><\/li><\/ul><\/div><\/div><\/div>","protected":false},"author":5,"featured_media":46973,"comment_status":"closed","ping_status":"closed","sticky":false,"template":"","format":"standard","meta":{"spay_email":"","jetpack_publicize_message":"","jetpack_is_tweetstorm":false,"jetpack_publicize_feature_enabled":true},"categories":[3],"tags":[5604],"jetpack_featured_media_url":"http:\/\/www.rtvnoticias.com.ar\/wp-content\/uploads\/2025\/09\/Remocion-de-arboles1.jpg","jetpack_publicize_connections":[],"jetpack_sharing_enabled":true,"_links":{"self":[{"href":"http:\/\/www.rtvnoticias.com.ar\/index.php?rest_route=\/wp\/v2\/posts\/46972"}],"collection":[{"href":"http:\/\/www.rtvnoticias.com.ar\/index.php?rest_route=\/wp\/v2\/posts"}],"about":[{"href":"http:\/\/www.rtvnoticias.com.ar\/index.php?rest_route=\/wp\/v2\/types\/post"}],"author":[{"embeddable":true,"href":"http:\/\/www.rtvnoticias.com.ar\/index.php?rest_route=\/wp\/v2\/users\/5"}],"replies":[{"embeddable":true,"href":"http:\/\/www.rtvnoticias.com.ar\/index.php?rest_route=%2Fwp%2Fv2%2Fcomments&post=46972"}],"version-history":[{"count":1,"href":"http:\/\/www.rtvnoticias.com.ar\/index.php?rest_route=\/wp\/v2\/posts\/46972\/revisions"}],"predecessor-version":[{"id":46974,"href":"http:\/\/www.rtvnoticias.com.ar\/index.php?rest_route=\/wp\/v2\/posts\/46972\/revisions\/46974"}],"wp:featuredmedia":[{"embeddable":true,"href":"http:\/\/www.rtvnoticias.com.ar\/index.php?rest_route=\/wp\/v2\/media\/46973"}],"wp:attachment":[{"href":"http:\/\/www.rtvnoticias.com.ar\/index.php?rest_route=%2Fwp%2Fv2%2Fmedia&parent=46972"}],"wp:term":[{"taxonomy":"category","embeddable":true,"href":"http:\/\/www.rtvnoticias.com.ar\/index.php?rest_route=%2Fwp%2Fv2%2Fcategories&post=46972"},{"taxonomy":"post_tag","embeddable":true,"href":"http:\/\/www.rtvnoticias.com.ar\/index.php?rest_route=%2Fwp%2Fv2%2Ftags&post=46972"}],"curies":[{"name":"wp","href":"https:\/\/api.w.org\/{rel}","templated":true}]}}