{"id":46975,"date":"2025-09-28T13:01:18","date_gmt":"2025-09-28T16:01:18","guid":{"rendered":"http:\/\/www.rtvnoticias.com.ar\/?p=46975"},"modified":"2025-09-28T13:36:57","modified_gmt":"2025-09-28T16:36:57","slug":"el-candidato-de-milei-en-la-pampa-adrian-ravier-visito-intendente-alvear","status":"publish","type":"post","link":"http:\/\/www.rtvnoticias.com.ar\/?p=46975","title":{"rendered":"El candidato de Milei en La Pampa, Adri\u00e1n Ravier visit\u00f3 Intendente Alvear"},"content":{"rendered":"\n<p>El candidato a diputado nacional por La Libertad Avanza, Adri\u00e1n Ravier, visit\u00f3 la localidad de Intendente Alvear, en el marco de su recorrida por distintas comunidades pampeanas. El candidato a legislador estuvo acompa\u00f1ado por la postulante en segundo lugar en la lista de LLA, Adriana Garcia del Pro, y por dirigentes locales, entre ellos por Lorena Ruiz yPablo Patterer, apoderado del partido, quienes se sumaron a la actividad para dialogar con vecinos y referentes de la zona.<\/p>\n\n\n\n<p>Durante la jornada, el candidato escuch\u00f3 inquietudes de productores, comerciantes y vecinos, resaltando la importancia de construir una alternativa pol\u00edtica que defienda las ideas de la libertad, promueva el desarrollo local y fortalezca a La Pampa dentro del proyecto nacional que encabeza el presidente Javier Milei.<\/p>\n\n\n\n<figure class=\"wp-block-image size-large\"><img data-attachment-id=\"46979\" data-permalink=\"http:\/\/www.rtvnoticias.com.ar\/?attachment_id=46979\" data-orig-file=\"http:\/\/www.rtvnoticias.com.ar\/wp-content\/uploads\/2025\/09\/ravier-alvear2.jpg\" data-orig-size=\"877,444\" data-comments-opened=\"0\" data-image-meta=\"{&quot;aperture&quot;:&quot;0&quot;,&quot;credit&quot;:&quot;&quot;,&quot;camera&quot;:&quot;&quot;,&quot;caption&quot;:&quot;&quot;,&quot;created_timestamp&quot;:&quot;0&quot;,&quot;copyright&quot;:&quot;&quot;,&quot;focal_length&quot;:&quot;0&quot;,&quot;iso&quot;:&quot;0&quot;,&quot;shutter_speed&quot;:&quot;0&quot;,&quot;title&quot;:&quot;&quot;,&quot;orientation&quot;:&quot;1&quot;}\" data-image-title=\"ravier-alvear2\" data-image-description=\"\" data-image-caption=\"\" data-medium-file=\"http:\/\/www.rtvnoticias.com.ar\/wp-content\/uploads\/2025\/09\/ravier-alvear2-300x152.jpg\" data-large-file=\"http:\/\/www.rtvnoticias.com.ar\/wp-content\/uploads\/2025\/09\/ravier-alvear2.jpg\" decoding=\"async\" loading=\"lazy\" width=\"877\" height=\"444\" src=\"http:\/\/www.rtvnoticias.com.ar\/wp-content\/uploads\/2025\/09\/ravier-alvear2.jpg\" alt=\"\" class=\"wp-image-46979\" srcset=\"http:\/\/www.rtvnoticias.com.ar\/wp-content\/uploads\/2025\/09\/ravier-alvear2.jpg 877w, http:\/\/www.rtvnoticias.com.ar\/wp-content\/uploads\/2025\/09\/ravier-alvear2-300x152.jpg 300w, http:\/\/www.rtvnoticias.com.ar\/wp-content\/uploads\/2025\/09\/ravier-alvear2-768x389.jpg 768w\" sizes=\"(max-width: 877px) 100vw, 877px\" \/><\/figure>\n\n\n\n<p>\u201cRecorriendo Intendente Alvear, en el norte de La Pampa, emociona ver c\u00f3mo crece la producci\u00f3n ganadera y se multiplica el stock. Este desarrollo de feedlot (ver video) es posible gracias a medidas como la liberaci\u00f3n del precio de la carne, la reducci\u00f3n de retenciones, el fin del cepo y las restricciones cambiarias, y la desregulaci\u00f3n de procesos productivos.<\/p>\n\n\n\n<p>El resultado es claro: m\u00e1s producci\u00f3n, m\u00e1s trabajo, m\u00e1s exportaciones y m\u00e1s divisas para el pa\u00eds.\u201d<\/p>\n\n\n\n<p>Al finalizar la jornada, Ravier reuni\u00f3 con los vecinos en el local partidario donde naci\u00f3 La Libertad Avanza en 2023, espacio en el que comparti\u00f3 reflexiones sobre el camino recorrido y convoc\u00f3 a seguir trabajando para consolidar el proyecto liberal en la provincia.<\/p>\n<div class=\"sharedaddy sd-sharing-enabled\"><div class=\"robots-nocontent sd-block sd-social sd-social-icon sd-sharing\"><h3 class=\"sd-title\">Comparte esto:<\/h3><div class=\"sd-content\"><ul><li class=\"share-twitter\"><a rel=\"nofollow noopener noreferrer\" data-shared=\"sharing-twitter-46975\" class=\"share-twitter sd-button share-icon no-text\" href=\"http:\/\/www.rtvnoticias.com.ar\/?p=46975&amp;share=twitter\" target=\"_blank\" title=\"Haz clic para compartir en Twitter\"><span><\/span><span class=\"sharing-screen-reader-text\">Haz clic para compartir en Twitter (Se abre en una ventana nueva)<\/span><\/a><\/li><li class=\"share-facebook\"><a rel=\"nofollow noopener noreferrer\" data-shared=\"sharing-facebook-46975\" class=\"share-facebook sd-button share-icon no-text\" href=\"http:\/\/www.rtvnoticias.com.ar\/?p=46975&amp;share=facebook\" target=\"_blank\" title=\"Haz clic para compartir en Facebook\"><span><\/span><span class=\"sharing-screen-reader-text\">Haz clic para compartir en Facebook (Se abre en una ventana nueva)<\/span><\/a><\/li><li class=\"share-jetpack-whatsapp\"><a rel=\"nofollow noopener noreferrer\" data-shared=\"\" class=\"share-jetpack-whatsapp sd-button share-icon no-text\" href=\"http:\/\/www.rtvnoticias.com.ar\/?p=46975&amp;share=jetpack-whatsapp\" target=\"_blank\" title=\"Haz clic para compartir en WhatsApp\"><span><\/span><span class=\"sharing-screen-reader-text\">Haz clic para compartir en WhatsApp (Se abre en una ventana nueva)<\/span><\/a><\/li><li class=\"share-telegram\"><a rel=\"nofollow noopener noreferrer\" data-shared=\"\" class=\"share-telegram sd-button share-icon no-text\" href=\"http:\/\/www.rtvnoticias.com.ar\/?p=46975&amp;share=telegram\" target=\"_blank\" title=\"Haz clic para compartir en Telegram\"><span><\/span><span class=\"sharing-screen-reader-text\">Haz clic para compartir en Telegram (Se abre en una ventana nueva)<\/span><\/a><\/li><li class=\"share-end\"><\/li><\/ul><\/div><\/div><\/div>","protected":false},"excerpt":{"rendered":"<p>El candidato a diputado nacional por La Libertad Avanza, Adri\u00e1n Ravier, visit\u00f3 la localidad de Intendente Alvear, en el marco de su recorrida por distintas<\/p>\n<div class=\"sharedaddy sd-sharing-enabled\"><div class=\"robots-nocontent sd-block sd-social sd-social-icon sd-sharing\"><h3 class=\"sd-title\">Comparte esto:<\/h3><div class=\"sd-content\"><ul><li class=\"share-twitter\"><a rel=\"nofollow noopener noreferrer\" data-shared=\"sharing-twitter-46975\" class=\"share-twitter sd-button share-icon no-text\" href=\"http:\/\/www.rtvnoticias.com.ar\/?p=46975&amp;share=twitter\" target=\"_blank\" title=\"Haz clic para compartir en Twitter\"><span><\/span><span class=\"sharing-screen-reader-text\">Haz clic para compartir en Twitter (Se abre en una ventana nueva)<\/span><\/a><\/li><li class=\"share-facebook\"><a rel=\"nofollow noopener noreferrer\" data-shared=\"sharing-facebook-46975\" class=\"share-facebook sd-button share-icon no-text\" href=\"http:\/\/www.rtvnoticias.com.ar\/?p=46975&amp;share=facebook\" target=\"_blank\" title=\"Haz clic para compartir en Facebook\"><span><\/span><span class=\"sharing-screen-reader-text\">Haz clic para compartir en Facebook (Se abre en una ventana nueva)<\/span><\/a><\/li><li class=\"share-jetpack-whatsapp\"><a rel=\"nofollow noopener noreferrer\" data-shared=\"\" class=\"share-jetpack-whatsapp sd-button share-icon no-text\" href=\"http:\/\/www.rtvnoticias.com.ar\/?p=46975&amp;share=jetpack-whatsapp\" target=\"_blank\" title=\"Haz clic para compartir en WhatsApp\"><span><\/span><span class=\"sharing-screen-reader-text\">Haz clic para compartir en WhatsApp (Se abre en una ventana nueva)<\/span><\/a><\/li><li class=\"share-telegram\"><a rel=\"nofollow noopener noreferrer\" data-shared=\"\" class=\"share-telegram sd-button share-icon no-text\" href=\"http:\/\/www.rtvnoticias.com.ar\/?p=46975&amp;share=telegram\" target=\"_blank\" title=\"Haz clic para compartir en Telegram\"><span><\/span><span class=\"sharing-screen-reader-text\">Haz clic para compartir en Telegram (Se abre en una ventana nueva)<\/span><\/a><\/li><li class=\"share-end\"><\/li><\/ul><\/div><\/div><\/div>","protected":false},"author":5,"featured_media":46976,"comment_status":"closed","ping_status":"closed","sticky":false,"template":"","format":"standard","meta":{"spay_email":"","jetpack_publicize_message":"","jetpack_is_tweetstorm":false,"jetpack_publicize_feature_enabled":true},"categories":[4],"tags":[],"jetpack_featured_media_url":"http:\/\/www.rtvnoticias.com.ar\/wp-content\/uploads\/2025\/09\/ravier-alvear.jpg","jetpack_publicize_connections":[],"jetpack_sharing_enabled":true,"_links":{"self":[{"href":"http:\/\/www.rtvnoticias.com.ar\/index.php?rest_route=\/wp\/v2\/posts\/46975"}],"collection":[{"href":"http:\/\/www.rtvnoticias.com.ar\/index.php?rest_route=\/wp\/v2\/posts"}],"about":[{"href":"http:\/\/www.rtvnoticias.com.ar\/index.php?rest_route=\/wp\/v2\/types\/post"}],"author":[{"embeddable":true,"href":"http:\/\/www.rtvnoticias.com.ar\/index.php?rest_route=\/wp\/v2\/users\/5"}],"replies":[{"embeddable":true,"href":"http:\/\/www.rtvnoticias.com.ar\/index.php?rest_route=%2Fwp%2Fv2%2Fcomments&post=46975"}],"version-history":[{"count":2,"href":"http:\/\/www.rtvnoticias.com.ar\/index.php?rest_route=\/wp\/v2\/posts\/46975\/revisions"}],"predecessor-version":[{"id":46980,"href":"http:\/\/www.rtvnoticias.com.ar\/index.php?rest_route=\/wp\/v2\/posts\/46975\/revisions\/46980"}],"wp:featuredmedia":[{"embeddable":true,"href":"http:\/\/www.rtvnoticias.com.ar\/index.php?rest_route=\/wp\/v2\/media\/46976"}],"wp:attachment":[{"href":"http:\/\/www.rtvnoticias.com.ar\/index.php?rest_route=%2Fwp%2Fv2%2Fmedia&parent=46975"}],"wp:term":[{"taxonomy":"category","embeddable":true,"href":"http:\/\/www.rtvnoticias.com.ar\/index.php?rest_route=%2Fwp%2Fv2%2Fcategories&post=46975"},{"taxonomy":"post_tag","embeddable":true,"href":"http:\/\/www.rtvnoticias.com.ar\/index.php?rest_route=%2Fwp%2Fv2%2Ftags&post=46975"}],"curies":[{"name":"wp","href":"https:\/\/api.w.org\/{rel}","templated":true}]}}