{"id":46984,"date":"2025-09-29T01:00:00","date_gmt":"2025-09-29T04:00:00","guid":{"rendered":"http:\/\/www.rtvnoticias.com.ar\/?p=46984"},"modified":"2025-09-28T20:06:41","modified_gmt":"2025-09-28T23:06:41","slug":"acuerdo-de-practicas-profesionales-de-cinco-estudiantes-del-colegio-republica-de-el-salvador","status":"publish","type":"post","link":"http:\/\/www.rtvnoticias.com.ar\/?p=46984","title":{"rendered":"Acuerdo de pr\u00e1cticas profesionales de cinco estudiantes del Colegio Rep\u00fablica de El Salvador"},"content":{"rendered":"\n<p><strong><em>Cinco estudiantes del Colegio Rep\u00fablica de El Salvador firmaron convenios de pr\u00e1cticas profesionalizantes con la Municipalidad de General Pico. Las j\u00f3venes se desempe\u00f1ar\u00e1n en distintas \u00e1reas correspondientes a la Secretar\u00eda de Gobierno, debiendo cumplimentar 80 horas c\u00e1tedras.<\/em><\/strong><\/p>\n\n\n\n<p>El objetivo de esta vinculaci\u00f3n entre el Estado local y el establecimiento educativo es familiarizar a las alumnas con las tareas t\u00e9cnico-profesionales, logrando una mejor inserci\u00f3n futura al mundo laboral.&nbsp;<\/p>\n\n\n\n<p>Previa r\u00fabrica de los documentos, la jefa comunal piquense, Fernanda Alonso, dialog\u00f3 con las j\u00f3venes para conocer sus orientaciones estudiantiles, sus expectativas y objetivos frente a esta alternativa.&nbsp;<\/p>\n\n\n\n<p>Adem\u00e1s de la mandataria local, asisti\u00f3 el secretario de Gobierno, Nicol\u00e1s Mendoza; la directora de Educaci\u00f3n, Gabriela Ram\u00edrez; la directora de Deporte, Mariela Lera; la directora de Recursos Humanos, Andrea Bustos; el director de Prevenci\u00f3n y Seguridad Ciudadana, Cristian Viola e integrantes de la instituci\u00f3n educativa antes mencionada.\u00a0<\/p>\n\n\n\n<figure class=\"wp-block-image size-large\"><img data-attachment-id=\"46986\" data-permalink=\"http:\/\/www.rtvnoticias.com.ar\/?attachment_id=46986\" data-orig-file=\"http:\/\/www.rtvnoticias.com.ar\/wp-content\/uploads\/2025\/09\/Acuerdo-pasantias.jpg\" data-orig-size=\"600,400\" data-comments-opened=\"0\" data-image-meta=\"{&quot;aperture&quot;:&quot;0&quot;,&quot;credit&quot;:&quot;&quot;,&quot;camera&quot;:&quot;&quot;,&quot;caption&quot;:&quot;&quot;,&quot;created_timestamp&quot;:&quot;0&quot;,&quot;copyright&quot;:&quot;&quot;,&quot;focal_length&quot;:&quot;0&quot;,&quot;iso&quot;:&quot;0&quot;,&quot;shutter_speed&quot;:&quot;0&quot;,&quot;title&quot;:&quot;&quot;,&quot;orientation&quot;:&quot;1&quot;}\" data-image-title=\"Acuerdo-pasantias\" data-image-description=\"\" data-image-caption=\"\" data-medium-file=\"http:\/\/www.rtvnoticias.com.ar\/wp-content\/uploads\/2025\/09\/Acuerdo-pasantias-300x200.jpg\" data-large-file=\"http:\/\/www.rtvnoticias.com.ar\/wp-content\/uploads\/2025\/09\/Acuerdo-pasantias.jpg\" decoding=\"async\" loading=\"lazy\" width=\"600\" height=\"400\" src=\"http:\/\/www.rtvnoticias.com.ar\/wp-content\/uploads\/2025\/09\/Acuerdo-pasantias.jpg\" alt=\"\" class=\"wp-image-46986\" srcset=\"http:\/\/www.rtvnoticias.com.ar\/wp-content\/uploads\/2025\/09\/Acuerdo-pasantias.jpg 600w, http:\/\/www.rtvnoticias.com.ar\/wp-content\/uploads\/2025\/09\/Acuerdo-pasantias-300x200.jpg 300w\" sizes=\"(max-width: 600px) 100vw, 600px\" \/><\/figure>\n\n\n\n<p><strong>Acuerdo<\/strong><\/p>\n\n\n\n<p>Al concluir, Gabriela Ram\u00edrez se\u00f1al\u00f3: \u201cEste a\u00f1o comenzamos con las y los chicos de El Salvador y hay tambi\u00e9n de la EPET N\u00b02. Es abrir el municipio para que las y los estudiantes de Formaci\u00f3n Profesional, con conocimientos te\u00f3ricos ya incorporados, puedan realizar las pr\u00e1cticas profesionalizantes\u201d.<\/p>\n\n\n\n<p>\u201cDeben hacer 200 horas c\u00e1tedras, de las cuales 120 son en la escuela y el resto en empresas o aqu\u00ed, d\u00f3nde podr\u00e1n conocer c\u00f3mo funciona el municipio, desempe\u00f1arse en grupos, proponer ideas y dem\u00e1s\u201d, a\u00f1adi\u00f3.<\/p>\n\n\n\n<p>Concluy\u00f3 afirmando que \u201cesto tambi\u00e9n tiene que ver con la transparencia del Gobierno local para que quienes deseen hacer pasant\u00edas puedan concretarlas en la Municipalidad o Facultades con las cuales tenemos acuerdos\u201d.&nbsp;<\/p>\n\n\n\n<p>Por su parte, la directora del colegio, Silvia Pellinacci, indic\u00f3: \u201cLas chicas forman parte de la FP de nuestra instituci\u00f3n, que comienza en el ciclo orientado. Durante el 4\u00b0, 5\u00b0 y 6\u00b0 a\u00f1o hacen diferentes cursos a contraturno y finalizan con el t\u00edtulo de Gestor Administrativo\u201d.&nbsp;<\/p>\n\n\n\n<p>\u201cEs una hermosa propuesta para que ellas y ellos incorporen experiencia laboral, sembrando posibilidades para su futuro, cuyos frutos se observar\u00e1n con el tiempo. Agradecemos la oportunidad a la Municipalidad para que cinco de nuestras alumnas se incorporen en diversas \u00e1reas\u201d, cerr\u00f3.&nbsp;<\/p>\n<div class=\"sharedaddy sd-sharing-enabled\"><div class=\"robots-nocontent sd-block sd-social sd-social-icon sd-sharing\"><h3 class=\"sd-title\">Comparte esto:<\/h3><div class=\"sd-content\"><ul><li class=\"share-twitter\"><a rel=\"nofollow noopener noreferrer\" data-shared=\"sharing-twitter-46984\" class=\"share-twitter sd-button share-icon no-text\" href=\"http:\/\/www.rtvnoticias.com.ar\/?p=46984&amp;share=twitter\" target=\"_blank\" title=\"Haz clic para compartir en Twitter\"><span><\/span><span class=\"sharing-screen-reader-text\">Haz clic para compartir en Twitter (Se abre en una ventana nueva)<\/span><\/a><\/li><li class=\"share-facebook\"><a rel=\"nofollow noopener noreferrer\" data-shared=\"sharing-facebook-46984\" class=\"share-facebook sd-button share-icon no-text\" href=\"http:\/\/www.rtvnoticias.com.ar\/?p=46984&amp;share=facebook\" target=\"_blank\" title=\"Haz clic para compartir en Facebook\"><span><\/span><span class=\"sharing-screen-reader-text\">Haz clic para compartir en Facebook (Se abre en una ventana nueva)<\/span><\/a><\/li><li class=\"share-jetpack-whatsapp\"><a rel=\"nofollow noopener noreferrer\" data-shared=\"\" class=\"share-jetpack-whatsapp sd-button share-icon no-text\" href=\"http:\/\/www.rtvnoticias.com.ar\/?p=46984&amp;share=jetpack-whatsapp\" target=\"_blank\" title=\"Haz clic para compartir en WhatsApp\"><span><\/span><span class=\"sharing-screen-reader-text\">Haz clic para compartir en WhatsApp (Se abre en una ventana nueva)<\/span><\/a><\/li><li class=\"share-telegram\"><a rel=\"nofollow noopener noreferrer\" data-shared=\"\" class=\"share-telegram sd-button share-icon no-text\" href=\"http:\/\/www.rtvnoticias.com.ar\/?p=46984&amp;share=telegram\" target=\"_blank\" title=\"Haz clic para compartir en Telegram\"><span><\/span><span class=\"sharing-screen-reader-text\">Haz clic para compartir en Telegram (Se abre en una ventana nueva)<\/span><\/a><\/li><li class=\"share-end\"><\/li><\/ul><\/div><\/div><\/div>","protected":false},"excerpt":{"rendered":"<p>Cinco estudiantes del Colegio Rep\u00fablica de El Salvador firmaron convenios de pr\u00e1cticas profesionalizantes con la Municipalidad de General Pico. Las j\u00f3venes se desempe\u00f1ar\u00e1n en distintas<\/p>\n<div class=\"sharedaddy sd-sharing-enabled\"><div class=\"robots-nocontent sd-block sd-social sd-social-icon sd-sharing\"><h3 class=\"sd-title\">Comparte esto:<\/h3><div class=\"sd-content\"><ul><li class=\"share-twitter\"><a rel=\"nofollow noopener noreferrer\" data-shared=\"sharing-twitter-46984\" class=\"share-twitter sd-button share-icon no-text\" href=\"http:\/\/www.rtvnoticias.com.ar\/?p=46984&amp;share=twitter\" target=\"_blank\" title=\"Haz clic para compartir en Twitter\"><span><\/span><span class=\"sharing-screen-reader-text\">Haz clic para compartir en Twitter (Se abre en una ventana nueva)<\/span><\/a><\/li><li class=\"share-facebook\"><a rel=\"nofollow noopener noreferrer\" data-shared=\"sharing-facebook-46984\" class=\"share-facebook sd-button share-icon no-text\" href=\"http:\/\/www.rtvnoticias.com.ar\/?p=46984&amp;share=facebook\" target=\"_blank\" title=\"Haz clic para compartir en Facebook\"><span><\/span><span class=\"sharing-screen-reader-text\">Haz clic para compartir en Facebook (Se abre en una ventana nueva)<\/span><\/a><\/li><li class=\"share-jetpack-whatsapp\"><a rel=\"nofollow noopener noreferrer\" data-shared=\"\" class=\"share-jetpack-whatsapp sd-button share-icon no-text\" href=\"http:\/\/www.rtvnoticias.com.ar\/?p=46984&amp;share=jetpack-whatsapp\" target=\"_blank\" title=\"Haz clic para compartir en WhatsApp\"><span><\/span><span class=\"sharing-screen-reader-text\">Haz clic para compartir en WhatsApp (Se abre en una ventana nueva)<\/span><\/a><\/li><li class=\"share-telegram\"><a rel=\"nofollow noopener noreferrer\" data-shared=\"\" class=\"share-telegram sd-button share-icon no-text\" href=\"http:\/\/www.rtvnoticias.com.ar\/?p=46984&amp;share=telegram\" target=\"_blank\" title=\"Haz clic para compartir en Telegram\"><span><\/span><span class=\"sharing-screen-reader-text\">Haz clic para compartir en Telegram (Se abre en una ventana nueva)<\/span><\/a><\/li><li class=\"share-end\"><\/li><\/ul><\/div><\/div><\/div>","protected":false},"author":5,"featured_media":46985,"comment_status":"closed","ping_status":"closed","sticky":false,"template":"","format":"standard","meta":{"spay_email":"","jetpack_publicize_message":"","jetpack_is_tweetstorm":false,"jetpack_publicize_feature_enabled":true},"categories":[1],"tags":[5606],"jetpack_featured_media_url":"http:\/\/www.rtvnoticias.com.ar\/wp-content\/uploads\/2025\/09\/Acuerdo-pasantias4.jpg","jetpack_publicize_connections":[],"jetpack_sharing_enabled":true,"_links":{"self":[{"href":"http:\/\/www.rtvnoticias.com.ar\/index.php?rest_route=\/wp\/v2\/posts\/46984"}],"collection":[{"href":"http:\/\/www.rtvnoticias.com.ar\/index.php?rest_route=\/wp\/v2\/posts"}],"about":[{"href":"http:\/\/www.rtvnoticias.com.ar\/index.php?rest_route=\/wp\/v2\/types\/post"}],"author":[{"embeddable":true,"href":"http:\/\/www.rtvnoticias.com.ar\/index.php?rest_route=\/wp\/v2\/users\/5"}],"replies":[{"embeddable":true,"href":"http:\/\/www.rtvnoticias.com.ar\/index.php?rest_route=%2Fwp%2Fv2%2Fcomments&post=46984"}],"version-history":[{"count":1,"href":"http:\/\/www.rtvnoticias.com.ar\/index.php?rest_route=\/wp\/v2\/posts\/46984\/revisions"}],"predecessor-version":[{"id":46987,"href":"http:\/\/www.rtvnoticias.com.ar\/index.php?rest_route=\/wp\/v2\/posts\/46984\/revisions\/46987"}],"wp:featuredmedia":[{"embeddable":true,"href":"http:\/\/www.rtvnoticias.com.ar\/index.php?rest_route=\/wp\/v2\/media\/46985"}],"wp:attachment":[{"href":"http:\/\/www.rtvnoticias.com.ar\/index.php?rest_route=%2Fwp%2Fv2%2Fmedia&parent=46984"}],"wp:term":[{"taxonomy":"category","embeddable":true,"href":"http:\/\/www.rtvnoticias.com.ar\/index.php?rest_route=%2Fwp%2Fv2%2Fcategories&post=46984"},{"taxonomy":"post_tag","embeddable":true,"href":"http:\/\/www.rtvnoticias.com.ar\/index.php?rest_route=%2Fwp%2Fv2%2Ftags&post=46984"}],"curies":[{"name":"wp","href":"https:\/\/api.w.org\/{rel}","templated":true}]}}