{"id":47000,"date":"2025-09-28T20:41:50","date_gmt":"2025-09-28T23:41:50","guid":{"rendered":"http:\/\/www.rtvnoticias.com.ar\/?p=47000"},"modified":"2025-09-28T20:41:52","modified_gmt":"2025-09-28T23:41:52","slug":"ate-advirtio-que-la-seguridad-aerea-esta-en-riesgo-y-convoco-asambleas-en-los-aeropuertos-del-pais","status":"publish","type":"post","link":"http:\/\/www.rtvnoticias.com.ar\/?p=47000","title":{"rendered":"ATE advirti\u00f3 que la seguridad a\u00e9rea est\u00e1 en riesgo y convoc\u00f3 asambleas en los aeropuertos del pa\u00eds"},"content":{"rendered":"\n<p>El gremio denunci\u00f3 que la ANAC incumple auditor\u00edas internacionales y alert\u00f3 sobre una \u201ccrisis grave\u201d en el sistema aerocomercial. Tambi\u00e9n reclamaron aumentos salariales y el pase a planta permanente de trabajadores precarizados.<\/p>\n\n\n\n<p>La Asociaci\u00f3n Trabajadores del Estado (ATE) convoc\u00f3 este lunes a asambleas en los 21 aeropuertos del pa\u00eds para denunciar el deterioro del sistema aeroportuario y advertir que la seguridad de los vuelos se encuentra en riesgo.<\/p>\n\n\n\n<p>Seg\u00fan el sindicato, la Administraci\u00f3n Nacional de Aviaci\u00f3n Civil (ANAC) incumpli\u00f3 auditor\u00edas internacionales y gener\u00f3 una situaci\u00f3n cr\u00edtica en los servicios aeron\u00e1uticos. \u201cLa seguridad de todos los vuelos est\u00e1 amenazada. La ANAC incumple auditor\u00edas internacionales y provoca una crisis grave en todo el sistema aerocomercial argentino\u201d, se\u00f1al\u00f3 el secretario general de ATE Nacional, Rodolfo Aguiar.<\/p>\n\n\n\n<p>El dirigente responsabiliz\u00f3 directamente al Gobierno por las posibles consecuencias de la medida. \u201cHemos decidido convocar a asambleas en todo el pa\u00eds. Debe quedar claro que, si se producen demoras o se afecta el normal funcionamiento de los aeropuertos, es por exclusiva responsabilidad del Gobierno\u201d, remarc\u00f3.<\/p>\n\n\n\n<p>ATE vincul\u00f3 la situaci\u00f3n con la alerta roja emitida recientemente por la Organizaci\u00f3n de Aviaci\u00f3n Civil Internacional (OACI), que reclam\u00f3 mayor capacidad de control y la incorporaci\u00f3n urgente de personal especializado. \u201cEsto no es joda. Son organismos internacionales los que est\u00e1n advirtiendo que la capacidad de control se encuentra reducida y que se tiene que incorporar m\u00e1s personal como \u00fanica posibilidad de disminuir los riesgos\u201d, sostuvo Aguiar.<\/p>\n\n\n\n<p>Adem\u00e1s, el gremio denunci\u00f3 el congelamiento salarial, la precarizaci\u00f3n laboral y los recortes presupuestarios. \u201cCon trabajadores estresados y fatigados por la multiplicidad de tareas que realizan, no se puede alcanzar la m\u00e1xima seguridad que se requiere\u201d, advirti\u00f3 Aguiar.<\/p>\n\n\n\n<p>ATE exige la reapertura de la paritaria sectorial \u2014cerrada desde hace dos a\u00f1os\u2014 y asegura que, desde diciembre de 2023, el poder adquisitivo del personal perdi\u00f3 un 45%.<\/p>\n\n\n\n<p>Entre los principales reclamos se destacan:<\/p>\n\n\n\n<ul><li>Urgente aumento salarial.<\/li><li>Pase a planta permanente para 200 trabajadores precarizados.<\/li><li>Incremento del \u201cM\u00f3dulo ANAC\u201d en un 20%.<\/li><li>Pago del \u201cSuplemento de Zona\u201d.<\/li><li>Aumento del \u201cAdicional Funci\u00f3n Aeron\u00e1utica Cr\u00edtica\u201d.<\/li><li>Reconocimiento de adicionales por funciones administrativas, t\u00edtulos y horas de instrucci\u00f3n.<\/li><\/ul>\n<div class=\"sharedaddy sd-sharing-enabled\"><div class=\"robots-nocontent sd-block sd-social sd-social-icon sd-sharing\"><h3 class=\"sd-title\">Comparte esto:<\/h3><div class=\"sd-content\"><ul><li class=\"share-twitter\"><a rel=\"nofollow noopener noreferrer\" data-shared=\"sharing-twitter-47000\" class=\"share-twitter sd-button share-icon no-text\" href=\"http:\/\/www.rtvnoticias.com.ar\/?p=47000&amp;share=twitter\" target=\"_blank\" title=\"Haz clic para compartir en Twitter\"><span><\/span><span class=\"sharing-screen-reader-text\">Haz clic para compartir en Twitter (Se abre en una ventana nueva)<\/span><\/a><\/li><li class=\"share-facebook\"><a rel=\"nofollow noopener noreferrer\" data-shared=\"sharing-facebook-47000\" class=\"share-facebook sd-button share-icon no-text\" href=\"http:\/\/www.rtvnoticias.com.ar\/?p=47000&amp;share=facebook\" target=\"_blank\" title=\"Haz clic para compartir en Facebook\"><span><\/span><span class=\"sharing-screen-reader-text\">Haz clic para compartir en Facebook (Se abre en una ventana nueva)<\/span><\/a><\/li><li class=\"share-jetpack-whatsapp\"><a rel=\"nofollow noopener noreferrer\" data-shared=\"\" class=\"share-jetpack-whatsapp sd-button share-icon no-text\" href=\"http:\/\/www.rtvnoticias.com.ar\/?p=47000&amp;share=jetpack-whatsapp\" target=\"_blank\" title=\"Haz clic para compartir en WhatsApp\"><span><\/span><span class=\"sharing-screen-reader-text\">Haz clic para compartir en WhatsApp (Se abre en una ventana nueva)<\/span><\/a><\/li><li class=\"share-telegram\"><a rel=\"nofollow noopener noreferrer\" data-shared=\"\" class=\"share-telegram sd-button share-icon no-text\" href=\"http:\/\/www.rtvnoticias.com.ar\/?p=47000&amp;share=telegram\" target=\"_blank\" title=\"Haz clic para compartir en Telegram\"><span><\/span><span class=\"sharing-screen-reader-text\">Haz clic para compartir en Telegram (Se abre en una ventana nueva)<\/span><\/a><\/li><li class=\"share-end\"><\/li><\/ul><\/div><\/div><\/div>","protected":false},"excerpt":{"rendered":"<p>El gremio denunci\u00f3 que la ANAC incumple auditor\u00edas internacionales y alert\u00f3 sobre una \u201ccrisis grave\u201d en el sistema aerocomercial. Tambi\u00e9n reclamaron aumentos salariales y el<\/p>\n<div class=\"sharedaddy sd-sharing-enabled\"><div class=\"robots-nocontent sd-block sd-social sd-social-icon sd-sharing\"><h3 class=\"sd-title\">Comparte esto:<\/h3><div class=\"sd-content\"><ul><li class=\"share-twitter\"><a rel=\"nofollow noopener noreferrer\" data-shared=\"sharing-twitter-47000\" class=\"share-twitter sd-button share-icon no-text\" href=\"http:\/\/www.rtvnoticias.com.ar\/?p=47000&amp;share=twitter\" target=\"_blank\" title=\"Haz clic para compartir en Twitter\"><span><\/span><span class=\"sharing-screen-reader-text\">Haz clic para compartir en Twitter (Se abre en una ventana nueva)<\/span><\/a><\/li><li class=\"share-facebook\"><a rel=\"nofollow noopener noreferrer\" data-shared=\"sharing-facebook-47000\" class=\"share-facebook sd-button share-icon no-text\" href=\"http:\/\/www.rtvnoticias.com.ar\/?p=47000&amp;share=facebook\" target=\"_blank\" title=\"Haz clic para compartir en Facebook\"><span><\/span><span class=\"sharing-screen-reader-text\">Haz clic para compartir en Facebook (Se abre en una ventana nueva)<\/span><\/a><\/li><li class=\"share-jetpack-whatsapp\"><a rel=\"nofollow noopener noreferrer\" data-shared=\"\" class=\"share-jetpack-whatsapp sd-button share-icon no-text\" href=\"http:\/\/www.rtvnoticias.com.ar\/?p=47000&amp;share=jetpack-whatsapp\" target=\"_blank\" title=\"Haz clic para compartir en WhatsApp\"><span><\/span><span class=\"sharing-screen-reader-text\">Haz clic para compartir en WhatsApp (Se abre en una ventana nueva)<\/span><\/a><\/li><li class=\"share-telegram\"><a rel=\"nofollow noopener noreferrer\" data-shared=\"\" class=\"share-telegram sd-button share-icon no-text\" href=\"http:\/\/www.rtvnoticias.com.ar\/?p=47000&amp;share=telegram\" target=\"_blank\" title=\"Haz clic para compartir en Telegram\"><span><\/span><span class=\"sharing-screen-reader-text\">Haz clic para compartir en Telegram (Se abre en una ventana nueva)<\/span><\/a><\/li><li class=\"share-end\"><\/li><\/ul><\/div><\/div><\/div>","protected":false},"author":7,"featured_media":47005,"comment_status":"closed","ping_status":"closed","sticky":false,"template":"","format":"standard","meta":{"spay_email":"","jetpack_publicize_message":"","jetpack_is_tweetstorm":false,"jetpack_publicize_feature_enabled":true},"categories":[5],"tags":[],"jetpack_featured_media_url":"http:\/\/www.rtvnoticias.com.ar\/wp-content\/uploads\/2025\/09\/aerolineas-argentinas.jpg","jetpack_publicize_connections":[],"jetpack_sharing_enabled":true,"_links":{"self":[{"href":"http:\/\/www.rtvnoticias.com.ar\/index.php?rest_route=\/wp\/v2\/posts\/47000"}],"collection":[{"href":"http:\/\/www.rtvnoticias.com.ar\/index.php?rest_route=\/wp\/v2\/posts"}],"about":[{"href":"http:\/\/www.rtvnoticias.com.ar\/index.php?rest_route=\/wp\/v2\/types\/post"}],"author":[{"embeddable":true,"href":"http:\/\/www.rtvnoticias.com.ar\/index.php?rest_route=\/wp\/v2\/users\/7"}],"replies":[{"embeddable":true,"href":"http:\/\/www.rtvnoticias.com.ar\/index.php?rest_route=%2Fwp%2Fv2%2Fcomments&post=47000"}],"version-history":[{"count":1,"href":"http:\/\/www.rtvnoticias.com.ar\/index.php?rest_route=\/wp\/v2\/posts\/47000\/revisions"}],"predecessor-version":[{"id":47006,"href":"http:\/\/www.rtvnoticias.com.ar\/index.php?rest_route=\/wp\/v2\/posts\/47000\/revisions\/47006"}],"wp:featuredmedia":[{"embeddable":true,"href":"http:\/\/www.rtvnoticias.com.ar\/index.php?rest_route=\/wp\/v2\/media\/47005"}],"wp:attachment":[{"href":"http:\/\/www.rtvnoticias.com.ar\/index.php?rest_route=%2Fwp%2Fv2%2Fmedia&parent=47000"}],"wp:term":[{"taxonomy":"category","embeddable":true,"href":"http:\/\/www.rtvnoticias.com.ar\/index.php?rest_route=%2Fwp%2Fv2%2Fcategories&post=47000"},{"taxonomy":"post_tag","embeddable":true,"href":"http:\/\/www.rtvnoticias.com.ar\/index.php?rest_route=%2Fwp%2Fv2%2Ftags&post=47000"}],"curies":[{"name":"wp","href":"https:\/\/api.w.org\/{rel}","templated":true}]}}