{"id":47007,"date":"2025-09-29T17:46:06","date_gmt":"2025-09-29T20:46:06","guid":{"rendered":"http:\/\/www.rtvnoticias.com.ar\/?p=47007"},"modified":"2025-09-29T17:46:12","modified_gmt":"2025-09-29T20:46:12","slug":"ziliotto-entrego-108-viviendas-del-ipav-en-general-pico","status":"publish","type":"post","link":"http:\/\/www.rtvnoticias.com.ar\/?p=47007","title":{"rendered":"Ziliotto entreg\u00f3 108 viviendas del IPAV en General Pico"},"content":{"rendered":"\n<p>En medio de un clima de celebraci\u00f3n y emoci\u00f3n, el gobernador de La Pampa, Sergio Ziliotto, encabez\u00f3 este lunes en General Pico la entrega de 108 viviendas sociales construidas con fondos del Instituto Provincial de la Vivienda (IPAV). Pero m\u00e1s all\u00e1 de los discursos de agradecimiento, el mandatario aprovech\u00f3 la ocasi\u00f3n para lanzar fuertes cr\u00edticas al Gobierno nacional por el abandono de obras y la falta de financiamiento en materia habitacional.<\/p>\n\n\n\n<p>\u201cNo es f\u00e1cil estar entregando 108 viviendas que ten\u00eda que haber financiado el Gobierno nacional. Por eso ustedes ven aqu\u00ed viviendas terminadas con recursos de los pampeanos\u201d, sentenci\u00f3 Ziliotto durante su discurso, visiblemente molesto por la ausencia de aportes federales. \u201cTodo lo que se va de La Pampa en impuestos al Gobierno nacional, nada vuelve para viviendas\u201d, agreg\u00f3.<\/p>\n\n\n\n<p>El mandatario provincial sostuvo que la entrega de viviendas sociales \u201ces el acto que m\u00e1s llena el alma a quienes tenemos la posibilidad de administrar recursos p\u00fablicos\u201d, y remarc\u00f3 que garantizar el acceso a un techo digno \u201ces una de las responsabilidades m\u00e1s fundamentales del Estado\u201d.<\/p>\n\n\n\n<h5 class=\"wp-block-heading\">Obras paralizadas y reclamos por fondos<\/h5>\n\n\n\n<p>Ziliotto tambi\u00e9n hizo referencia a las obras habitacionales paralizadas en la zona, y apunt\u00f3 directamente contra la gesti\u00f3n nacional por la falta de continuidad. \u201cSolo con girar la vista, al fondo de esta calle, vemos edificios abandonados. Ah\u00ed tendr\u00eda que haber familias viviendo, chicos corriendo, ciudadanos realiz\u00e1ndose\u201d, dijo, en alusi\u00f3n a un proyecto que qued\u00f3 inconcluso por falta de fondos.<\/p>\n\n\n\n<p>Adem\u00e1s, pidi\u00f3 formalmente la transferencia de ese complejo paralizado para poder reactivarlo con recursos provinciales: \u201cVamos a seguir insistiendo para que el Gobierno nacional se d\u00e9 cuenta que en La Pampa viven seres humanos y nos transfieran aquel edificio abandonado para poder transformar unas ruinas en el futuro de muchas familias\u201d.<\/p>\n\n\n\n<h5 class=\"wp-block-heading\">Nuevas medidas habitacionales<\/h5>\n\n\n\n<p>En la misma l\u00ednea, el gobernador aprovech\u00f3 para anunciar una bater\u00eda de medidas orientadas a seguir ampliando el acceso a la vivienda en General Pico:<\/p>\n\n\n\n<ul><li><strong>100 viviendas m\u00e1s:<\/strong> Se sortear\u00e1n a fin de a\u00f1o y ser\u00e1n entregadas en los primeros meses de 2026.<\/li><li><strong>Cr\u00e9ditos IPAV:<\/strong> 73 familias piquenses ya accedieron a pr\u00e9stamos para la autoconstrucci\u00f3n, con cuotas ajustadas al poder adquisitivo.<\/li><li><strong>Lotes con servicios:<\/strong> Se trabaja en la habilitaci\u00f3n de terrenos con servicios b\u00e1sicos para 150 familias.<\/li><li><strong>Viviendas para adultos mayores:<\/strong> Se construir\u00e1n 10 unidades habitacionales destinadas a personas mayores, en convenio con la municipalidad local.<\/li><\/ul>\n\n\n\n<p>Ziliotto cerr\u00f3 su discurso con un mensaje pol\u00edtico de fuerte contenido simb\u00f3lico: \u201cEn este escenario de crueldad que baja del contexto nacional, siempre anteponemos un modelo distinto. Hay otra forma de gobernar, que es con la gente adentro, disfrutando de sus derechos\u201d.<\/p>\n\n\n\n<p>Y concluy\u00f3: \u201cAntes de que finalice mi mandato en 2027, voy a volver muchas veces m\u00e1s a esta ciudad, no solo cumpliendo sue\u00f1os, sino tambi\u00e9n generando derechos y realidades\u201d.<\/p>\n<div class=\"sharedaddy sd-sharing-enabled\"><div class=\"robots-nocontent sd-block sd-social sd-social-icon sd-sharing\"><h3 class=\"sd-title\">Comparte esto:<\/h3><div class=\"sd-content\"><ul><li class=\"share-twitter\"><a rel=\"nofollow noopener noreferrer\" data-shared=\"sharing-twitter-47007\" class=\"share-twitter sd-button share-icon no-text\" href=\"http:\/\/www.rtvnoticias.com.ar\/?p=47007&amp;share=twitter\" target=\"_blank\" title=\"Haz clic para compartir en Twitter\"><span><\/span><span class=\"sharing-screen-reader-text\">Haz clic para compartir en Twitter (Se abre en una ventana nueva)<\/span><\/a><\/li><li class=\"share-facebook\"><a rel=\"nofollow noopener noreferrer\" data-shared=\"sharing-facebook-47007\" class=\"share-facebook sd-button share-icon no-text\" href=\"http:\/\/www.rtvnoticias.com.ar\/?p=47007&amp;share=facebook\" target=\"_blank\" title=\"Haz clic para compartir en Facebook\"><span><\/span><span class=\"sharing-screen-reader-text\">Haz clic para compartir en Facebook (Se abre en una ventana nueva)<\/span><\/a><\/li><li class=\"share-jetpack-whatsapp\"><a rel=\"nofollow noopener noreferrer\" data-shared=\"\" class=\"share-jetpack-whatsapp sd-button share-icon no-text\" href=\"http:\/\/www.rtvnoticias.com.ar\/?p=47007&amp;share=jetpack-whatsapp\" target=\"_blank\" title=\"Haz clic para compartir en WhatsApp\"><span><\/span><span class=\"sharing-screen-reader-text\">Haz clic para compartir en WhatsApp (Se abre en una ventana nueva)<\/span><\/a><\/li><li class=\"share-telegram\"><a rel=\"nofollow noopener noreferrer\" data-shared=\"\" class=\"share-telegram sd-button share-icon no-text\" href=\"http:\/\/www.rtvnoticias.com.ar\/?p=47007&amp;share=telegram\" target=\"_blank\" title=\"Haz clic para compartir en Telegram\"><span><\/span><span class=\"sharing-screen-reader-text\">Haz clic para compartir en Telegram (Se abre en una ventana nueva)<\/span><\/a><\/li><li class=\"share-end\"><\/li><\/ul><\/div><\/div><\/div>","protected":false},"excerpt":{"rendered":"<p>En medio de un clima de celebraci\u00f3n y emoci\u00f3n, el gobernador de La Pampa, Sergio Ziliotto, encabez\u00f3 este lunes en General Pico la entrega de<\/p>\n<div class=\"sharedaddy sd-sharing-enabled\"><div class=\"robots-nocontent sd-block sd-social sd-social-icon sd-sharing\"><h3 class=\"sd-title\">Comparte esto:<\/h3><div class=\"sd-content\"><ul><li class=\"share-twitter\"><a rel=\"nofollow noopener noreferrer\" data-shared=\"sharing-twitter-47007\" class=\"share-twitter sd-button share-icon no-text\" href=\"http:\/\/www.rtvnoticias.com.ar\/?p=47007&amp;share=twitter\" target=\"_blank\" title=\"Haz clic para compartir en Twitter\"><span><\/span><span class=\"sharing-screen-reader-text\">Haz clic para compartir en Twitter (Se abre en una ventana nueva)<\/span><\/a><\/li><li class=\"share-facebook\"><a rel=\"nofollow noopener noreferrer\" data-shared=\"sharing-facebook-47007\" class=\"share-facebook sd-button share-icon no-text\" href=\"http:\/\/www.rtvnoticias.com.ar\/?p=47007&amp;share=facebook\" target=\"_blank\" title=\"Haz clic para compartir en Facebook\"><span><\/span><span class=\"sharing-screen-reader-text\">Haz clic para compartir en Facebook (Se abre en una ventana nueva)<\/span><\/a><\/li><li class=\"share-jetpack-whatsapp\"><a rel=\"nofollow noopener noreferrer\" data-shared=\"\" class=\"share-jetpack-whatsapp sd-button share-icon no-text\" href=\"http:\/\/www.rtvnoticias.com.ar\/?p=47007&amp;share=jetpack-whatsapp\" target=\"_blank\" title=\"Haz clic para compartir en WhatsApp\"><span><\/span><span class=\"sharing-screen-reader-text\">Haz clic para compartir en WhatsApp (Se abre en una ventana nueva)<\/span><\/a><\/li><li class=\"share-telegram\"><a rel=\"nofollow noopener noreferrer\" data-shared=\"\" class=\"share-telegram sd-button share-icon no-text\" href=\"http:\/\/www.rtvnoticias.com.ar\/?p=47007&amp;share=telegram\" target=\"_blank\" title=\"Haz clic para compartir en Telegram\"><span><\/span><span class=\"sharing-screen-reader-text\">Haz clic para compartir en Telegram (Se abre en una ventana nueva)<\/span><\/a><\/li><li class=\"share-end\"><\/li><\/ul><\/div><\/div><\/div>","protected":false},"author":7,"featured_media":47008,"comment_status":"closed","ping_status":"closed","sticky":false,"template":"","format":"standard","meta":{"spay_email":"","jetpack_publicize_message":"","jetpack_is_tweetstorm":false,"jetpack_publicize_feature_enabled":true},"categories":[4],"tags":[],"jetpack_featured_media_url":"http:\/\/www.rtvnoticias.com.ar\/wp-content\/uploads\/2025\/09\/viviendas-ipav-ziliotto.jpg","jetpack_publicize_connections":[],"jetpack_sharing_enabled":true,"_links":{"self":[{"href":"http:\/\/www.rtvnoticias.com.ar\/index.php?rest_route=\/wp\/v2\/posts\/47007"}],"collection":[{"href":"http:\/\/www.rtvnoticias.com.ar\/index.php?rest_route=\/wp\/v2\/posts"}],"about":[{"href":"http:\/\/www.rtvnoticias.com.ar\/index.php?rest_route=\/wp\/v2\/types\/post"}],"author":[{"embeddable":true,"href":"http:\/\/www.rtvnoticias.com.ar\/index.php?rest_route=\/wp\/v2\/users\/7"}],"replies":[{"embeddable":true,"href":"http:\/\/www.rtvnoticias.com.ar\/index.php?rest_route=%2Fwp%2Fv2%2Fcomments&post=47007"}],"version-history":[{"count":1,"href":"http:\/\/www.rtvnoticias.com.ar\/index.php?rest_route=\/wp\/v2\/posts\/47007\/revisions"}],"predecessor-version":[{"id":47009,"href":"http:\/\/www.rtvnoticias.com.ar\/index.php?rest_route=\/wp\/v2\/posts\/47007\/revisions\/47009"}],"wp:featuredmedia":[{"embeddable":true,"href":"http:\/\/www.rtvnoticias.com.ar\/index.php?rest_route=\/wp\/v2\/media\/47008"}],"wp:attachment":[{"href":"http:\/\/www.rtvnoticias.com.ar\/index.php?rest_route=%2Fwp%2Fv2%2Fmedia&parent=47007"}],"wp:term":[{"taxonomy":"category","embeddable":true,"href":"http:\/\/www.rtvnoticias.com.ar\/index.php?rest_route=%2Fwp%2Fv2%2Fcategories&post=47007"},{"taxonomy":"post_tag","embeddable":true,"href":"http:\/\/www.rtvnoticias.com.ar\/index.php?rest_route=%2Fwp%2Fv2%2Ftags&post=47007"}],"curies":[{"name":"wp","href":"https:\/\/api.w.org\/{rel}","templated":true}]}}