{"id":47010,"date":"2025-09-30T05:48:00","date_gmt":"2025-09-30T08:48:00","guid":{"rendered":"http:\/\/www.rtvnoticias.com.ar\/?p=47010"},"modified":"2025-09-29T17:49:31","modified_gmt":"2025-09-29T20:49:31","slug":"la-pampa-impulsa-un-parque-solar-de-15-mw-en-general-pico-tres-ofertas-y-participacion-de-una-empresa-local","status":"publish","type":"post","link":"http:\/\/www.rtvnoticias.com.ar\/?p=47010","title":{"rendered":"La Pampa impulsa un parque solar de 15 MW en General Pico: tres ofertas y participaci\u00f3n de una empresa local"},"content":{"rendered":"\n<p>En un nuevo paso hacia la transici\u00f3n energ\u00e9tica, el Gobierno de La Pampa avanza con la construcci\u00f3n de un parque solar fotovoltaico de 15 megavatios en la ciudad de General Pico, que promete abastecer con energ\u00eda limpia a m\u00e1s de 9.000 hogares pampeanos. Este lunes, se llev\u00f3 a cabo la apertura de sobres de la Licitaci\u00f3n P\u00fablica N\u00b0 1\/25, impulsada por la estatal Pampetrol, con tres ofertas presentadas, entre ellas una que incluye a una empresa local.<\/p>\n\n\n\n<p>El proyecto forma parte del Polo de Desarrollo Energ\u00e9tico y Productivo que impulsa la provincia, y se enmarca en la Ley Provincial N\u00b0 3285 de Desarrollo Energ\u00e9tico, que promueve un modelo de soberan\u00eda energ\u00e9tica basado en energ\u00edas renovables y alianzas con el sector privado.<\/p>\n\n\n\n<p><strong>Las ofertas y el rol pampeano<\/strong><\/p>\n\n\n\n<p>Durante el acto licitatorio se conocieron tres propuestas: dos corresponden a uniones transitorias de empresas (UTE), y una fue presentada de manera individual. Las UTE est\u00e1n conformadas, por un lado, por Albares Renovables S.A. (Espa\u00f1a), Vial A S.A. (La Pampa) y TPS Constructora S.A. (Argentina); y por el otro, por Cimepro S.A., Mart\u00ednez \u2013 De la Fuente S.A. y Megatrans S.A.. La tercera oferta lleg\u00f3 por parte de Austro S.A., de manera individual.<\/p>\n\n\n\n<p>Uno de los datos m\u00e1s destacados es la participaci\u00f3n de la firma pampeana Vial A S.A., que se suma al proyecto junto a socios nacionales e internacionales, como parte de una estrategia de sinergia p\u00fablico-privada. Desde la compa\u00f1\u00eda local subrayaron que la energ\u00eda solar \u201crepresenta una oportunidad \u00fanica para reducir emisiones contaminantes, diversificar la matriz energ\u00e9tica y generar empleo pampeano\u201d.<\/p>\n\n\n\n<p>\u201cNuestra propuesta no solo significa energ\u00eda m\u00e1s sostenible, sino tambi\u00e9n impulso a la econom\u00eda local y un uso responsable del suelo\u201d, aseguraron desde la firma.<\/p>\n\n\n\n<p><strong>C\u00f3mo ser\u00e1 el parque solar<\/strong><\/p>\n\n\n\n<p>El parque solar tendr\u00e1 una potencia inicial de 15 megavatios, con posibilidad de ampliarse en una segunda etapa a 50 megavatios, lo que permitir\u00eda alcanzar a m\u00e1s de 30.000 hogares. La obra se desarrollar\u00e1 en un predio de 100 hect\u00e1reas cedido por el Gobierno provincial, destinado exclusivamente a generaci\u00f3n de energ\u00eda renovable.<\/p>\n\n\n\n<p>La producci\u00f3n ser\u00e1 vendida a la Administraci\u00f3n Provincial de Energ\u00eda (APE) durante un per\u00edodo de 20 a\u00f1os, brindando previsibilidad tanto para el sistema el\u00e9ctrico como para los inversores. La licitaci\u00f3n contempla el desarrollo, construcci\u00f3n, operaci\u00f3n, mantenimiento y puesta en marcha del parque, as\u00ed como la provisi\u00f3n de todos los equipos y materiales necesarios.<\/p>\n\n\n\n<p>Pampetrol participar\u00e1 del proyecto con una participaci\u00f3n del 20% en la UTE ganadora, compartiendo riesgos y beneficios con el sector privado. El contratista, en tanto, deber\u00e1 operar y mantener la planta durante los primeros 12 meses desde la habilitaci\u00f3n comercial.<\/p>\n\n\n\n<p><strong>Pr\u00f3ximos pasos<\/strong><\/p>\n\n\n\n<p>La comisi\u00f3n de preadjudicaci\u00f3n evaluar\u00e1 las ofertas presentadas y emitir\u00e1 su dictamen el 13 de octubre. En caso de avanzar con una de las propuestas, el contrato ser\u00e1 firmado el 24 de octubre, dando inicio al proceso de construcci\u00f3n.<\/p>\n\n\n\n<p>Este emprendimiento se suma al camino iniciado con el Parque Solar de Victorica, ya en funcionamiento, y consolida el rumbo estrat\u00e9gico de La Pampa en materia energ\u00e9tica, con un modelo que apunta a reducir la dependencia externa, generar empleo y enfrentar el cambio clim\u00e1tico con inversi\u00f3n productiva.<\/p>\n<div class=\"sharedaddy sd-sharing-enabled\"><div class=\"robots-nocontent sd-block sd-social sd-social-icon sd-sharing\"><h3 class=\"sd-title\">Comparte esto:<\/h3><div class=\"sd-content\"><ul><li class=\"share-twitter\"><a rel=\"nofollow noopener noreferrer\" data-shared=\"sharing-twitter-47010\" class=\"share-twitter sd-button share-icon no-text\" href=\"http:\/\/www.rtvnoticias.com.ar\/?p=47010&amp;share=twitter\" target=\"_blank\" title=\"Haz clic para compartir en Twitter\"><span><\/span><span class=\"sharing-screen-reader-text\">Haz clic para compartir en Twitter (Se abre en una ventana nueva)<\/span><\/a><\/li><li class=\"share-facebook\"><a rel=\"nofollow noopener noreferrer\" data-shared=\"sharing-facebook-47010\" class=\"share-facebook sd-button share-icon no-text\" href=\"http:\/\/www.rtvnoticias.com.ar\/?p=47010&amp;share=facebook\" target=\"_blank\" title=\"Haz clic para compartir en Facebook\"><span><\/span><span class=\"sharing-screen-reader-text\">Haz clic para compartir en Facebook (Se abre en una ventana nueva)<\/span><\/a><\/li><li class=\"share-jetpack-whatsapp\"><a rel=\"nofollow noopener noreferrer\" data-shared=\"\" class=\"share-jetpack-whatsapp sd-button share-icon no-text\" href=\"http:\/\/www.rtvnoticias.com.ar\/?p=47010&amp;share=jetpack-whatsapp\" target=\"_blank\" title=\"Haz clic para compartir en WhatsApp\"><span><\/span><span class=\"sharing-screen-reader-text\">Haz clic para compartir en WhatsApp (Se abre en una ventana nueva)<\/span><\/a><\/li><li class=\"share-telegram\"><a rel=\"nofollow noopener noreferrer\" data-shared=\"\" class=\"share-telegram sd-button share-icon no-text\" href=\"http:\/\/www.rtvnoticias.com.ar\/?p=47010&amp;share=telegram\" target=\"_blank\" title=\"Haz clic para compartir en Telegram\"><span><\/span><span class=\"sharing-screen-reader-text\">Haz clic para compartir en Telegram (Se abre en una ventana nueva)<\/span><\/a><\/li><li class=\"share-end\"><\/li><\/ul><\/div><\/div><\/div>","protected":false},"excerpt":{"rendered":"<p>En un nuevo paso hacia la transici\u00f3n energ\u00e9tica, el Gobierno de La Pampa avanza con la construcci\u00f3n de un parque solar fotovoltaico de 15 megavatios<\/p>\n<div class=\"sharedaddy sd-sharing-enabled\"><div class=\"robots-nocontent sd-block sd-social sd-social-icon sd-sharing\"><h3 class=\"sd-title\">Comparte esto:<\/h3><div class=\"sd-content\"><ul><li class=\"share-twitter\"><a rel=\"nofollow noopener noreferrer\" data-shared=\"sharing-twitter-47010\" class=\"share-twitter sd-button share-icon no-text\" href=\"http:\/\/www.rtvnoticias.com.ar\/?p=47010&amp;share=twitter\" target=\"_blank\" title=\"Haz clic para compartir en Twitter\"><span><\/span><span class=\"sharing-screen-reader-text\">Haz clic para compartir en Twitter (Se abre en una ventana nueva)<\/span><\/a><\/li><li class=\"share-facebook\"><a rel=\"nofollow noopener noreferrer\" data-shared=\"sharing-facebook-47010\" class=\"share-facebook sd-button share-icon no-text\" href=\"http:\/\/www.rtvnoticias.com.ar\/?p=47010&amp;share=facebook\" target=\"_blank\" title=\"Haz clic para compartir en Facebook\"><span><\/span><span class=\"sharing-screen-reader-text\">Haz clic para compartir en Facebook (Se abre en una ventana nueva)<\/span><\/a><\/li><li class=\"share-jetpack-whatsapp\"><a rel=\"nofollow noopener noreferrer\" data-shared=\"\" class=\"share-jetpack-whatsapp sd-button share-icon no-text\" href=\"http:\/\/www.rtvnoticias.com.ar\/?p=47010&amp;share=jetpack-whatsapp\" target=\"_blank\" title=\"Haz clic para compartir en WhatsApp\"><span><\/span><span class=\"sharing-screen-reader-text\">Haz clic para compartir en WhatsApp (Se abre en una ventana nueva)<\/span><\/a><\/li><li class=\"share-telegram\"><a rel=\"nofollow noopener noreferrer\" data-shared=\"\" class=\"share-telegram sd-button share-icon no-text\" href=\"http:\/\/www.rtvnoticias.com.ar\/?p=47010&amp;share=telegram\" target=\"_blank\" title=\"Haz clic para compartir en Telegram\"><span><\/span><span class=\"sharing-screen-reader-text\">Haz clic para compartir en Telegram (Se abre en una ventana nueva)<\/span><\/a><\/li><li class=\"share-end\"><\/li><\/ul><\/div><\/div><\/div>","protected":false},"author":7,"featured_media":47011,"comment_status":"closed","ping_status":"closed","sticky":false,"template":"","format":"standard","meta":{"spay_email":"","jetpack_publicize_message":"","jetpack_is_tweetstorm":false,"jetpack_publicize_feature_enabled":true},"categories":[3],"tags":[],"jetpack_featured_media_url":"http:\/\/www.rtvnoticias.com.ar\/wp-content\/uploads\/2025\/09\/parquesolarparquefotovoltaicopicoanuncioziliottosergio2024-1-1170x780-1.jpg","jetpack_publicize_connections":[],"jetpack_sharing_enabled":true,"_links":{"self":[{"href":"http:\/\/www.rtvnoticias.com.ar\/index.php?rest_route=\/wp\/v2\/posts\/47010"}],"collection":[{"href":"http:\/\/www.rtvnoticias.com.ar\/index.php?rest_route=\/wp\/v2\/posts"}],"about":[{"href":"http:\/\/www.rtvnoticias.com.ar\/index.php?rest_route=\/wp\/v2\/types\/post"}],"author":[{"embeddable":true,"href":"http:\/\/www.rtvnoticias.com.ar\/index.php?rest_route=\/wp\/v2\/users\/7"}],"replies":[{"embeddable":true,"href":"http:\/\/www.rtvnoticias.com.ar\/index.php?rest_route=%2Fwp%2Fv2%2Fcomments&post=47010"}],"version-history":[{"count":1,"href":"http:\/\/www.rtvnoticias.com.ar\/index.php?rest_route=\/wp\/v2\/posts\/47010\/revisions"}],"predecessor-version":[{"id":47012,"href":"http:\/\/www.rtvnoticias.com.ar\/index.php?rest_route=\/wp\/v2\/posts\/47010\/revisions\/47012"}],"wp:featuredmedia":[{"embeddable":true,"href":"http:\/\/www.rtvnoticias.com.ar\/index.php?rest_route=\/wp\/v2\/media\/47011"}],"wp:attachment":[{"href":"http:\/\/www.rtvnoticias.com.ar\/index.php?rest_route=%2Fwp%2Fv2%2Fmedia&parent=47010"}],"wp:term":[{"taxonomy":"category","embeddable":true,"href":"http:\/\/www.rtvnoticias.com.ar\/index.php?rest_route=%2Fwp%2Fv2%2Fcategories&post=47010"},{"taxonomy":"post_tag","embeddable":true,"href":"http:\/\/www.rtvnoticias.com.ar\/index.php?rest_route=%2Fwp%2Fv2%2Ftags&post=47010"}],"curies":[{"name":"wp","href":"https:\/\/api.w.org\/{rel}","templated":true}]}}