{"id":47013,"date":"2025-09-29T18:01:25","date_gmt":"2025-09-29T21:01:25","guid":{"rendered":"http:\/\/www.rtvnoticias.com.ar\/?p=47013"},"modified":"2025-09-29T18:01:30","modified_gmt":"2025-09-29T21:01:30","slug":"triple-crimen-detuvieron-a-la-sobrina-de-victor-sotacuro","status":"publish","type":"post","link":"http:\/\/www.rtvnoticias.com.ar\/?p=47013","title":{"rendered":"Triple crimen: detuvieron a la sobrina de V\u00edctor Sotacuro"},"content":{"rendered":"\n<p>Florencia, la sobrina de L\u00e1zaro V\u00edctor Sotacuro, el hombre de nacionalidad boliviana acusado de manejar la camioneta blanca en la que llevaron a Morena Verdi (20), Brenda Del Castillo (20) y Lara Guti\u00e9rrez (15) desde La Matanza hasta Florencio Varela, fue detenida.<\/p>\n\n\n\n<p>La mujer estaba en el supuesto auto de apoyo junto a su t\u00edo, de acuerdo a las im\u00e1genes de las c\u00e1maras de seguridad.<\/p>\n\n\n\n<p>Efectivos de la DDI La Matanza y Polic\u00eda de la Ciudad concurrieron al canal A24, donde Ib\u00e1\u00f1ez ofrec\u00eda una entrevista junto a su abogado Guillermo Endi.<\/p>\n\n\n\n<p>Seg\u00fan la informaci\u00f3n corroborada, las autoridades realizar\u00e1n \u201cel acta en la Ciudad\u201d por la jurisdicci\u00f3n y luego ser\u00e1 trasladada a La Matanza.<\/p>\n\n\n\n<p>El defensor dialog\u00f3 con la prensa y afirm\u00f3 que su asistida es \u201cinocente\u201d, a la vez que denunci\u00f3 \u201camenazas\u201d contra la sobrina de Sotacuro.<\/p>\n\n\n\n<p>Seg\u00fan supo la agencia Noticias Argentinas, las autoridades realizar\u00e1n \u00abel acta en la Ciudad\u00bb por la jurisdicci\u00f3n y luego ser\u00e1 trasladada a La Matanza en car\u00e1cter de \u00abpart\u00edcipe\u00bb.<\/p>\n\n\n\n<p>El defensor dialog\u00f3 con la prensa y afirm\u00f3 que su asistida es \u201cinocente\u201d, a la vez que denunci\u00f3 \u201camenazas\u201d contra la sobrina de Sotacuro, quien es la s\u00e9ptima apresada en el caso luego de las capturas de Miguel Villanueva Silva, de 25 a\u00f1os; Mar\u00eda Celeste Gonz\u00e1lez Guerrero (28); Daniela Ibarra (19) y Andr\u00e9s Parra (18), alojados en el complejo de Melchor Romero, en las inmediaciones de La Plata.<\/p>\n\n\n\n<p>Por su parte, Ariel Gim\u00e9nez, el hombre que habr\u00eda sido contratado para cavar los pozos donde se enterraron los cuerpos, los cuales fueron cubiertos con hormig\u00f3n, se neg\u00f3 a declarar este martes, mientras que contin\u00faan las b\u00fasquedas de Julio Valverde, al\u00edas \u00abPeque\u00f1o J\u00bb, y su mano derecha, Mat\u00edas Agust\u00edn Ozorio, de 23 a\u00f1os.<\/p>\n<div class=\"sharedaddy sd-sharing-enabled\"><div class=\"robots-nocontent sd-block sd-social sd-social-icon sd-sharing\"><h3 class=\"sd-title\">Comparte esto:<\/h3><div class=\"sd-content\"><ul><li class=\"share-twitter\"><a rel=\"nofollow noopener noreferrer\" data-shared=\"sharing-twitter-47013\" class=\"share-twitter sd-button share-icon no-text\" href=\"http:\/\/www.rtvnoticias.com.ar\/?p=47013&amp;share=twitter\" target=\"_blank\" title=\"Haz clic para compartir en Twitter\"><span><\/span><span class=\"sharing-screen-reader-text\">Haz clic para compartir en Twitter (Se abre en una ventana nueva)<\/span><\/a><\/li><li class=\"share-facebook\"><a rel=\"nofollow noopener noreferrer\" data-shared=\"sharing-facebook-47013\" class=\"share-facebook sd-button share-icon no-text\" href=\"http:\/\/www.rtvnoticias.com.ar\/?p=47013&amp;share=facebook\" target=\"_blank\" title=\"Haz clic para compartir en Facebook\"><span><\/span><span class=\"sharing-screen-reader-text\">Haz clic para compartir en Facebook (Se abre en una ventana nueva)<\/span><\/a><\/li><li class=\"share-jetpack-whatsapp\"><a rel=\"nofollow noopener noreferrer\" data-shared=\"\" class=\"share-jetpack-whatsapp sd-button share-icon no-text\" href=\"http:\/\/www.rtvnoticias.com.ar\/?p=47013&amp;share=jetpack-whatsapp\" target=\"_blank\" title=\"Haz clic para compartir en WhatsApp\"><span><\/span><span class=\"sharing-screen-reader-text\">Haz clic para compartir en WhatsApp (Se abre en una ventana nueva)<\/span><\/a><\/li><li class=\"share-telegram\"><a rel=\"nofollow noopener noreferrer\" data-shared=\"\" class=\"share-telegram sd-button share-icon no-text\" href=\"http:\/\/www.rtvnoticias.com.ar\/?p=47013&amp;share=telegram\" target=\"_blank\" title=\"Haz clic para compartir en Telegram\"><span><\/span><span class=\"sharing-screen-reader-text\">Haz clic para compartir en Telegram (Se abre en una ventana nueva)<\/span><\/a><\/li><li class=\"share-end\"><\/li><\/ul><\/div><\/div><\/div>","protected":false},"excerpt":{"rendered":"<p>Florencia, la sobrina de L\u00e1zaro V\u00edctor Sotacuro, el hombre de nacionalidad boliviana acusado de manejar la camioneta blanca en la que llevaron a Morena Verdi<\/p>\n<div class=\"sharedaddy sd-sharing-enabled\"><div class=\"robots-nocontent sd-block sd-social sd-social-icon sd-sharing\"><h3 class=\"sd-title\">Comparte esto:<\/h3><div class=\"sd-content\"><ul><li class=\"share-twitter\"><a rel=\"nofollow noopener noreferrer\" data-shared=\"sharing-twitter-47013\" class=\"share-twitter sd-button share-icon no-text\" href=\"http:\/\/www.rtvnoticias.com.ar\/?p=47013&amp;share=twitter\" target=\"_blank\" title=\"Haz clic para compartir en Twitter\"><span><\/span><span class=\"sharing-screen-reader-text\">Haz clic para compartir en Twitter (Se abre en una ventana nueva)<\/span><\/a><\/li><li class=\"share-facebook\"><a rel=\"nofollow noopener noreferrer\" data-shared=\"sharing-facebook-47013\" class=\"share-facebook sd-button share-icon no-text\" href=\"http:\/\/www.rtvnoticias.com.ar\/?p=47013&amp;share=facebook\" target=\"_blank\" title=\"Haz clic para compartir en Facebook\"><span><\/span><span class=\"sharing-screen-reader-text\">Haz clic para compartir en Facebook (Se abre en una ventana nueva)<\/span><\/a><\/li><li class=\"share-jetpack-whatsapp\"><a rel=\"nofollow noopener noreferrer\" data-shared=\"\" class=\"share-jetpack-whatsapp sd-button share-icon no-text\" href=\"http:\/\/www.rtvnoticias.com.ar\/?p=47013&amp;share=jetpack-whatsapp\" target=\"_blank\" title=\"Haz clic para compartir en WhatsApp\"><span><\/span><span class=\"sharing-screen-reader-text\">Haz clic para compartir en WhatsApp (Se abre en una ventana nueva)<\/span><\/a><\/li><li class=\"share-telegram\"><a rel=\"nofollow noopener noreferrer\" data-shared=\"\" class=\"share-telegram sd-button share-icon no-text\" href=\"http:\/\/www.rtvnoticias.com.ar\/?p=47013&amp;share=telegram\" target=\"_blank\" title=\"Haz clic para compartir en Telegram\"><span><\/span><span class=\"sharing-screen-reader-text\">Haz clic para compartir en Telegram (Se abre en una ventana nueva)<\/span><\/a><\/li><li class=\"share-end\"><\/li><\/ul><\/div><\/div><\/div>","protected":false},"author":7,"featured_media":47015,"comment_status":"closed","ping_status":"closed","sticky":false,"template":"","format":"standard","meta":{"spay_email":"","jetpack_publicize_message":"","jetpack_is_tweetstorm":false,"jetpack_publicize_feature_enabled":true},"categories":[1],"tags":[],"jetpack_featured_media_url":"http:\/\/www.rtvnoticias.com.ar\/wp-content\/uploads\/2025\/09\/JKF2F24POFGUDMRC2J6TIAAASM-1.jpeg","jetpack_publicize_connections":[],"jetpack_sharing_enabled":true,"_links":{"self":[{"href":"http:\/\/www.rtvnoticias.com.ar\/index.php?rest_route=\/wp\/v2\/posts\/47013"}],"collection":[{"href":"http:\/\/www.rtvnoticias.com.ar\/index.php?rest_route=\/wp\/v2\/posts"}],"about":[{"href":"http:\/\/www.rtvnoticias.com.ar\/index.php?rest_route=\/wp\/v2\/types\/post"}],"author":[{"embeddable":true,"href":"http:\/\/www.rtvnoticias.com.ar\/index.php?rest_route=\/wp\/v2\/users\/7"}],"replies":[{"embeddable":true,"href":"http:\/\/www.rtvnoticias.com.ar\/index.php?rest_route=%2Fwp%2Fv2%2Fcomments&post=47013"}],"version-history":[{"count":1,"href":"http:\/\/www.rtvnoticias.com.ar\/index.php?rest_route=\/wp\/v2\/posts\/47013\/revisions"}],"predecessor-version":[{"id":47016,"href":"http:\/\/www.rtvnoticias.com.ar\/index.php?rest_route=\/wp\/v2\/posts\/47013\/revisions\/47016"}],"wp:featuredmedia":[{"embeddable":true,"href":"http:\/\/www.rtvnoticias.com.ar\/index.php?rest_route=\/wp\/v2\/media\/47015"}],"wp:attachment":[{"href":"http:\/\/www.rtvnoticias.com.ar\/index.php?rest_route=%2Fwp%2Fv2%2Fmedia&parent=47013"}],"wp:term":[{"taxonomy":"category","embeddable":true,"href":"http:\/\/www.rtvnoticias.com.ar\/index.php?rest_route=%2Fwp%2Fv2%2Fcategories&post=47013"},{"taxonomy":"post_tag","embeddable":true,"href":"http:\/\/www.rtvnoticias.com.ar\/index.php?rest_route=%2Fwp%2Fv2%2Ftags&post=47013"}],"curies":[{"name":"wp","href":"https:\/\/api.w.org\/{rel}","templated":true}]}}