{"id":47041,"date":"2025-09-30T20:57:42","date_gmt":"2025-09-30T23:57:42","guid":{"rendered":"http:\/\/www.rtvnoticias.com.ar\/?p=47041"},"modified":"2025-09-30T20:57:47","modified_gmt":"2025-09-30T23:57:47","slug":"cayo-pequeno-j-en-peru-el-presunto-autor-intelectual-del-triple-femicidio-narco-en-florencio-varela","status":"publish","type":"post","link":"http:\/\/www.rtvnoticias.com.ar\/?p=47041","title":{"rendered":"Cay\u00f3 \u201cPeque\u00f1o J\u201d en Per\u00fa: el presunto autor intelectual del triple femicidio narco en Florencio Varela"},"content":{"rendered":"\n<p>La Polic\u00eda Bonaerense confirm\u00f3 este martes la detenci\u00f3n en Per\u00fa de Tony Janzen Valverde Victoriano, alias \u201cPeque\u00f1o J\u201d, se\u00f1alado como el presunto autor intelectual del triple femicidio narco ocurrido en agosto pasado en Florencio Varela. El sospechoso ten\u00eda pedido de captura internacional y fue arrestado apenas una hora despu\u00e9s de que su mano derecha, Mat\u00edas Agust\u00edn Ozorio, fuera localizado tambi\u00e9n en Lima.<\/p>\n\n\n\n<p>Con estas dos nuevas capturas, ya son nueve los detenidos en el marco de la investigaci\u00f3n por los asesinatos de Brenda del Castillo, Lara Guti\u00e9rrez y Morena Verdi, tres j\u00f3venes que fueron halladas enterradas en una fosa en una zona descampada del partido bonaerense.<\/p>\n\n\n\n<p>Los primeros arrestos ocurrieron d\u00edas despu\u00e9s del crimen. Entre los capturados se encuentran Magal\u00ed Celeste Gonz\u00e1lez Guerrero (28), Andr\u00e9s Maximiliano Parra (18), Iara Daniela Ibarra (19) y Miguel \u00c1ngel Villanueva Silva (27), quienes ya fueron trasladados al penal de Melchor Romero.<\/p>\n\n\n\n<p>Durante el fin de semana, otros dos sospechosos fueron detenidos. V\u00edctor Sotacuro L\u00e1zaro cay\u00f3 en Villaz\u00f3n, una ciudad fronteriza en Bolivia. Por su parte, Ariel Gim\u00e9nez, acusado de cavar la fosa y enterrar los cuerpos, fue capturado en las inmediaciones del barrio donde se cometi\u00f3 el crimen.<\/p>\n\n\n\n<p>El lunes, Florencia Ib\u00e1\u00f1ez \u2014sobrina de Sotacuro L\u00e1zaro\u2014 tambi\u00e9n fue aprehendida. Seg\u00fan la investigaci\u00f3n, habr\u00eda estado en el mismo veh\u00edculo con su t\u00edo la noche del crimen. Ambos fueron indagados en las \u00faltimas horas por el fiscal de Homicidios, Carlos Adri\u00e1n Arribas.<\/p>\n\n\n\n<h3 class=\"wp-block-heading\">Un crimen transmitido en redes<\/h3>\n\n\n\n<p>Desde un principio, la Justicia tuvo a \u201cPeque\u00f1o J\u201d en la mira como el principal responsable del triple femicidio. La hip\u00f3tesis m\u00e1s firme indica que no solo habr\u00eda ordenado la ejecuci\u00f3n de las tres v\u00edctimas, sino que tambi\u00e9n ide\u00f3 un plan para transmitir en vivo los asesinatos a trav\u00e9s de redes sociales.<\/p>\n\n\n\n<p>La brutal estrategia tendr\u00eda como objetivo enviar un mensaje dentro del circuito narco. Seg\u00fan fuentes del caso, la difusi\u00f3n del crimen buscaba amplificar el terror y reafirmar el control del grupo sobre el territorio.<\/p>\n\n\n\n<p>El ministro de Seguridad bonaerense, Javier Alonso, se\u00f1al\u00f3 recientemente que \u201cPeque\u00f1o J\u201d buscaba expandir su red narco al Bajo Flores, con especial inter\u00e9s en el tr\u00e1fico de \u201ctusi\u201d \u2014una droga sint\u00e9tica conocida como \u201ccoca\u00edna rosa\u201d\u2014 y establecerse tambi\u00e9n en Florencio Varela.<\/p>\n\n\n\n<p>La causa sigue en manos del fiscal Arribas, quien no descarta nuevas detenciones en las pr\u00f3ximas horas.<\/p>\n<div class=\"sharedaddy sd-sharing-enabled\"><div class=\"robots-nocontent sd-block sd-social sd-social-icon sd-sharing\"><h3 class=\"sd-title\">Comparte esto:<\/h3><div class=\"sd-content\"><ul><li class=\"share-twitter\"><a rel=\"nofollow noopener noreferrer\" data-shared=\"sharing-twitter-47041\" class=\"share-twitter sd-button share-icon no-text\" href=\"http:\/\/www.rtvnoticias.com.ar\/?p=47041&amp;share=twitter\" target=\"_blank\" title=\"Haz clic para compartir en Twitter\"><span><\/span><span class=\"sharing-screen-reader-text\">Haz clic para compartir en Twitter (Se abre en una ventana nueva)<\/span><\/a><\/li><li class=\"share-facebook\"><a rel=\"nofollow noopener noreferrer\" data-shared=\"sharing-facebook-47041\" class=\"share-facebook sd-button share-icon no-text\" href=\"http:\/\/www.rtvnoticias.com.ar\/?p=47041&amp;share=facebook\" target=\"_blank\" title=\"Haz clic para compartir en Facebook\"><span><\/span><span class=\"sharing-screen-reader-text\">Haz clic para compartir en Facebook (Se abre en una ventana nueva)<\/span><\/a><\/li><li class=\"share-jetpack-whatsapp\"><a rel=\"nofollow noopener noreferrer\" data-shared=\"\" class=\"share-jetpack-whatsapp sd-button share-icon no-text\" href=\"http:\/\/www.rtvnoticias.com.ar\/?p=47041&amp;share=jetpack-whatsapp\" target=\"_blank\" title=\"Haz clic para compartir en WhatsApp\"><span><\/span><span class=\"sharing-screen-reader-text\">Haz clic para compartir en WhatsApp (Se abre en una ventana nueva)<\/span><\/a><\/li><li class=\"share-telegram\"><a rel=\"nofollow noopener noreferrer\" data-shared=\"\" class=\"share-telegram sd-button share-icon no-text\" href=\"http:\/\/www.rtvnoticias.com.ar\/?p=47041&amp;share=telegram\" target=\"_blank\" title=\"Haz clic para compartir en Telegram\"><span><\/span><span class=\"sharing-screen-reader-text\">Haz clic para compartir en Telegram (Se abre en una ventana nueva)<\/span><\/a><\/li><li class=\"share-end\"><\/li><\/ul><\/div><\/div><\/div>","protected":false},"excerpt":{"rendered":"<p>La Polic\u00eda Bonaerense confirm\u00f3 este martes la detenci\u00f3n en Per\u00fa de Tony Janzen Valverde Victoriano, alias \u201cPeque\u00f1o J\u201d, se\u00f1alado como el presunto autor intelectual del<\/p>\n<div class=\"sharedaddy sd-sharing-enabled\"><div class=\"robots-nocontent sd-block sd-social sd-social-icon sd-sharing\"><h3 class=\"sd-title\">Comparte esto:<\/h3><div class=\"sd-content\"><ul><li class=\"share-twitter\"><a rel=\"nofollow noopener noreferrer\" data-shared=\"sharing-twitter-47041\" class=\"share-twitter sd-button share-icon no-text\" href=\"http:\/\/www.rtvnoticias.com.ar\/?p=47041&amp;share=twitter\" target=\"_blank\" title=\"Haz clic para compartir en Twitter\"><span><\/span><span class=\"sharing-screen-reader-text\">Haz clic para compartir en Twitter (Se abre en una ventana nueva)<\/span><\/a><\/li><li class=\"share-facebook\"><a rel=\"nofollow noopener noreferrer\" data-shared=\"sharing-facebook-47041\" class=\"share-facebook sd-button share-icon no-text\" href=\"http:\/\/www.rtvnoticias.com.ar\/?p=47041&amp;share=facebook\" target=\"_blank\" title=\"Haz clic para compartir en Facebook\"><span><\/span><span class=\"sharing-screen-reader-text\">Haz clic para compartir en Facebook (Se abre en una ventana nueva)<\/span><\/a><\/li><li class=\"share-jetpack-whatsapp\"><a rel=\"nofollow noopener noreferrer\" data-shared=\"\" class=\"share-jetpack-whatsapp sd-button share-icon no-text\" href=\"http:\/\/www.rtvnoticias.com.ar\/?p=47041&amp;share=jetpack-whatsapp\" target=\"_blank\" title=\"Haz clic para compartir en WhatsApp\"><span><\/span><span class=\"sharing-screen-reader-text\">Haz clic para compartir en WhatsApp (Se abre en una ventana nueva)<\/span><\/a><\/li><li class=\"share-telegram\"><a rel=\"nofollow noopener noreferrer\" data-shared=\"\" class=\"share-telegram sd-button share-icon no-text\" href=\"http:\/\/www.rtvnoticias.com.ar\/?p=47041&amp;share=telegram\" target=\"_blank\" title=\"Haz clic para compartir en Telegram\"><span><\/span><span class=\"sharing-screen-reader-text\">Haz clic para compartir en Telegram (Se abre en una ventana nueva)<\/span><\/a><\/li><li class=\"share-end\"><\/li><\/ul><\/div><\/div><\/div>","protected":false},"author":7,"featured_media":47042,"comment_status":"closed","ping_status":"closed","sticky":false,"template":"","format":"standard","meta":{"spay_email":"","jetpack_publicize_message":"","jetpack_is_tweetstorm":false,"jetpack_publicize_feature_enabled":true},"categories":[5],"tags":[],"jetpack_featured_media_url":"http:\/\/www.rtvnoticias.com.ar\/wp-content\/uploads\/2025\/09\/pequenojtriplefemicidioflorenciovarelalaramorena2025-2.jpg","jetpack_publicize_connections":[],"jetpack_sharing_enabled":true,"_links":{"self":[{"href":"http:\/\/www.rtvnoticias.com.ar\/index.php?rest_route=\/wp\/v2\/posts\/47041"}],"collection":[{"href":"http:\/\/www.rtvnoticias.com.ar\/index.php?rest_route=\/wp\/v2\/posts"}],"about":[{"href":"http:\/\/www.rtvnoticias.com.ar\/index.php?rest_route=\/wp\/v2\/types\/post"}],"author":[{"embeddable":true,"href":"http:\/\/www.rtvnoticias.com.ar\/index.php?rest_route=\/wp\/v2\/users\/7"}],"replies":[{"embeddable":true,"href":"http:\/\/www.rtvnoticias.com.ar\/index.php?rest_route=%2Fwp%2Fv2%2Fcomments&post=47041"}],"version-history":[{"count":1,"href":"http:\/\/www.rtvnoticias.com.ar\/index.php?rest_route=\/wp\/v2\/posts\/47041\/revisions"}],"predecessor-version":[{"id":47043,"href":"http:\/\/www.rtvnoticias.com.ar\/index.php?rest_route=\/wp\/v2\/posts\/47041\/revisions\/47043"}],"wp:featuredmedia":[{"embeddable":true,"href":"http:\/\/www.rtvnoticias.com.ar\/index.php?rest_route=\/wp\/v2\/media\/47042"}],"wp:attachment":[{"href":"http:\/\/www.rtvnoticias.com.ar\/index.php?rest_route=%2Fwp%2Fv2%2Fmedia&parent=47041"}],"wp:term":[{"taxonomy":"category","embeddable":true,"href":"http:\/\/www.rtvnoticias.com.ar\/index.php?rest_route=%2Fwp%2Fv2%2Fcategories&post=47041"},{"taxonomy":"post_tag","embeddable":true,"href":"http:\/\/www.rtvnoticias.com.ar\/index.php?rest_route=%2Fwp%2Fv2%2Ftags&post=47041"}],"curies":[{"name":"wp","href":"https:\/\/api.w.org\/{rel}","templated":true}]}}