{"id":47047,"date":"2025-10-01T20:16:48","date_gmt":"2025-10-01T23:16:48","guid":{"rendered":"http:\/\/www.rtvnoticias.com.ar\/?p=47047"},"modified":"2025-10-01T20:16:54","modified_gmt":"2025-10-01T23:16:54","slug":"la-pampa-y-buenos-aires-estrechan-vinculos-para-potenciar-la-produccion-el-comercio-y-el-empleo","status":"publish","type":"post","link":"http:\/\/www.rtvnoticias.com.ar\/?p=47047","title":{"rendered":"La Pampa y Buenos Aires estrechan v\u00ednculos para potenciar la producci\u00f3n, el comercio y el empleo"},"content":{"rendered":"\n<p><strong>\u201cEstamos dando muestras de que hay otra Argentina posible, una Argentina de la producci\u00f3n, del trabajo, inclusiva y humana\u201d, afirm\u00f3 el gobernador Sergio Ziliotto en la apertura de la Ronda de Negocios entre Buenos Aires y La Pampa que se desarroll\u00f3 con el objetivo de fortalecer los lazos comerciales a lo largo del corredor de la Ruta Nacional N\u00ba 5. <\/strong>\u00a0<\/p>\n\n\n\n<p>La\u00a0 apertura de las actividades fueron encabezadas por el gobernador de La Pampa, Sergio Ziliotto; el ministro de Producci\u00f3n, Ciencias e Innovaci\u00f3n Tecnol\u00f3gica de Buenos Aires, Augusto Costa; el ministro de Gobierno de la Provincia de Buenos Aires, Carlos Bianco; la ministra de la Producci\u00f3n de La Pampa, Fernanda Gonz\u00e1lez y el titular de la Agencia I-COMEX, Sebasti\u00e1n Lastiri.<\/p>\n\n\n\n<p>Adem\u00e1s, estuvieron presentes intendentes de La Pampa y Buenos Aires,\u00a0 autoridades del Banco de La Pampa,\u00a0 del Fondo de Garant\u00edas Pampeana,\u00a0 del Comit\u00e9 de Vigilancia y Zona Franca; empresarios y empresarias de ambas provincias.<\/p>\n\n\n\n<p><strong>\u201cSin causas colectivas perdemos todos\u201d<\/strong><\/p>\n\n\n\n<p>Tras dar la bienvenida a los asistentes, Ziliotto sostuvo que ante el contexto nacional, el encuentro de negocios entre ambas provincias \u201cva mucho m\u00e1s all\u00e1 de una ronda de negocios, de ver c\u00f3mo potenciamos nuestros activos regionales. Hoy estamos dando una muestra que hay otra Argentina posible.\u00a0 Una Argentina de la producci\u00f3n, del trabajo, inclusiva y humana\u201d.<\/p>\n\n\n\n<p>En este sentido dijo que \u201cno hay otro camino si queremos que realmente el modelo de desarrollo del pa\u00eds sea inclusivo para todas y todos. La \u00fanica manera es el trabajo conjunto, no s\u00f3lo con la articulaci\u00f3n entre las fuerzas productivas de dos provincias, no s\u00f3lo en el trabajo mancomunado entre dos gobiernos provinciales, sino tambi\u00e9n con la necesaria y estrat\u00e9gica sinergia p\u00fablico-privada\u201d. \u00a0<\/p>\n\n\n\n<p>Llam\u00f3 a los presentes a revelarse \u201cante las falsas dicotom\u00edas que nos quiere imponer el poder real para dividirnos\u201d y subray\u00f3 que si no se construyen \u201ccausas colectivas y dejamos de lado el individualismo, perderemos absolutamente todos. Ante una de las \u00a0tantas grietas de las que nos quieren hacer part\u00edcipes, nosotros respondemos trabajando en conjunto\u201d.<\/p>\n\n\n\n<p>\u201cEn lo que nos corresponde por parte del Gobierno, tenemos la convicci\u00f3n que el Estado tiene la obligaci\u00f3n de intervenir virtuosamente en la econom\u00eda, para hacerle m\u00e1s f\u00e1cil la vida a ustedes, \u00a0que hoy est\u00e1 surcada por distintos aspectos negativos de la macroeconom\u00eda y de un modelo de gobierno econ\u00f3mico y social que ha dejado de lado la producci\u00f3n y el trabajo como uno de los principales ejes del desarrollo\u201d, puntualiz\u00f3 el gobernador pampeano.<\/p>\n\n\n\n<p><strong>\u201cPerseguimos un objetivo com\u00fan\u201d<\/strong><\/p>\n\n\n\n<p>Celebr\u00f3 que los presentes \u201coptan por invertir y no por la timba financiera. Tozudamente siguen optando por la producci\u00f3n y trabajo, por \u00a0generar mayor calidad de vida y los gobernadores tenemos la obligaci\u00f3n de ayudarlos, porque perseguimos el objetivo com\u00fan de tener un pa\u00eds cada vez m\u00e1s desarrollado,\u00a0 m\u00e1s inclusivo, con mayor oportunidad para todas y todos\u201d.<\/p>\n\n\n\n<p>\u201cCon la provincia de Buenos Aires no s\u00f3lo nos une a una vecindad geogr\u00e1fica, nos une tambi\u00e9n una concepci\u00f3n de para qu\u00e9 est\u00e1 el Estado. Por eso compartimos herramientas similares: las dos provincias tenemos un banco p\u00fablico al servicio de la producci\u00f3n, al fomento de la actividad econ\u00f3mica; tenemos un fondo de garant\u00edas p\u00fablicas; tenemos agencias de ciencias y tecnolog\u00edas para que a partir de la innovaci\u00f3n pongamos mayor eficiencia a los procesos productivos y generemos competitividad para empezar a buscar nuevos mercados fuera de nuestro pa\u00eds\u201d, expres\u00f3.<\/p>\n\n\n\n<p>Finalmente sostuvo que \u201caunque a algunos no les guste, aunque a algunos desde el obelisco miren a las provincias como unidades de\u00a0 gastos, como degenerados fiscales o como responsables de la falta de actividad econ\u00f3mica del pa\u00eds, nosotros tenemos la posibilidad de mostrar fehacientemente que somos Estados eficientes\u201d.<\/p>\n\n\n\n<p>\u201cA pesar del castigo nacional, seguimos dando respuesta permanentemente, y en ese camino no nos vamos a detener.\u00a0 Sepan que en \u00a0este camino de integraci\u00f3n, de articulaci\u00f3n y \u00a0de trabajo en conjunto siempre van a contar con nosotros\u201d, concluy\u00f3.<\/p>\n\n\n\n<p><strong>Costa: \u201cNecesitamos un escenario nacional que no sea hostil\u201d<\/strong><\/p>\n\n\n\n<p>El ministro de Producci\u00f3n, Ciencia e Innovaci\u00f3n Tecnol\u00f3gica de la Provincia de Buenos Aires, Augusto Costa,\u00a0 mencion\u00f3 que \u201clas rondas de negocios son una de las herramientas que venimos trabajando. Esta es la ronda de negocios n\u00famero 93 que hacemos desde el a\u00f1o 2021, y esta es la primera interjurisdiccional\u201d.<\/p>\n\n\n\n<p>\u201cTambi\u00e9n hemos tenido experiencias de rondas internacionales, donde importadores de otros pa\u00edses visitan la provincia de Buenos Aires y tienen reuniones de negocios con proveedores y empresas locales, con muy buenos resultados\u201d, relat\u00f3.<\/p>\n\n\n\n<p>Precis\u00f3 que \u201ca partir de rondas de negocios, empresas bonaerenses, pymes muy peque\u00f1as, que con la ayuda del Banco Provincia y de cr\u00e9ditos para poder invertir y crecer, pudieron empezar a abastecer a grandes cadenas de supermercados, que para muchas empresas implica un salto de escala y de crecimiento de negocio que es muy dif\u00edcil hacer por su cuenta\u201d.<\/p>\n\n\n\n<p>\u201cPara nosotros \u00a0es importante brindar estas herramientas, teniendo muy claro que lo que pueda hacer la provincia de La Pampa, la provincia de Buenos Aires y todas las herramientas que pueda brindar, necesitan un contexto nacional que genere un escenario para el desarrollo de los negocios que no sea hostil o que no vaya en contra de las necesidades de los sectores productivos\u201d, afirm\u00f3.<\/p>\n\n\n\n<p><strong>\u201cHoy todos los pa\u00edses del mundo est\u00e1n en otra sinton\u00eda\u201d<\/strong><\/p>\n\n\n\n<p>El ministro de Gobierno de Buenos Aires, Carlos Bianco, hizo un detallado resumen\u00a0 de las adversidades que afrontan las provincias a ra\u00edz de las pol\u00edticas de ajuste y achicamiento que aplica el Gobierno nacional.<\/p>\n\n\n\n<p>\u201cM\u00e1s all\u00e1 de que estamos trabajando para que prosperen los negocios, los v\u00ednculos entre las empresas de la provincia de Buenos Aires y La Pampa, sabemos que el contexto general no es el mejor para la producci\u00f3n y para el empleo nacional. Eso tiene que ver con varias de las pol\u00edticas del r\u00e9gimen macroecon\u00f3mico que est\u00e1 aplicando el Gobierno nacional\u201d, indic\u00f3 el ministro bonaerense.<\/p>\n\n\n\n<p>\u201cHoy todos los pa\u00edses del mundo est\u00e1n en otra sinton\u00eda, inclusive Trump, al que tanto admira el presidente Milei. Dice muchas barbaridades, pero en algunas cosas tienen mucha sensatez, cuando uno quiere defender la producci\u00f3n y el trabajo nacional. \u00c9l, como Presidente, hoy tiene una pol\u00edtica arancelaria y pararancelaria que tiene un objetivo muy claro, que es reindustrializar a los Estados Unidos. Nuestro presidente se podr\u00eda copiar un poquito de esas pol\u00edticas, pero hace exactamente lo contrario\u201d, dijo en otro tramo de su exposici\u00f3n.<\/p>\n\n\n\n<p>Detall\u00f3 los inconvenientes que genera la pol\u00edtica cambiaria, la apertura indiscriminada y \u201cla falta de acci\u00f3n de la Canciller\u00eda y del\u00a0 Ministerio de Econom\u00eda para proteger,\u00a0 a trav\u00e9s de arancele y otras medidas, a la producci\u00f3n nacional\u201d.<\/p>\n\n\n\n<p>\u201cLa pol\u00edtica de inversiones que est\u00e1 llevando adelante el Gobierno nacional -agreg\u00f3- tampoco favorece la producci\u00f3n, el valor agregado, la generaci\u00f3n de empleo de calidad en nuestro pa\u00eds\u201d.\u00a0<\/p>\n\n\n\n<p><strong>147 empresas presentes<\/strong><\/p>\n\n\n\n<p>La ronda de negocios fue organizada\u00a0 por el Ministerio de la Producci\u00f3n de La Pampa y el Ministerio de Producci\u00f3n, Ciencia e Innovaci\u00f3n Tecnol\u00f3gica bonaerense, con el acompa\u00f1amiento de la Agencia I-COMEX La Pampa.<\/p>\n\n\n\n<p>El objetivo central\u00a0 encuentro estuvo centrado en generar un espacio concreto para unir esfuerzos entre provincias, potenciar la producci\u00f3n y generar m\u00e1s trabajo, fortaleciendo los lazos comerciales a lo largo del corredor de la Ruta Nacional N\u00ba 5.<\/p>\n\n\n\n<p>Del encuentro participaron 147 empresas, 62 de ellas bonaerenses y 85 pampeanas que participaron de distintas rondas de negocios, con la participaci\u00f3n de funcionarios y t\u00e9cnicos de las \u00e1reas de producci\u00f3n de ambas provincias. Se trabaj\u00f3, fundamentalmente, en promover condiciones que favorezcan la inversi\u00f3n y el trabajo en el marco de un escenario marcado por pol\u00edticas nacionales de ajuste que no favorecen la producci\u00f3n y el empleo argentino.<\/p>\n<div class=\"sharedaddy sd-sharing-enabled\"><div class=\"robots-nocontent sd-block sd-social sd-social-icon sd-sharing\"><h3 class=\"sd-title\">Comparte esto:<\/h3><div class=\"sd-content\"><ul><li class=\"share-twitter\"><a rel=\"nofollow noopener noreferrer\" data-shared=\"sharing-twitter-47047\" class=\"share-twitter sd-button share-icon no-text\" href=\"http:\/\/www.rtvnoticias.com.ar\/?p=47047&amp;share=twitter\" target=\"_blank\" title=\"Haz clic para compartir en Twitter\"><span><\/span><span class=\"sharing-screen-reader-text\">Haz clic para compartir en Twitter (Se abre en una ventana nueva)<\/span><\/a><\/li><li class=\"share-facebook\"><a rel=\"nofollow noopener noreferrer\" data-shared=\"sharing-facebook-47047\" class=\"share-facebook sd-button share-icon no-text\" href=\"http:\/\/www.rtvnoticias.com.ar\/?p=47047&amp;share=facebook\" target=\"_blank\" title=\"Haz clic para compartir en Facebook\"><span><\/span><span class=\"sharing-screen-reader-text\">Haz clic para compartir en Facebook (Se abre en una ventana nueva)<\/span><\/a><\/li><li class=\"share-jetpack-whatsapp\"><a rel=\"nofollow noopener noreferrer\" data-shared=\"\" class=\"share-jetpack-whatsapp sd-button share-icon no-text\" href=\"http:\/\/www.rtvnoticias.com.ar\/?p=47047&amp;share=jetpack-whatsapp\" target=\"_blank\" title=\"Haz clic para compartir en WhatsApp\"><span><\/span><span class=\"sharing-screen-reader-text\">Haz clic para compartir en WhatsApp (Se abre en una ventana nueva)<\/span><\/a><\/li><li class=\"share-telegram\"><a rel=\"nofollow noopener noreferrer\" data-shared=\"\" class=\"share-telegram sd-button share-icon no-text\" href=\"http:\/\/www.rtvnoticias.com.ar\/?p=47047&amp;share=telegram\" target=\"_blank\" title=\"Haz clic para compartir en Telegram\"><span><\/span><span class=\"sharing-screen-reader-text\">Haz clic para compartir en Telegram (Se abre en una ventana nueva)<\/span><\/a><\/li><li class=\"share-end\"><\/li><\/ul><\/div><\/div><\/div>","protected":false},"excerpt":{"rendered":"<p>\u201cEstamos dando muestras de que hay otra Argentina posible, una Argentina de la producci\u00f3n, del trabajo, inclusiva y humana\u201d, afirm\u00f3 el gobernador Sergio Ziliotto en<\/p>\n<div class=\"sharedaddy sd-sharing-enabled\"><div class=\"robots-nocontent sd-block sd-social sd-social-icon sd-sharing\"><h3 class=\"sd-title\">Comparte esto:<\/h3><div class=\"sd-content\"><ul><li class=\"share-twitter\"><a rel=\"nofollow noopener noreferrer\" data-shared=\"sharing-twitter-47047\" class=\"share-twitter sd-button share-icon no-text\" href=\"http:\/\/www.rtvnoticias.com.ar\/?p=47047&amp;share=twitter\" target=\"_blank\" title=\"Haz clic para compartir en Twitter\"><span><\/span><span class=\"sharing-screen-reader-text\">Haz clic para compartir en Twitter (Se abre en una ventana nueva)<\/span><\/a><\/li><li class=\"share-facebook\"><a rel=\"nofollow noopener noreferrer\" data-shared=\"sharing-facebook-47047\" class=\"share-facebook sd-button share-icon no-text\" href=\"http:\/\/www.rtvnoticias.com.ar\/?p=47047&amp;share=facebook\" target=\"_blank\" title=\"Haz clic para compartir en Facebook\"><span><\/span><span class=\"sharing-screen-reader-text\">Haz clic para compartir en Facebook (Se abre en una ventana nueva)<\/span><\/a><\/li><li class=\"share-jetpack-whatsapp\"><a rel=\"nofollow noopener noreferrer\" data-shared=\"\" class=\"share-jetpack-whatsapp sd-button share-icon no-text\" href=\"http:\/\/www.rtvnoticias.com.ar\/?p=47047&amp;share=jetpack-whatsapp\" target=\"_blank\" title=\"Haz clic para compartir en WhatsApp\"><span><\/span><span class=\"sharing-screen-reader-text\">Haz clic para compartir en WhatsApp (Se abre en una ventana nueva)<\/span><\/a><\/li><li class=\"share-telegram\"><a rel=\"nofollow noopener noreferrer\" data-shared=\"\" class=\"share-telegram sd-button share-icon no-text\" href=\"http:\/\/www.rtvnoticias.com.ar\/?p=47047&amp;share=telegram\" target=\"_blank\" title=\"Haz clic para compartir en Telegram\"><span><\/span><span class=\"sharing-screen-reader-text\">Haz clic para compartir en Telegram (Se abre en una ventana nueva)<\/span><\/a><\/li><li class=\"share-end\"><\/li><\/ul><\/div><\/div><\/div>","protected":false},"author":5,"featured_media":47048,"comment_status":"closed","ping_status":"closed","sticky":false,"template":"","format":"standard","meta":{"spay_email":"","jetpack_publicize_message":"","jetpack_is_tweetstorm":false,"jetpack_publicize_feature_enabled":true},"categories":[4],"tags":[5612],"jetpack_featured_media_url":"http:\/\/www.rtvnoticias.com.ar\/wp-content\/uploads\/2025\/10\/ziliotto-comercio-bsas.jpg","jetpack_publicize_connections":[],"jetpack_sharing_enabled":true,"_links":{"self":[{"href":"http:\/\/www.rtvnoticias.com.ar\/index.php?rest_route=\/wp\/v2\/posts\/47047"}],"collection":[{"href":"http:\/\/www.rtvnoticias.com.ar\/index.php?rest_route=\/wp\/v2\/posts"}],"about":[{"href":"http:\/\/www.rtvnoticias.com.ar\/index.php?rest_route=\/wp\/v2\/types\/post"}],"author":[{"embeddable":true,"href":"http:\/\/www.rtvnoticias.com.ar\/index.php?rest_route=\/wp\/v2\/users\/5"}],"replies":[{"embeddable":true,"href":"http:\/\/www.rtvnoticias.com.ar\/index.php?rest_route=%2Fwp%2Fv2%2Fcomments&post=47047"}],"version-history":[{"count":1,"href":"http:\/\/www.rtvnoticias.com.ar\/index.php?rest_route=\/wp\/v2\/posts\/47047\/revisions"}],"predecessor-version":[{"id":47049,"href":"http:\/\/www.rtvnoticias.com.ar\/index.php?rest_route=\/wp\/v2\/posts\/47047\/revisions\/47049"}],"wp:featuredmedia":[{"embeddable":true,"href":"http:\/\/www.rtvnoticias.com.ar\/index.php?rest_route=\/wp\/v2\/media\/47048"}],"wp:attachment":[{"href":"http:\/\/www.rtvnoticias.com.ar\/index.php?rest_route=%2Fwp%2Fv2%2Fmedia&parent=47047"}],"wp:term":[{"taxonomy":"category","embeddable":true,"href":"http:\/\/www.rtvnoticias.com.ar\/index.php?rest_route=%2Fwp%2Fv2%2Fcategories&post=47047"},{"taxonomy":"post_tag","embeddable":true,"href":"http:\/\/www.rtvnoticias.com.ar\/index.php?rest_route=%2Fwp%2Fv2%2Ftags&post=47047"}],"curies":[{"name":"wp","href":"https:\/\/api.w.org\/{rel}","templated":true}]}}