{"id":47059,"date":"2025-10-03T09:31:23","date_gmt":"2025-10-03T12:31:23","guid":{"rendered":"http:\/\/www.rtvnoticias.com.ar\/?p=47059"},"modified":"2025-10-03T09:31:29","modified_gmt":"2025-10-03T12:31:29","slug":"la-legislatura-la-pampa-aprobaro-una-reforma-para-garantizar-diagnosticos-precoces-en-ninos","status":"publish","type":"post","link":"http:\/\/www.rtvnoticias.com.ar\/?p=47059","title":{"rendered":"La Legislatura La Pampa aprobar\u00f3 una reforma para garantizar diagn\u00f3sticos precoces en ni\u00f1os"},"content":{"rendered":"\n<p>La C\u00e1mara de Diputados de La Pampa sancion\u00f3 este jueves una modificaci\u00f3n hist\u00f3rica a la Ley N\u00ba 1724, que regula la Libreta Sanitaria Materno Infantil y del Adolescente. Con el voto un\u00e1nime de todos los bloques, se aprob\u00f3 la incorporaci\u00f3n de un apartado espec\u00edfico para la detecci\u00f3n temprana de neurodivergencias en ni\u00f1os y ni\u00f1as de entre 2 y 5 a\u00f1os, con el objetivo de garantizar diagn\u00f3sticos oportunos y facilitar el acceso a tratamientos desde la primera infancia.<\/p>\n\n\n\n<p>La iniciativa fue presentada en el recinto por la diputada Patricia George, quien destac\u00f3 que se trata de un paso fundamental en t\u00e9rminos de inclusi\u00f3n y derechos. \u201cEste proyecto busca evitar el sufrimiento, la ansiedad y la frustraci\u00f3n que muchas familias enfrentan al no tener acceso a una detecci\u00f3n temprana\u201d, remarc\u00f3.<\/p>\n\n\n\n<p>El proyecto cont\u00f3 con el impulso de la doctora Laura Corredera, neur\u00f3loga infantil, reconocida por su trayectoria y compromiso. George subray\u00f3 que la propuesta se alinea con las recomendaciones de la Organizaci\u00f3n Mundial de la Salud (OMS) y de la Asociaci\u00f3n Americana de Psiquiatr\u00eda, que promueven la importancia de diagn\u00f3sticos precoces.<\/p>\n\n\n\n<p>Durante el debate, legisladores de distintos espacios coincidieron en resaltar el valor de la medida. La radical Gisela Valderrama asegur\u00f3 que su bloque \u201cacompa\u00f1ar\u00e1 siempre iniciativas que ampl\u00eden derechos en la ni\u00f1ez\u201d. En la misma l\u00ednea, Sandra Fonseca calific\u00f3 al diagn\u00f3stico temprano como \u201cesencial\u201d y reclam\u00f3 un trabajo conjunto entre el Estado y las obras sociales.<\/p>\n\n\n\n<p>La diputada Celeste Rivas, adem\u00e1s de respaldar la ley, plante\u00f3 la necesidad de que La Pampa adhiera a la normativa nacional sobre Dificultades Espec\u00edficas del Aprendizaje (DEA), un reclamo que a\u00fan sigue pendiente.<\/p>\n\n\n\n<p>La jornada legislativa tambi\u00e9n dej\u00f3 otro avance en materia de inclusi\u00f3n: la aprobaci\u00f3n un\u00e1nime de la ley que establece el uso de pictogramas y sistema Braille en toda la se\u00f1alizaci\u00f3n de la Administraci\u00f3n P\u00fablica Provincial.<\/p>\n<div class=\"sharedaddy sd-sharing-enabled\"><div class=\"robots-nocontent sd-block sd-social sd-social-icon sd-sharing\"><h3 class=\"sd-title\">Comparte esto:<\/h3><div class=\"sd-content\"><ul><li class=\"share-twitter\"><a rel=\"nofollow noopener noreferrer\" data-shared=\"sharing-twitter-47059\" class=\"share-twitter sd-button share-icon no-text\" href=\"http:\/\/www.rtvnoticias.com.ar\/?p=47059&amp;share=twitter\" target=\"_blank\" title=\"Haz clic para compartir en Twitter\"><span><\/span><span class=\"sharing-screen-reader-text\">Haz clic para compartir en Twitter (Se abre en una ventana nueva)<\/span><\/a><\/li><li class=\"share-facebook\"><a rel=\"nofollow noopener noreferrer\" data-shared=\"sharing-facebook-47059\" class=\"share-facebook sd-button share-icon no-text\" href=\"http:\/\/www.rtvnoticias.com.ar\/?p=47059&amp;share=facebook\" target=\"_blank\" title=\"Haz clic para compartir en Facebook\"><span><\/span><span class=\"sharing-screen-reader-text\">Haz clic para compartir en Facebook (Se abre en una ventana nueva)<\/span><\/a><\/li><li class=\"share-jetpack-whatsapp\"><a rel=\"nofollow noopener noreferrer\" data-shared=\"\" class=\"share-jetpack-whatsapp sd-button share-icon no-text\" href=\"http:\/\/www.rtvnoticias.com.ar\/?p=47059&amp;share=jetpack-whatsapp\" target=\"_blank\" title=\"Haz clic para compartir en WhatsApp\"><span><\/span><span class=\"sharing-screen-reader-text\">Haz clic para compartir en WhatsApp (Se abre en una ventana nueva)<\/span><\/a><\/li><li class=\"share-telegram\"><a rel=\"nofollow noopener noreferrer\" data-shared=\"\" class=\"share-telegram sd-button share-icon no-text\" href=\"http:\/\/www.rtvnoticias.com.ar\/?p=47059&amp;share=telegram\" target=\"_blank\" title=\"Haz clic para compartir en Telegram\"><span><\/span><span class=\"sharing-screen-reader-text\">Haz clic para compartir en Telegram (Se abre en una ventana nueva)<\/span><\/a><\/li><li class=\"share-end\"><\/li><\/ul><\/div><\/div><\/div>","protected":false},"excerpt":{"rendered":"<p>La C\u00e1mara de Diputados de La Pampa sancion\u00f3 este jueves una modificaci\u00f3n hist\u00f3rica a la Ley N\u00ba 1724, que regula la Libreta Sanitaria Materno Infantil<\/p>\n<div class=\"sharedaddy sd-sharing-enabled\"><div class=\"robots-nocontent sd-block sd-social sd-social-icon sd-sharing\"><h3 class=\"sd-title\">Comparte esto:<\/h3><div class=\"sd-content\"><ul><li class=\"share-twitter\"><a rel=\"nofollow noopener noreferrer\" data-shared=\"sharing-twitter-47059\" class=\"share-twitter sd-button share-icon no-text\" href=\"http:\/\/www.rtvnoticias.com.ar\/?p=47059&amp;share=twitter\" target=\"_blank\" title=\"Haz clic para compartir en Twitter\"><span><\/span><span class=\"sharing-screen-reader-text\">Haz clic para compartir en Twitter (Se abre en una ventana nueva)<\/span><\/a><\/li><li class=\"share-facebook\"><a rel=\"nofollow noopener noreferrer\" data-shared=\"sharing-facebook-47059\" class=\"share-facebook sd-button share-icon no-text\" href=\"http:\/\/www.rtvnoticias.com.ar\/?p=47059&amp;share=facebook\" target=\"_blank\" title=\"Haz clic para compartir en Facebook\"><span><\/span><span class=\"sharing-screen-reader-text\">Haz clic para compartir en Facebook (Se abre en una ventana nueva)<\/span><\/a><\/li><li class=\"share-jetpack-whatsapp\"><a rel=\"nofollow noopener noreferrer\" data-shared=\"\" class=\"share-jetpack-whatsapp sd-button share-icon no-text\" href=\"http:\/\/www.rtvnoticias.com.ar\/?p=47059&amp;share=jetpack-whatsapp\" target=\"_blank\" title=\"Haz clic para compartir en WhatsApp\"><span><\/span><span class=\"sharing-screen-reader-text\">Haz clic para compartir en WhatsApp (Se abre en una ventana nueva)<\/span><\/a><\/li><li class=\"share-telegram\"><a rel=\"nofollow noopener noreferrer\" data-shared=\"\" class=\"share-telegram sd-button share-icon no-text\" href=\"http:\/\/www.rtvnoticias.com.ar\/?p=47059&amp;share=telegram\" target=\"_blank\" title=\"Haz clic para compartir en Telegram\"><span><\/span><span class=\"sharing-screen-reader-text\">Haz clic para compartir en Telegram (Se abre en una ventana nueva)<\/span><\/a><\/li><li class=\"share-end\"><\/li><\/ul><\/div><\/div><\/div>","protected":false},"author":7,"featured_media":46633,"comment_status":"closed","ping_status":"closed","sticky":false,"template":"","format":"standard","meta":{"spay_email":"","jetpack_publicize_message":"","jetpack_is_tweetstorm":false,"jetpack_publicize_feature_enabled":true},"categories":[4],"tags":[],"jetpack_featured_media_url":"http:\/\/www.rtvnoticias.com.ar\/wp-content\/uploads\/2025\/08\/legislaturapampa-1-scaled.jpg","jetpack_publicize_connections":[],"jetpack_sharing_enabled":true,"_links":{"self":[{"href":"http:\/\/www.rtvnoticias.com.ar\/index.php?rest_route=\/wp\/v2\/posts\/47059"}],"collection":[{"href":"http:\/\/www.rtvnoticias.com.ar\/index.php?rest_route=\/wp\/v2\/posts"}],"about":[{"href":"http:\/\/www.rtvnoticias.com.ar\/index.php?rest_route=\/wp\/v2\/types\/post"}],"author":[{"embeddable":true,"href":"http:\/\/www.rtvnoticias.com.ar\/index.php?rest_route=\/wp\/v2\/users\/7"}],"replies":[{"embeddable":true,"href":"http:\/\/www.rtvnoticias.com.ar\/index.php?rest_route=%2Fwp%2Fv2%2Fcomments&post=47059"}],"version-history":[{"count":1,"href":"http:\/\/www.rtvnoticias.com.ar\/index.php?rest_route=\/wp\/v2\/posts\/47059\/revisions"}],"predecessor-version":[{"id":47060,"href":"http:\/\/www.rtvnoticias.com.ar\/index.php?rest_route=\/wp\/v2\/posts\/47059\/revisions\/47060"}],"wp:featuredmedia":[{"embeddable":true,"href":"http:\/\/www.rtvnoticias.com.ar\/index.php?rest_route=\/wp\/v2\/media\/46633"}],"wp:attachment":[{"href":"http:\/\/www.rtvnoticias.com.ar\/index.php?rest_route=%2Fwp%2Fv2%2Fmedia&parent=47059"}],"wp:term":[{"taxonomy":"category","embeddable":true,"href":"http:\/\/www.rtvnoticias.com.ar\/index.php?rest_route=%2Fwp%2Fv2%2Fcategories&post=47059"},{"taxonomy":"post_tag","embeddable":true,"href":"http:\/\/www.rtvnoticias.com.ar\/index.php?rest_route=%2Fwp%2Fv2%2Ftags&post=47059"}],"curies":[{"name":"wp","href":"https:\/\/api.w.org\/{rel}","templated":true}]}}