{"id":47061,"date":"2025-10-03T09:40:15","date_gmt":"2025-10-03T12:40:15","guid":{"rendered":"http:\/\/www.rtvnoticias.com.ar\/?p=47061"},"modified":"2025-10-03T09:40:20","modified_gmt":"2025-10-03T12:40:20","slug":"general-pico-el-municipio-entrego-creditos-por-27-millones-a-emprendedores-locales","status":"publish","type":"post","link":"http:\/\/www.rtvnoticias.com.ar\/?p=47061","title":{"rendered":"General Pico: el municipio entreg\u00f3 cr\u00e9ditos por $27 millones a emprendedores locales"},"content":{"rendered":"\n<p>La Municipalidad de General Pico concret\u00f3 este jueves la entrega de 26 cr\u00e9ditos a emprendedores de la ciudad por un total de $27.031.341, en el marco de los programas de Econom\u00eda Social y Desarrollo Productivo que impulsa la Ley provincial N\u00b0 2461.<\/p>\n\n\n\n<p>El acto se realiz\u00f3 en las instalaciones de MEDANO y reuni\u00f3 a autoridades locales y provinciales, entre ellas la intendenta Fernanda Alonso y el ministro de Desarrollo Social y Derechos Humanos, Diego \u00c1lvarez.<\/p>\n\n\n\n<p>Los fondos alcanzan a rubros muy diversos: desde producci\u00f3n de alimentos, textiles y pasteler\u00eda hasta servicios agr\u00edcolas, carpinter\u00eda, peluquer\u00eda, guarder\u00eda canina, vivero, juguetes sustentables, artesan\u00edas y producci\u00f3n multimedial.<\/p>\n\n\n\n<p>\u201cCada entrega de cr\u00e9dito para nosotros es una oportunidad para que sigan creciendo. Les agradezco que sigan apostando en tiempos de crisis, sabiendo que el trabajo dignifica\u201d, afirm\u00f3 Alonso en su discurso.<\/p>\n\n\n\n<p>La jefa comunal destac\u00f3 adem\u00e1s la decisi\u00f3n pol\u00edtica que sostiene estas l\u00edneas de financiamiento: \u201cHay un Estado que escucha y acompa\u00f1a con un cr\u00e9dito gracias a una decisi\u00f3n del gobernador y el ministerio. Estas acciones funcionan porque se devuelven y permiten reciclar el fondo para que llegue a otros\u201d.<\/p>\n\n\n\n<p>Por su parte, \u00c1lvarez record\u00f3 que los programas tienen m\u00e1s de 15 a\u00f1os de trayectoria. \u201cDesde 2007, m\u00e1s de diez mil personas pudieron acceder a un microcr\u00e9dito en m\u00e1s de 80 localidades de la provincia\u201d, dijo, y remarc\u00f3 que el trabajo conjunto con General Pico permite sostener estas pol\u00edticas \u201ca\u00fan en un contexto nacional complejo\u201d.<\/p>\n\n\n\n<p>Con este nuevo desembolso, el municipio apuesta a fortalecer la vinculaci\u00f3n p\u00fablico-privada y a motorizar proyectos productivos que, seg\u00fan Alonso, \u201cpermiten proyectar el crecimiento de la ciudad con la gente adentro\u201d.<\/p>\n<div class=\"sharedaddy sd-sharing-enabled\"><div class=\"robots-nocontent sd-block sd-social sd-social-icon sd-sharing\"><h3 class=\"sd-title\">Comparte esto:<\/h3><div class=\"sd-content\"><ul><li class=\"share-twitter\"><a rel=\"nofollow noopener noreferrer\" data-shared=\"sharing-twitter-47061\" class=\"share-twitter sd-button share-icon no-text\" href=\"http:\/\/www.rtvnoticias.com.ar\/?p=47061&amp;share=twitter\" target=\"_blank\" title=\"Haz clic para compartir en Twitter\"><span><\/span><span class=\"sharing-screen-reader-text\">Haz clic para compartir en Twitter (Se abre en una ventana nueva)<\/span><\/a><\/li><li class=\"share-facebook\"><a rel=\"nofollow noopener noreferrer\" data-shared=\"sharing-facebook-47061\" class=\"share-facebook sd-button share-icon no-text\" href=\"http:\/\/www.rtvnoticias.com.ar\/?p=47061&amp;share=facebook\" target=\"_blank\" title=\"Haz clic para compartir en Facebook\"><span><\/span><span class=\"sharing-screen-reader-text\">Haz clic para compartir en Facebook (Se abre en una ventana nueva)<\/span><\/a><\/li><li class=\"share-jetpack-whatsapp\"><a rel=\"nofollow noopener noreferrer\" data-shared=\"\" class=\"share-jetpack-whatsapp sd-button share-icon no-text\" href=\"http:\/\/www.rtvnoticias.com.ar\/?p=47061&amp;share=jetpack-whatsapp\" target=\"_blank\" title=\"Haz clic para compartir en WhatsApp\"><span><\/span><span class=\"sharing-screen-reader-text\">Haz clic para compartir en WhatsApp (Se abre en una ventana nueva)<\/span><\/a><\/li><li class=\"share-telegram\"><a rel=\"nofollow noopener noreferrer\" data-shared=\"\" class=\"share-telegram sd-button share-icon no-text\" href=\"http:\/\/www.rtvnoticias.com.ar\/?p=47061&amp;share=telegram\" target=\"_blank\" title=\"Haz clic para compartir en Telegram\"><span><\/span><span class=\"sharing-screen-reader-text\">Haz clic para compartir en Telegram (Se abre en una ventana nueva)<\/span><\/a><\/li><li class=\"share-end\"><\/li><\/ul><\/div><\/div><\/div>","protected":false},"excerpt":{"rendered":"<p>La Municipalidad de General Pico concret\u00f3 este jueves la entrega de 26 cr\u00e9ditos a emprendedores de la ciudad por un total de $27.031.341, en el<\/p>\n<div class=\"sharedaddy sd-sharing-enabled\"><div class=\"robots-nocontent sd-block sd-social sd-social-icon sd-sharing\"><h3 class=\"sd-title\">Comparte esto:<\/h3><div class=\"sd-content\"><ul><li class=\"share-twitter\"><a rel=\"nofollow noopener noreferrer\" data-shared=\"sharing-twitter-47061\" class=\"share-twitter sd-button share-icon no-text\" href=\"http:\/\/www.rtvnoticias.com.ar\/?p=47061&amp;share=twitter\" target=\"_blank\" title=\"Haz clic para compartir en Twitter\"><span><\/span><span class=\"sharing-screen-reader-text\">Haz clic para compartir en Twitter (Se abre en una ventana nueva)<\/span><\/a><\/li><li class=\"share-facebook\"><a rel=\"nofollow noopener noreferrer\" data-shared=\"sharing-facebook-47061\" class=\"share-facebook sd-button share-icon no-text\" href=\"http:\/\/www.rtvnoticias.com.ar\/?p=47061&amp;share=facebook\" target=\"_blank\" title=\"Haz clic para compartir en Facebook\"><span><\/span><span class=\"sharing-screen-reader-text\">Haz clic para compartir en Facebook (Se abre en una ventana nueva)<\/span><\/a><\/li><li class=\"share-jetpack-whatsapp\"><a rel=\"nofollow noopener noreferrer\" data-shared=\"\" class=\"share-jetpack-whatsapp sd-button share-icon no-text\" href=\"http:\/\/www.rtvnoticias.com.ar\/?p=47061&amp;share=jetpack-whatsapp\" target=\"_blank\" title=\"Haz clic para compartir en WhatsApp\"><span><\/span><span class=\"sharing-screen-reader-text\">Haz clic para compartir en WhatsApp (Se abre en una ventana nueva)<\/span><\/a><\/li><li class=\"share-telegram\"><a rel=\"nofollow noopener noreferrer\" data-shared=\"\" class=\"share-telegram sd-button share-icon no-text\" href=\"http:\/\/www.rtvnoticias.com.ar\/?p=47061&amp;share=telegram\" target=\"_blank\" title=\"Haz clic para compartir en Telegram\"><span><\/span><span class=\"sharing-screen-reader-text\">Haz clic para compartir en Telegram (Se abre en una ventana nueva)<\/span><\/a><\/li><li class=\"share-end\"><\/li><\/ul><\/div><\/div><\/div>","protected":false},"author":7,"featured_media":47062,"comment_status":"closed","ping_status":"closed","sticky":false,"template":"","format":"standard","meta":{"spay_email":"","jetpack_publicize_message":"","jetpack_is_tweetstorm":false,"jetpack_publicize_feature_enabled":true},"categories":[3],"tags":[],"jetpack_featured_media_url":"http:\/\/www.rtvnoticias.com.ar\/wp-content\/uploads\/2025\/10\/719837_whatsapp-image-2025-10-02-at-11.53.15.jpeg","jetpack_publicize_connections":[],"jetpack_sharing_enabled":true,"_links":{"self":[{"href":"http:\/\/www.rtvnoticias.com.ar\/index.php?rest_route=\/wp\/v2\/posts\/47061"}],"collection":[{"href":"http:\/\/www.rtvnoticias.com.ar\/index.php?rest_route=\/wp\/v2\/posts"}],"about":[{"href":"http:\/\/www.rtvnoticias.com.ar\/index.php?rest_route=\/wp\/v2\/types\/post"}],"author":[{"embeddable":true,"href":"http:\/\/www.rtvnoticias.com.ar\/index.php?rest_route=\/wp\/v2\/users\/7"}],"replies":[{"embeddable":true,"href":"http:\/\/www.rtvnoticias.com.ar\/index.php?rest_route=%2Fwp%2Fv2%2Fcomments&post=47061"}],"version-history":[{"count":1,"href":"http:\/\/www.rtvnoticias.com.ar\/index.php?rest_route=\/wp\/v2\/posts\/47061\/revisions"}],"predecessor-version":[{"id":47063,"href":"http:\/\/www.rtvnoticias.com.ar\/index.php?rest_route=\/wp\/v2\/posts\/47061\/revisions\/47063"}],"wp:featuredmedia":[{"embeddable":true,"href":"http:\/\/www.rtvnoticias.com.ar\/index.php?rest_route=\/wp\/v2\/media\/47062"}],"wp:attachment":[{"href":"http:\/\/www.rtvnoticias.com.ar\/index.php?rest_route=%2Fwp%2Fv2%2Fmedia&parent=47061"}],"wp:term":[{"taxonomy":"category","embeddable":true,"href":"http:\/\/www.rtvnoticias.com.ar\/index.php?rest_route=%2Fwp%2Fv2%2Fcategories&post=47061"},{"taxonomy":"post_tag","embeddable":true,"href":"http:\/\/www.rtvnoticias.com.ar\/index.php?rest_route=%2Fwp%2Fv2%2Ftags&post=47061"}],"curies":[{"name":"wp","href":"https:\/\/api.w.org\/{rel}","templated":true}]}}