{"id":47065,"date":"2025-10-04T20:35:49","date_gmt":"2025-10-04T23:35:49","guid":{"rendered":"http:\/\/www.rtvnoticias.com.ar\/?p=47065"},"modified":"2025-10-04T20:35:51","modified_gmt":"2025-10-04T23:35:51","slug":"utelpa-denuncio-falta-de-transparencia-en-la-designacion-de-cargos-directivos-y-pidio-una-revision-urgente-del-proceso","status":"publish","type":"post","link":"http:\/\/www.rtvnoticias.com.ar\/?p=47065","title":{"rendered":"UTELPa denunci\u00f3 falta de transparencia en la designaci\u00f3n de cargos directivos y pidi\u00f3 una revisi\u00f3n urgente del proceso"},"content":{"rendered":"\n<p>La Uni\u00f3n de Trabajadores de la Educaci\u00f3n de La Pampa (UTELPa) present\u00f3 un reclamo formal ante la Direcci\u00f3n de Personal Docente por considerar que el actual mecanismo de ofrecimiento de cargos directivos vulnera el derecho de los aspirantes a competir en igualdad de condiciones.<\/p>\n\n\n\n<p>El eje del conflicto es el escaso plazo de media hora que establece el procedimiento para la exposici\u00f3n de vacantes. Seg\u00fan el gremio, este tiempo resulta \u201cinsuficiente\u201d y deja fuera a muchos docentes que no logran notificarse o presentar su postulaci\u00f3n dentro de ese margen.<\/p>\n\n\n\n<p>\u201cEn la pr\u00e1ctica, este plazo impide que muchos docentes puedan acceder a la informaci\u00f3n, notificarse y ejercer la opci\u00f3n de participar en tiempo y forma\u201d, se\u00f1alaron desde la conducci\u00f3n de UTELPa.<\/p>\n\n\n\n<p>La organizaci\u00f3n sindical advirti\u00f3 que la modalidad actual \u201cgenera malestar en las instituciones, especialmente en el nivel secundario\u201d, y subray\u00f3 que coloca en una situaci\u00f3n de desventaja a quienes se encuentran dando clases o desempe\u00f1ando tareas en ese mismo momento.<\/p>\n\n\n\n<p>Desde UTELPa aseguraron que, si bien en los \u00faltimos d\u00edas se lograron revisar \u201csituaciones irregulares\u201d puntuales, persisten problemas estructurales que exigen una soluci\u00f3n definitiva.<\/p>\n\n\n\n<p>\u201cEl procedimiento debe garantizar plazos razonables y accesibles para toda la docencia, sin excepciones ni arbitrariedades\u201d, insistieron.<\/p>\n\n\n\n<p>En ese sentido, el gremio solicit\u00f3 al Ministerio de Educaci\u00f3n de La Pampa una revisi\u00f3n urgente del sistema vigente y la implementaci\u00f3n de un nuevo mecanismo que asegure la transparencia, la equidad y el respeto al debido proceso.<\/p>\n\n\n\n<p>Finalmente, desde la entidad afirmaron que continuar\u00e1n reclamando \u201csoluciones concretas\u201d y recordaron que \u201cla transparencia y la igualdad de oportunidades no pueden quedar sujetas a plazos insuficientes ni a procedimientos que excluyen\u201d.<\/p>\n<div class=\"sharedaddy sd-sharing-enabled\"><div class=\"robots-nocontent sd-block sd-social sd-social-icon sd-sharing\"><h3 class=\"sd-title\">Comparte esto:<\/h3><div class=\"sd-content\"><ul><li class=\"share-twitter\"><a rel=\"nofollow noopener noreferrer\" data-shared=\"sharing-twitter-47065\" class=\"share-twitter sd-button share-icon no-text\" href=\"http:\/\/www.rtvnoticias.com.ar\/?p=47065&amp;share=twitter\" target=\"_blank\" title=\"Haz clic para compartir en Twitter\"><span><\/span><span class=\"sharing-screen-reader-text\">Haz clic para compartir en Twitter (Se abre en una ventana nueva)<\/span><\/a><\/li><li class=\"share-facebook\"><a rel=\"nofollow noopener noreferrer\" data-shared=\"sharing-facebook-47065\" class=\"share-facebook sd-button share-icon no-text\" href=\"http:\/\/www.rtvnoticias.com.ar\/?p=47065&amp;share=facebook\" target=\"_blank\" title=\"Haz clic para compartir en Facebook\"><span><\/span><span class=\"sharing-screen-reader-text\">Haz clic para compartir en Facebook (Se abre en una ventana nueva)<\/span><\/a><\/li><li class=\"share-jetpack-whatsapp\"><a rel=\"nofollow noopener noreferrer\" data-shared=\"\" class=\"share-jetpack-whatsapp sd-button share-icon no-text\" href=\"http:\/\/www.rtvnoticias.com.ar\/?p=47065&amp;share=jetpack-whatsapp\" target=\"_blank\" title=\"Haz clic para compartir en WhatsApp\"><span><\/span><span class=\"sharing-screen-reader-text\">Haz clic para compartir en WhatsApp (Se abre en una ventana nueva)<\/span><\/a><\/li><li class=\"share-telegram\"><a rel=\"nofollow noopener noreferrer\" data-shared=\"\" class=\"share-telegram sd-button share-icon no-text\" href=\"http:\/\/www.rtvnoticias.com.ar\/?p=47065&amp;share=telegram\" target=\"_blank\" title=\"Haz clic para compartir en Telegram\"><span><\/span><span class=\"sharing-screen-reader-text\">Haz clic para compartir en Telegram (Se abre en una ventana nueva)<\/span><\/a><\/li><li class=\"share-end\"><\/li><\/ul><\/div><\/div><\/div>","protected":false},"excerpt":{"rendered":"<p>La Uni\u00f3n de Trabajadores de la Educaci\u00f3n de La Pampa (UTELPa) present\u00f3 un reclamo formal ante la Direcci\u00f3n de Personal Docente por considerar que el<\/p>\n<div class=\"sharedaddy sd-sharing-enabled\"><div class=\"robots-nocontent sd-block sd-social sd-social-icon sd-sharing\"><h3 class=\"sd-title\">Comparte esto:<\/h3><div class=\"sd-content\"><ul><li class=\"share-twitter\"><a rel=\"nofollow noopener noreferrer\" data-shared=\"sharing-twitter-47065\" class=\"share-twitter sd-button share-icon no-text\" href=\"http:\/\/www.rtvnoticias.com.ar\/?p=47065&amp;share=twitter\" target=\"_blank\" title=\"Haz clic para compartir en Twitter\"><span><\/span><span class=\"sharing-screen-reader-text\">Haz clic para compartir en Twitter (Se abre en una ventana nueva)<\/span><\/a><\/li><li class=\"share-facebook\"><a rel=\"nofollow noopener noreferrer\" data-shared=\"sharing-facebook-47065\" class=\"share-facebook sd-button share-icon no-text\" href=\"http:\/\/www.rtvnoticias.com.ar\/?p=47065&amp;share=facebook\" target=\"_blank\" title=\"Haz clic para compartir en Facebook\"><span><\/span><span class=\"sharing-screen-reader-text\">Haz clic para compartir en Facebook (Se abre en una ventana nueva)<\/span><\/a><\/li><li class=\"share-jetpack-whatsapp\"><a rel=\"nofollow noopener noreferrer\" data-shared=\"\" class=\"share-jetpack-whatsapp sd-button share-icon no-text\" href=\"http:\/\/www.rtvnoticias.com.ar\/?p=47065&amp;share=jetpack-whatsapp\" target=\"_blank\" title=\"Haz clic para compartir en WhatsApp\"><span><\/span><span class=\"sharing-screen-reader-text\">Haz clic para compartir en WhatsApp (Se abre en una ventana nueva)<\/span><\/a><\/li><li class=\"share-telegram\"><a rel=\"nofollow noopener noreferrer\" data-shared=\"\" class=\"share-telegram sd-button share-icon no-text\" href=\"http:\/\/www.rtvnoticias.com.ar\/?p=47065&amp;share=telegram\" target=\"_blank\" title=\"Haz clic para compartir en Telegram\"><span><\/span><span class=\"sharing-screen-reader-text\">Haz clic para compartir en Telegram (Se abre en una ventana nueva)<\/span><\/a><\/li><li class=\"share-end\"><\/li><\/ul><\/div><\/div><\/div>","protected":false},"author":7,"featured_media":47066,"comment_status":"closed","ping_status":"closed","sticky":false,"template":"","format":"standard","meta":{"spay_email":"","jetpack_publicize_message":"","jetpack_is_tweetstorm":false,"jetpack_publicize_feature_enabled":true},"categories":[4],"tags":[391],"jetpack_featured_media_url":"http:\/\/www.rtvnoticias.com.ar\/wp-content\/uploads\/2025\/10\/utelpa-e1763247855980.jpeg","jetpack_publicize_connections":[],"jetpack_sharing_enabled":true,"_links":{"self":[{"href":"http:\/\/www.rtvnoticias.com.ar\/index.php?rest_route=\/wp\/v2\/posts\/47065"}],"collection":[{"href":"http:\/\/www.rtvnoticias.com.ar\/index.php?rest_route=\/wp\/v2\/posts"}],"about":[{"href":"http:\/\/www.rtvnoticias.com.ar\/index.php?rest_route=\/wp\/v2\/types\/post"}],"author":[{"embeddable":true,"href":"http:\/\/www.rtvnoticias.com.ar\/index.php?rest_route=\/wp\/v2\/users\/7"}],"replies":[{"embeddable":true,"href":"http:\/\/www.rtvnoticias.com.ar\/index.php?rest_route=%2Fwp%2Fv2%2Fcomments&post=47065"}],"version-history":[{"count":1,"href":"http:\/\/www.rtvnoticias.com.ar\/index.php?rest_route=\/wp\/v2\/posts\/47065\/revisions"}],"predecessor-version":[{"id":47067,"href":"http:\/\/www.rtvnoticias.com.ar\/index.php?rest_route=\/wp\/v2\/posts\/47065\/revisions\/47067"}],"wp:featuredmedia":[{"embeddable":true,"href":"http:\/\/www.rtvnoticias.com.ar\/index.php?rest_route=\/wp\/v2\/media\/47066"}],"wp:attachment":[{"href":"http:\/\/www.rtvnoticias.com.ar\/index.php?rest_route=%2Fwp%2Fv2%2Fmedia&parent=47065"}],"wp:term":[{"taxonomy":"category","embeddable":true,"href":"http:\/\/www.rtvnoticias.com.ar\/index.php?rest_route=%2Fwp%2Fv2%2Fcategories&post=47065"},{"taxonomy":"post_tag","embeddable":true,"href":"http:\/\/www.rtvnoticias.com.ar\/index.php?rest_route=%2Fwp%2Fv2%2Ftags&post=47065"}],"curies":[{"name":"wp","href":"https:\/\/api.w.org\/{rel}","templated":true}]}}