{"id":47068,"date":"2025-10-04T20:38:28","date_gmt":"2025-10-04T23:38:28","guid":{"rendered":"http:\/\/www.rtvnoticias.com.ar\/?p=47068"},"modified":"2025-10-04T20:38:33","modified_gmt":"2025-10-04T23:38:33","slug":"espert-no-puedo-creer-lo-que-te-puede-hacer-la-politica-y-esta-basura-de-grabois","status":"publish","type":"post","link":"http:\/\/www.rtvnoticias.com.ar\/?p=47068","title":{"rendered":"Espert: \u201cNo puedo creer lo que te puede hacer la pol\u00edtica y esta basura de Grabois\u201d"},"content":{"rendered":"\n<p>El candidato a diputado de La Libertad Avanza (LLA) Jos\u00e9 Luis Espert volvi\u00f3 a apuntar este s\u00e1bado contra el dirigente social Juan Grabois por la denuncia que realiz\u00f3 en su contra, que lo vincula al empresario acusado de narcotr\u00e1fico Federico \u2018Fred\u2019 Machado.<\/p>\n\n\n\n<p>\u201cNo puedo creer lo que te puede hacer la pol\u00edtica y tambi\u00e9n siento bronca contra esta basura de (Juan) Grabois, poni\u00e9ndome a la par de \u00e9l: un delincuente\u201d, asegur\u00f3 Espert en una entrevista radial.<\/p>\n\n\n\n<p>En esa l\u00ednea, visiblemente conmocionado por la presentaci\u00f3n que lo relaciona al narco en plena campa\u00f1a electoral, el legislador nacional, sostuvo: \u00abMentalmente estoy con todo, pero por dentro estoy roto por el estrago que el hijo de puta de Grabois hizo con mi nombre y con el de mi familia\u00bb.<\/p>\n\n\n\n<p>\u201cNo ten\u00eda idea de que Machado podr\u00eda estar involucrado en las cosas que se denuncian. En 2021, cuando me enter\u00e9 del pedido de captura internacional en su contra, no pod\u00eda creer que era narco\u00bb, rememor\u00f3 Espert.<\/p>\n\n\n\n<p>Asimismo, dijo que us\u00f3 el avi\u00f3n de Machado \u201c18 veces\u201d y que crey\u00f3 que el empresario argentino \u201cera intachable\u201d, aunque despu\u00e9s se produjo el pedido de captura por narcotr\u00e1fico.<\/p>\n\n\n\n<p>\u201cMachado hizo lo que hizo para apoyar las ideas de la libertad y por admiraci\u00f3n. Y nunca me pidi\u00f3 nada a cambio: s\u00f3lo quer\u00eda acompa\u00f1arme y aportar para trasladarnos. Yo, por mi parte, pequ\u00e9 de ingenuo y confi\u00e9\u201d, se lament\u00f3 el candidato de LLA.<\/p>\n\n\n\n<p>El legislador caracteriz\u00f3 como \u201cmuy honorable\u201d a la persona que le present\u00f3 a Machado: \u201cLas acusaciones de narcotr\u00e1fico aparecieron dos a\u00f1os y pico despu\u00e9s\u00bb, plante\u00f3.<\/p>\n\n\n\n<p>En tanto, el diputado libertario afirm\u00f3 que el \u201cdolor\u201d lo anima a \u201cseguir batallando\u201d, porque, seg\u00fan dijo, \u201cdetr\u00e1s de esto est\u00e1n los que transformaron al pa\u00eds en una villa miseria\u201d.<\/p>\n\n\n\n<p>\u00abAgradezco el apoyo del Presidente, porque hemos dado batallas juntos. Ayer por la noche estuvimos juntos: ni yo le present\u00e9 mi renuncia ni \u00e9l me la pidi\u00f3. Estoy convencido de continuar y demostrar la infamia de la denuncia\u00bb, expres\u00f3 Espert.<\/p>\n\n\n\n<p>Y a\u00f1adi\u00f3: \u00abEl Presidente no se enga\u00f1a, porque esto es un intento de los orcos para volver a gobernar el pa\u00eds y hacerlo m\u00e1s miserable. Seguiremos a pesar del linchamiento medi\u00e1tico\u00bb.<\/p>\n<div class=\"sharedaddy sd-sharing-enabled\"><div class=\"robots-nocontent sd-block sd-social sd-social-icon sd-sharing\"><h3 class=\"sd-title\">Comparte esto:<\/h3><div class=\"sd-content\"><ul><li class=\"share-twitter\"><a rel=\"nofollow noopener noreferrer\" data-shared=\"sharing-twitter-47068\" class=\"share-twitter sd-button share-icon no-text\" href=\"http:\/\/www.rtvnoticias.com.ar\/?p=47068&amp;share=twitter\" target=\"_blank\" title=\"Haz clic para compartir en Twitter\"><span><\/span><span class=\"sharing-screen-reader-text\">Haz clic para compartir en Twitter (Se abre en una ventana nueva)<\/span><\/a><\/li><li class=\"share-facebook\"><a rel=\"nofollow noopener noreferrer\" data-shared=\"sharing-facebook-47068\" class=\"share-facebook sd-button share-icon no-text\" href=\"http:\/\/www.rtvnoticias.com.ar\/?p=47068&amp;share=facebook\" target=\"_blank\" title=\"Haz clic para compartir en Facebook\"><span><\/span><span class=\"sharing-screen-reader-text\">Haz clic para compartir en Facebook (Se abre en una ventana nueva)<\/span><\/a><\/li><li class=\"share-jetpack-whatsapp\"><a rel=\"nofollow noopener noreferrer\" data-shared=\"\" class=\"share-jetpack-whatsapp sd-button share-icon no-text\" href=\"http:\/\/www.rtvnoticias.com.ar\/?p=47068&amp;share=jetpack-whatsapp\" target=\"_blank\" title=\"Haz clic para compartir en WhatsApp\"><span><\/span><span class=\"sharing-screen-reader-text\">Haz clic para compartir en WhatsApp (Se abre en una ventana nueva)<\/span><\/a><\/li><li class=\"share-telegram\"><a rel=\"nofollow noopener noreferrer\" data-shared=\"\" class=\"share-telegram sd-button share-icon no-text\" href=\"http:\/\/www.rtvnoticias.com.ar\/?p=47068&amp;share=telegram\" target=\"_blank\" title=\"Haz clic para compartir en Telegram\"><span><\/span><span class=\"sharing-screen-reader-text\">Haz clic para compartir en Telegram (Se abre en una ventana nueva)<\/span><\/a><\/li><li class=\"share-end\"><\/li><\/ul><\/div><\/div><\/div>","protected":false},"excerpt":{"rendered":"<p>El candidato a diputado de La Libertad Avanza (LLA) Jos\u00e9 Luis Espert volvi\u00f3 a apuntar este s\u00e1bado contra el dirigente social Juan Grabois por la<\/p>\n<div class=\"sharedaddy sd-sharing-enabled\"><div class=\"robots-nocontent sd-block sd-social sd-social-icon sd-sharing\"><h3 class=\"sd-title\">Comparte esto:<\/h3><div class=\"sd-content\"><ul><li class=\"share-twitter\"><a rel=\"nofollow noopener noreferrer\" data-shared=\"sharing-twitter-47068\" class=\"share-twitter sd-button share-icon no-text\" href=\"http:\/\/www.rtvnoticias.com.ar\/?p=47068&amp;share=twitter\" target=\"_blank\" title=\"Haz clic para compartir en Twitter\"><span><\/span><span class=\"sharing-screen-reader-text\">Haz clic para compartir en Twitter (Se abre en una ventana nueva)<\/span><\/a><\/li><li class=\"share-facebook\"><a rel=\"nofollow noopener noreferrer\" data-shared=\"sharing-facebook-47068\" class=\"share-facebook sd-button share-icon no-text\" href=\"http:\/\/www.rtvnoticias.com.ar\/?p=47068&amp;share=facebook\" target=\"_blank\" title=\"Haz clic para compartir en Facebook\"><span><\/span><span class=\"sharing-screen-reader-text\">Haz clic para compartir en Facebook (Se abre en una ventana nueva)<\/span><\/a><\/li><li class=\"share-jetpack-whatsapp\"><a rel=\"nofollow noopener noreferrer\" data-shared=\"\" class=\"share-jetpack-whatsapp sd-button share-icon no-text\" href=\"http:\/\/www.rtvnoticias.com.ar\/?p=47068&amp;share=jetpack-whatsapp\" target=\"_blank\" title=\"Haz clic para compartir en WhatsApp\"><span><\/span><span class=\"sharing-screen-reader-text\">Haz clic para compartir en WhatsApp (Se abre en una ventana nueva)<\/span><\/a><\/li><li class=\"share-telegram\"><a rel=\"nofollow noopener noreferrer\" data-shared=\"\" class=\"share-telegram sd-button share-icon no-text\" href=\"http:\/\/www.rtvnoticias.com.ar\/?p=47068&amp;share=telegram\" target=\"_blank\" title=\"Haz clic para compartir en Telegram\"><span><\/span><span class=\"sharing-screen-reader-text\">Haz clic para compartir en Telegram (Se abre en una ventana nueva)<\/span><\/a><\/li><li class=\"share-end\"><\/li><\/ul><\/div><\/div><\/div>","protected":false},"author":7,"featured_media":47069,"comment_status":"closed","ping_status":"closed","sticky":false,"template":"","format":"standard","meta":{"spay_email":"","jetpack_publicize_message":"","jetpack_is_tweetstorm":false,"jetpack_publicize_feature_enabled":true},"categories":[5],"tags":[],"jetpack_featured_media_url":"http:\/\/www.rtvnoticias.com.ar\/wp-content\/uploads\/2025\/10\/jose-luis-espert-nada-que-esconder-no-somos-todos-lo-mismo-20251002-2111249.jpg","jetpack_publicize_connections":[],"jetpack_sharing_enabled":true,"_links":{"self":[{"href":"http:\/\/www.rtvnoticias.com.ar\/index.php?rest_route=\/wp\/v2\/posts\/47068"}],"collection":[{"href":"http:\/\/www.rtvnoticias.com.ar\/index.php?rest_route=\/wp\/v2\/posts"}],"about":[{"href":"http:\/\/www.rtvnoticias.com.ar\/index.php?rest_route=\/wp\/v2\/types\/post"}],"author":[{"embeddable":true,"href":"http:\/\/www.rtvnoticias.com.ar\/index.php?rest_route=\/wp\/v2\/users\/7"}],"replies":[{"embeddable":true,"href":"http:\/\/www.rtvnoticias.com.ar\/index.php?rest_route=%2Fwp%2Fv2%2Fcomments&post=47068"}],"version-history":[{"count":1,"href":"http:\/\/www.rtvnoticias.com.ar\/index.php?rest_route=\/wp\/v2\/posts\/47068\/revisions"}],"predecessor-version":[{"id":47070,"href":"http:\/\/www.rtvnoticias.com.ar\/index.php?rest_route=\/wp\/v2\/posts\/47068\/revisions\/47070"}],"wp:featuredmedia":[{"embeddable":true,"href":"http:\/\/www.rtvnoticias.com.ar\/index.php?rest_route=\/wp\/v2\/media\/47069"}],"wp:attachment":[{"href":"http:\/\/www.rtvnoticias.com.ar\/index.php?rest_route=%2Fwp%2Fv2%2Fmedia&parent=47068"}],"wp:term":[{"taxonomy":"category","embeddable":true,"href":"http:\/\/www.rtvnoticias.com.ar\/index.php?rest_route=%2Fwp%2Fv2%2Fcategories&post=47068"},{"taxonomy":"post_tag","embeddable":true,"href":"http:\/\/www.rtvnoticias.com.ar\/index.php?rest_route=%2Fwp%2Fv2%2Ftags&post=47068"}],"curies":[{"name":"wp","href":"https:\/\/api.w.org\/{rel}","templated":true}]}}