{"id":47072,"date":"2025-10-04T20:45:54","date_gmt":"2025-10-04T23:45:54","guid":{"rendered":"http:\/\/www.rtvnoticias.com.ar\/?p=47072"},"modified":"2025-10-04T20:45:58","modified_gmt":"2025-10-04T23:45:58","slug":"ziliotto-inauguro-la-99-exposicion-rural-de-santa-rosa-entre-el-campo-y-los-importadores-eligieron-a-los-importadores","status":"publish","type":"post","link":"http:\/\/www.rtvnoticias.com.ar\/?p=47072","title":{"rendered":"Ziliotto inaugur\u00f3 la 99\u00b0 Exposici\u00f3n Rural de Santa Rosa: \u201cEntre el campo y los importadores, eligieron a los importadores\u201d"},"content":{"rendered":"\n<p>El gobernador Sergio Ziliotto aprovech\u00f3 la tribuna pol\u00edtica que representa la Exposici\u00f3n Agr\u00edcola, Ganadera e Industrial de Santa Rosa para lanzar un mensaje que fue mucho m\u00e1s all\u00e1 del campo. En un discurso extenso, cargado de datos y comparaciones, el mandatario provincial busc\u00f3 diferenciar su gesti\u00f3n de la pol\u00edtica econ\u00f3mica del Gobierno nacional, al que acus\u00f3 de \u201ccastigar a los que producen\u201d y de \u201celegir a los importadores y a las mineras por encima del trabajo nacional\u201d.<\/p>\n\n\n\n<p>La exposici\u00f3n rural, tradicional punto de encuentro entre el sector agropecuario, la dirigencia pol\u00edtica y el empresariado pampeano, se convirti\u00f3 este a\u00f1o en un escenario de disputa narrativa sobre qui\u00e9n defiende mejor al campo. Ziliotto, sin nombrar directamente al presidente, le habl\u00f3 a un electorado rural hist\u00f3ricamente esquivo al peronismo, con un tono que combin\u00f3 autodefensa, confrontaci\u00f3n y llamado al consenso.<\/p>\n\n\n\n<h3 class=\"wp-block-heading\">Un discurso con dos destinatarios<\/h3>\n\n\n\n<p>El mensaje de Ziliotto se ley\u00f3 como una doble jugada pol\u00edtica: hacia adentro, un gesto de respaldo al sector agropecuario local en medio de tensiones con el Gobierno nacional; hacia afuera, una forma de posicionar a La Pampa como ejemplo de gesti\u00f3n equilibrada, con un modelo productivo \u201cde inclusi\u00f3n y previsibilidad\u201d.<\/p>\n\n\n\n<p>El gobernador dedic\u00f3 buena parte de su exposici\u00f3n a mostrar n\u00fameros: compar\u00f3 la carga tributaria provincial y nacional sobre el agro, enumer\u00f3 programas de cr\u00e9dito y subsidios, y destac\u00f3 la estabilidad fiscal pampeana. Seg\u00fan sus datos, el componente impositivo nacional sobre el campo representa el 93,5% del total, mientras que la provincia s\u00f3lo recauda el 4,3%.<\/p>\n\n\n\n<p>El mensaje fue directo: La Pampa no es el problema, sino el contramodelo frente a una Naci\u00f3n que \u201cabandona sus responsabilidades y se apropia de los recursos del interior\u201d.<\/p>\n\n\n\n<h3 class=\"wp-block-heading\">La estrategia del contraste<\/h3>\n\n\n\n<p>El discurso combin\u00f3 un tono t\u00e9cnico con momentos de alta carga pol\u00edtica. Ziliotto se\u00f1al\u00f3 que el campo pampeano aporta el 16% de la econom\u00eda provincial pero s\u00f3lo el 10% de la recaudaci\u00f3n, lo que \u2014seg\u00fan su lectura\u2014 demuestra \u201cuna pol\u00edtica de alivio impositivo y acompa\u00f1amiento\u201d.<\/p>\n\n\n\n<p>El contraste con la Casa Rosada fue expl\u00edcito. \u201cEntre el campo y los importadores, eligieron a los importadores. Entre el campo y las mineras, eligieron a las mineras\u201d, lanz\u00f3, aludiendo a las decisiones nacionales de mantener impuestos al agro mientras se beneficiaba a otros sectores.<\/p>\n\n\n\n<p>En ese contexto, el mandatario pampeano intent\u00f3 reposicionar su gesti\u00f3n dentro del peronismo productivista, apelando a un discurso de desarrollo con equilibrio fiscal, inversi\u00f3n estatal y protecci\u00f3n ambiental. Una narrativa que busca diferenciarse del ajuste y del modelo de concentraci\u00f3n econ\u00f3mica que atribuye al Gobierno nacional.<\/p>\n\n\n\n<h3 class=\"wp-block-heading\">\u201cProducir, incluir, dialogar\u201d: la s\u00edntesis del mensaje<\/h3>\n\n\n\n<p>Ziliotto cerr\u00f3 su intervenci\u00f3n con un tono m\u00e1s conciliador, convocando al di\u00e1logo con los productores y con las entidades rurales. \u201cCon aciertos y errores, siempre estaremos del lado de los que producen\u201d, dijo.<\/p>\n\n\n\n<p>Sin embargo, el subtexto pol\u00edtico fue claro: el gobernador busca rearmar puentes con un sector que hist\u00f3ricamente marc\u00f3 distancia con el oficialismo, al tiempo que intenta mantener la centralidad de La Pampa en la agenda federal.<\/p>\n\n\n\n<p>En su discurso, el campo fue el veh\u00edculo para hablar de algo m\u00e1s grande: un modelo de provincia que se presenta como alternativa al esquema nacional. Una gesti\u00f3n que busca sostener pol\u00edticas productivas con un Estado presente, pero eficiente y previsible.<\/p>\n\n\n\n<p>La muestra rural de Santa Rosa volvi\u00f3 a ser, como cada a\u00f1o, un term\u00f3metro pol\u00edtico. Y Ziliotto la us\u00f3 para marcar terreno en un contexto en el que el interior productivo se siente cada vez m\u00e1s alejado del poder central.<\/p>\n<div class=\"sharedaddy sd-sharing-enabled\"><div class=\"robots-nocontent sd-block sd-social sd-social-icon sd-sharing\"><h3 class=\"sd-title\">Comparte esto:<\/h3><div class=\"sd-content\"><ul><li class=\"share-twitter\"><a rel=\"nofollow noopener noreferrer\" data-shared=\"sharing-twitter-47072\" class=\"share-twitter sd-button share-icon no-text\" href=\"http:\/\/www.rtvnoticias.com.ar\/?p=47072&amp;share=twitter\" target=\"_blank\" title=\"Haz clic para compartir en Twitter\"><span><\/span><span class=\"sharing-screen-reader-text\">Haz clic para compartir en Twitter (Se abre en una ventana nueva)<\/span><\/a><\/li><li class=\"share-facebook\"><a rel=\"nofollow noopener noreferrer\" data-shared=\"sharing-facebook-47072\" class=\"share-facebook sd-button share-icon no-text\" href=\"http:\/\/www.rtvnoticias.com.ar\/?p=47072&amp;share=facebook\" target=\"_blank\" title=\"Haz clic para compartir en Facebook\"><span><\/span><span class=\"sharing-screen-reader-text\">Haz clic para compartir en Facebook (Se abre en una ventana nueva)<\/span><\/a><\/li><li class=\"share-jetpack-whatsapp\"><a rel=\"nofollow noopener noreferrer\" data-shared=\"\" class=\"share-jetpack-whatsapp sd-button share-icon no-text\" href=\"http:\/\/www.rtvnoticias.com.ar\/?p=47072&amp;share=jetpack-whatsapp\" target=\"_blank\" title=\"Haz clic para compartir en WhatsApp\"><span><\/span><span class=\"sharing-screen-reader-text\">Haz clic para compartir en WhatsApp (Se abre en una ventana nueva)<\/span><\/a><\/li><li class=\"share-telegram\"><a rel=\"nofollow noopener noreferrer\" data-shared=\"\" class=\"share-telegram sd-button share-icon no-text\" href=\"http:\/\/www.rtvnoticias.com.ar\/?p=47072&amp;share=telegram\" target=\"_blank\" title=\"Haz clic para compartir en Telegram\"><span><\/span><span class=\"sharing-screen-reader-text\">Haz clic para compartir en Telegram (Se abre en una ventana nueva)<\/span><\/a><\/li><li class=\"share-end\"><\/li><\/ul><\/div><\/div><\/div>","protected":false},"excerpt":{"rendered":"<p>El gobernador Sergio Ziliotto aprovech\u00f3 la tribuna pol\u00edtica que representa la Exposici\u00f3n Agr\u00edcola, Ganadera e Industrial de Santa Rosa para lanzar un mensaje que fue<\/p>\n<div class=\"sharedaddy sd-sharing-enabled\"><div class=\"robots-nocontent sd-block sd-social sd-social-icon sd-sharing\"><h3 class=\"sd-title\">Comparte esto:<\/h3><div class=\"sd-content\"><ul><li class=\"share-twitter\"><a rel=\"nofollow noopener noreferrer\" data-shared=\"sharing-twitter-47072\" class=\"share-twitter sd-button share-icon no-text\" href=\"http:\/\/www.rtvnoticias.com.ar\/?p=47072&amp;share=twitter\" target=\"_blank\" title=\"Haz clic para compartir en Twitter\"><span><\/span><span class=\"sharing-screen-reader-text\">Haz clic para compartir en Twitter (Se abre en una ventana nueva)<\/span><\/a><\/li><li class=\"share-facebook\"><a rel=\"nofollow noopener noreferrer\" data-shared=\"sharing-facebook-47072\" class=\"share-facebook sd-button share-icon no-text\" href=\"http:\/\/www.rtvnoticias.com.ar\/?p=47072&amp;share=facebook\" target=\"_blank\" title=\"Haz clic para compartir en Facebook\"><span><\/span><span class=\"sharing-screen-reader-text\">Haz clic para compartir en Facebook (Se abre en una ventana nueva)<\/span><\/a><\/li><li class=\"share-jetpack-whatsapp\"><a rel=\"nofollow noopener noreferrer\" data-shared=\"\" class=\"share-jetpack-whatsapp sd-button share-icon no-text\" href=\"http:\/\/www.rtvnoticias.com.ar\/?p=47072&amp;share=jetpack-whatsapp\" target=\"_blank\" title=\"Haz clic para compartir en WhatsApp\"><span><\/span><span class=\"sharing-screen-reader-text\">Haz clic para compartir en WhatsApp (Se abre en una ventana nueva)<\/span><\/a><\/li><li class=\"share-telegram\"><a rel=\"nofollow noopener noreferrer\" data-shared=\"\" class=\"share-telegram sd-button share-icon no-text\" href=\"http:\/\/www.rtvnoticias.com.ar\/?p=47072&amp;share=telegram\" target=\"_blank\" title=\"Haz clic para compartir en Telegram\"><span><\/span><span class=\"sharing-screen-reader-text\">Haz clic para compartir en Telegram (Se abre en una ventana nueva)<\/span><\/a><\/li><li class=\"share-end\"><\/li><\/ul><\/div><\/div><\/div>","protected":false},"author":7,"featured_media":47073,"comment_status":"closed","ping_status":"closed","sticky":false,"template":"","format":"standard","meta":{"spay_email":"","jetpack_publicize_message":"","jetpack_is_tweetstorm":false,"jetpack_publicize_feature_enabled":true},"categories":[4],"tags":[5613],"jetpack_featured_media_url":"http:\/\/www.rtvnoticias.com.ar\/wp-content\/uploads\/2025\/10\/imagen_77561.jpeg","jetpack_publicize_connections":[],"jetpack_sharing_enabled":true,"_links":{"self":[{"href":"http:\/\/www.rtvnoticias.com.ar\/index.php?rest_route=\/wp\/v2\/posts\/47072"}],"collection":[{"href":"http:\/\/www.rtvnoticias.com.ar\/index.php?rest_route=\/wp\/v2\/posts"}],"about":[{"href":"http:\/\/www.rtvnoticias.com.ar\/index.php?rest_route=\/wp\/v2\/types\/post"}],"author":[{"embeddable":true,"href":"http:\/\/www.rtvnoticias.com.ar\/index.php?rest_route=\/wp\/v2\/users\/7"}],"replies":[{"embeddable":true,"href":"http:\/\/www.rtvnoticias.com.ar\/index.php?rest_route=%2Fwp%2Fv2%2Fcomments&post=47072"}],"version-history":[{"count":1,"href":"http:\/\/www.rtvnoticias.com.ar\/index.php?rest_route=\/wp\/v2\/posts\/47072\/revisions"}],"predecessor-version":[{"id":47074,"href":"http:\/\/www.rtvnoticias.com.ar\/index.php?rest_route=\/wp\/v2\/posts\/47072\/revisions\/47074"}],"wp:featuredmedia":[{"embeddable":true,"href":"http:\/\/www.rtvnoticias.com.ar\/index.php?rest_route=\/wp\/v2\/media\/47073"}],"wp:attachment":[{"href":"http:\/\/www.rtvnoticias.com.ar\/index.php?rest_route=%2Fwp%2Fv2%2Fmedia&parent=47072"}],"wp:term":[{"taxonomy":"category","embeddable":true,"href":"http:\/\/www.rtvnoticias.com.ar\/index.php?rest_route=%2Fwp%2Fv2%2Fcategories&post=47072"},{"taxonomy":"post_tag","embeddable":true,"href":"http:\/\/www.rtvnoticias.com.ar\/index.php?rest_route=%2Fwp%2Fv2%2Ftags&post=47072"}],"curies":[{"name":"wp","href":"https:\/\/api.w.org\/{rel}","templated":true}]}}