{"id":47075,"date":"2025-10-05T11:38:17","date_gmt":"2025-10-05T14:38:17","guid":{"rendered":"http:\/\/www.rtvnoticias.com.ar\/?p=47075"},"modified":"2025-10-05T14:52:20","modified_gmt":"2025-10-05T17:52:20","slug":"crisis-en-la-construccion-la-pampa-tiene-235-menos-trabajadores-que-en-202","status":"publish","type":"post","link":"http:\/\/www.rtvnoticias.com.ar\/?p=47075","title":{"rendered":"Crisis en la construcci\u00f3n: La Pampa tiene 23,5% menos trabajadores que en 2023"},"content":{"rendered":"\n<p>El empleo en la construcci\u00f3n atraviesa una de las peores crisis de los \u00faltimos a\u00f1os en La Pampa. Seg\u00fan un informe de Politikon Chaco, elaborado con datos del IERIC y el INDEC, la provincia perdi\u00f3 el 23,5% de los puestos registrados en el sector entre julio de 2023 y julio de 2025.<\/p>\n\n\n\n<p>El retroceso equivale a cientos de empleos menos en una actividad que hist\u00f3ricamente impuls\u00f3 el dinamismo econ\u00f3mico provincial. La desaceleraci\u00f3n de la obra p\u00fablica y la retracci\u00f3n de las inversiones privadas profundizaron el impacto en un contexto de fuerte inestabilidad macroecon\u00f3mica.<\/p>\n\n\n\n<p>En julio de este a\u00f1o, La Pampa registr\u00f3 3.032 trabajadores en la construcci\u00f3n, lo que representa una mejora del 12,8% interanual respecto de 2024. Sin embargo, esa recuperaci\u00f3n responde m\u00e1s a una baja base comparativa que a una reactivaci\u00f3n genuina del sector: los niveles actuales siguen muy por debajo de los que exist\u00edan antes de la crisis.<\/p>\n\n\n\n<p>A nivel nacional, la situaci\u00f3n no es mucho mejor. El informe detalla que, durante julio, el empleo en la construcci\u00f3n creci\u00f3 apenas 0,8% mensual, pero acumula una ca\u00edda del 15,5% desde noviembre de 2023, cuando comenz\u00f3 la gesti\u00f3n de Javier Milei.<\/p>\n\n\n\n<p>En t\u00e9rminos interanuales, la mejora del 3,1% tambi\u00e9n se explica por la comparaci\u00f3n con un 2024 marcado por un derrumbe hist\u00f3rico. En la regi\u00f3n pampeana, el crecimiento fue a\u00fan m\u00e1s d\u00e9bil: 0,4% mensual y 2,3% anual, por debajo del promedio nacional. Dentro de ese mapa, La Pampa figura entre las provincias con mayor p\u00e9rdida estructural de empleo, mientras que R\u00edo Negro es la \u00fanica que logr\u00f3 mantener un leve saldo positivo respecto a 2023.<\/p>\n\n\n\n<h3 class=\"wp-block-heading\">Salarios rezagados frente a la inflaci\u00f3n<\/h3>\n\n\n\n<p>El deterioro no se limita al empleo. Los salarios en el sector tambi\u00e9n quedaron muy por detr\u00e1s de la inflaci\u00f3n. En julio, el promedio mensual en La Pampa fue de $1.042.982, con un incremento interanual del 7,3%, muy por debajo de la suba de precios acumulada.<\/p>\n\n\n\n<p>En comparaci\u00f3n con noviembre de 2023, el poder adquisitivo real de los trabajadores de la construcci\u00f3n apenas mejor\u00f3 1,1%, lo que muestra una virtual par\u00e1lisis de los ingresos reales.<\/p>\n\n\n\n<h3 class=\"wp-block-heading\">El freno de la obra p\u00fablica y la falta de inversi\u00f3n privada<\/h3>\n\n\n\n<p>El derrumbe del empleo y los salarios refleja el impacto directo del freno de la obra p\u00fablica nacional y la ca\u00edda de la construcci\u00f3n privada, dos pilares hist\u00f3ricos del sector. Los proyectos financiados por el Gobierno provincial y algunos municipios ayudaron a amortiguar el golpe, pero no alcanzaron para revertir la tendencia negativa.<\/p>\n\n\n\n<p>En el panorama nacional, la contracci\u00f3n fue generalizada: solo Mendoza y R\u00edo Negro muestran leves incrementos en el empleo desde el inicio del actual gobierno, mientras que La Rioja y Santa Cruz encabezan las p\u00e9rdidas con desplomes del 71% y 68,8%, respectivamente.<\/p>\n\n\n\n<h3 class=\"wp-block-heading\">Perspectivas inciertas<\/h3>\n\n\n\n<p>En La Pampa, la combinaci\u00f3n de menos obras, inflaci\u00f3n persistente y escasa inversi\u00f3n privada golpea con fuerza a un sector que es clave por su alta generaci\u00f3n de empleo. Sin se\u00f1ales de una reactivaci\u00f3n federal ni pol\u00edticas activas para el rubro, la construcci\u00f3n pampeana se mantiene en recesi\u00f3n y con perspectivas de recuperaci\u00f3n lenta y limitada.<\/p>\n<div class=\"sharedaddy sd-sharing-enabled\"><div class=\"robots-nocontent sd-block sd-social sd-social-icon sd-sharing\"><h3 class=\"sd-title\">Comparte esto:<\/h3><div class=\"sd-content\"><ul><li class=\"share-twitter\"><a rel=\"nofollow noopener noreferrer\" data-shared=\"sharing-twitter-47075\" class=\"share-twitter sd-button share-icon no-text\" href=\"http:\/\/www.rtvnoticias.com.ar\/?p=47075&amp;share=twitter\" target=\"_blank\" title=\"Haz clic para compartir en Twitter\"><span><\/span><span class=\"sharing-screen-reader-text\">Haz clic para compartir en Twitter (Se abre en una ventana nueva)<\/span><\/a><\/li><li class=\"share-facebook\"><a rel=\"nofollow noopener noreferrer\" data-shared=\"sharing-facebook-47075\" class=\"share-facebook sd-button share-icon no-text\" href=\"http:\/\/www.rtvnoticias.com.ar\/?p=47075&amp;share=facebook\" target=\"_blank\" title=\"Haz clic para compartir en Facebook\"><span><\/span><span class=\"sharing-screen-reader-text\">Haz clic para compartir en Facebook (Se abre en una ventana nueva)<\/span><\/a><\/li><li class=\"share-jetpack-whatsapp\"><a rel=\"nofollow noopener noreferrer\" data-shared=\"\" class=\"share-jetpack-whatsapp sd-button share-icon no-text\" href=\"http:\/\/www.rtvnoticias.com.ar\/?p=47075&amp;share=jetpack-whatsapp\" target=\"_blank\" title=\"Haz clic para compartir en WhatsApp\"><span><\/span><span class=\"sharing-screen-reader-text\">Haz clic para compartir en WhatsApp (Se abre en una ventana nueva)<\/span><\/a><\/li><li class=\"share-telegram\"><a rel=\"nofollow noopener noreferrer\" data-shared=\"\" class=\"share-telegram sd-button share-icon no-text\" href=\"http:\/\/www.rtvnoticias.com.ar\/?p=47075&amp;share=telegram\" target=\"_blank\" title=\"Haz clic para compartir en Telegram\"><span><\/span><span class=\"sharing-screen-reader-text\">Haz clic para compartir en Telegram (Se abre en una ventana nueva)<\/span><\/a><\/li><li class=\"share-end\"><\/li><\/ul><\/div><\/div><\/div>","protected":false},"excerpt":{"rendered":"<p>El empleo en la construcci\u00f3n atraviesa una de las peores crisis de los \u00faltimos a\u00f1os en La Pampa. Seg\u00fan un informe de Politikon Chaco, elaborado<\/p>\n<div class=\"sharedaddy sd-sharing-enabled\"><div class=\"robots-nocontent sd-block sd-social sd-social-icon sd-sharing\"><h3 class=\"sd-title\">Comparte esto:<\/h3><div class=\"sd-content\"><ul><li class=\"share-twitter\"><a rel=\"nofollow noopener noreferrer\" data-shared=\"sharing-twitter-47075\" class=\"share-twitter sd-button share-icon no-text\" href=\"http:\/\/www.rtvnoticias.com.ar\/?p=47075&amp;share=twitter\" target=\"_blank\" title=\"Haz clic para compartir en Twitter\"><span><\/span><span class=\"sharing-screen-reader-text\">Haz clic para compartir en Twitter (Se abre en una ventana nueva)<\/span><\/a><\/li><li class=\"share-facebook\"><a rel=\"nofollow noopener noreferrer\" data-shared=\"sharing-facebook-47075\" class=\"share-facebook sd-button share-icon no-text\" href=\"http:\/\/www.rtvnoticias.com.ar\/?p=47075&amp;share=facebook\" target=\"_blank\" title=\"Haz clic para compartir en Facebook\"><span><\/span><span class=\"sharing-screen-reader-text\">Haz clic para compartir en Facebook (Se abre en una ventana nueva)<\/span><\/a><\/li><li class=\"share-jetpack-whatsapp\"><a rel=\"nofollow noopener noreferrer\" data-shared=\"\" class=\"share-jetpack-whatsapp sd-button share-icon no-text\" href=\"http:\/\/www.rtvnoticias.com.ar\/?p=47075&amp;share=jetpack-whatsapp\" target=\"_blank\" title=\"Haz clic para compartir en WhatsApp\"><span><\/span><span class=\"sharing-screen-reader-text\">Haz clic para compartir en WhatsApp (Se abre en una ventana nueva)<\/span><\/a><\/li><li class=\"share-telegram\"><a rel=\"nofollow noopener noreferrer\" data-shared=\"\" class=\"share-telegram sd-button share-icon no-text\" href=\"http:\/\/www.rtvnoticias.com.ar\/?p=47075&amp;share=telegram\" target=\"_blank\" title=\"Haz clic para compartir en Telegram\"><span><\/span><span class=\"sharing-screen-reader-text\">Haz clic para compartir en Telegram (Se abre en una ventana nueva)<\/span><\/a><\/li><li class=\"share-end\"><\/li><\/ul><\/div><\/div><\/div>","protected":false},"author":7,"featured_media":47076,"comment_status":"closed","ping_status":"closed","sticky":false,"template":"","format":"standard","meta":{"spay_email":"","jetpack_publicize_message":"","jetpack_is_tweetstorm":false,"jetpack_publicize_feature_enabled":true},"categories":[4],"tags":[],"jetpack_featured_media_url":"http:\/\/www.rtvnoticias.com.ar\/wp-content\/uploads\/2025\/10\/579355_whatsapp-image-2023-12-05-at-14.19.09.jpeg","jetpack_publicize_connections":[],"jetpack_sharing_enabled":true,"_links":{"self":[{"href":"http:\/\/www.rtvnoticias.com.ar\/index.php?rest_route=\/wp\/v2\/posts\/47075"}],"collection":[{"href":"http:\/\/www.rtvnoticias.com.ar\/index.php?rest_route=\/wp\/v2\/posts"}],"about":[{"href":"http:\/\/www.rtvnoticias.com.ar\/index.php?rest_route=\/wp\/v2\/types\/post"}],"author":[{"embeddable":true,"href":"http:\/\/www.rtvnoticias.com.ar\/index.php?rest_route=\/wp\/v2\/users\/7"}],"replies":[{"embeddable":true,"href":"http:\/\/www.rtvnoticias.com.ar\/index.php?rest_route=%2Fwp%2Fv2%2Fcomments&post=47075"}],"version-history":[{"count":2,"href":"http:\/\/www.rtvnoticias.com.ar\/index.php?rest_route=\/wp\/v2\/posts\/47075\/revisions"}],"predecessor-version":[{"id":47089,"href":"http:\/\/www.rtvnoticias.com.ar\/index.php?rest_route=\/wp\/v2\/posts\/47075\/revisions\/47089"}],"wp:featuredmedia":[{"embeddable":true,"href":"http:\/\/www.rtvnoticias.com.ar\/index.php?rest_route=\/wp\/v2\/media\/47076"}],"wp:attachment":[{"href":"http:\/\/www.rtvnoticias.com.ar\/index.php?rest_route=%2Fwp%2Fv2%2Fmedia&parent=47075"}],"wp:term":[{"taxonomy":"category","embeddable":true,"href":"http:\/\/www.rtvnoticias.com.ar\/index.php?rest_route=%2Fwp%2Fv2%2Fcategories&post=47075"},{"taxonomy":"post_tag","embeddable":true,"href":"http:\/\/www.rtvnoticias.com.ar\/index.php?rest_route=%2Fwp%2Fv2%2Ftags&post=47075"}],"curies":[{"name":"wp","href":"https:\/\/api.w.org\/{rel}","templated":true}]}}