{"id":47078,"date":"2025-10-05T11:40:36","date_gmt":"2025-10-05T14:40:36","guid":{"rendered":"http:\/\/www.rtvnoticias.com.ar\/?p=47078"},"modified":"2025-10-05T11:40:42","modified_gmt":"2025-10-05T14:40:42","slug":"general-pico-recordo-al-teniente-coronel-adolfo-cesar-philippeaux-a-21-anos-de-su-fallecimiento","status":"publish","type":"post","link":"http:\/\/www.rtvnoticias.com.ar\/?p=47078","title":{"rendered":"General Pico record\u00f3 al teniente coronel Adolfo C\u00e9sar Philippeaux a 21 a\u00f1os de su fallecimiento"},"content":{"rendered":"\n<p>La Municipalidad de General Pico realiz\u00f3 este s\u00e1bado un acto conmemorativo en homenaje al teniente coronel Adolfo C\u00e9sar Philippeaux, al cumplirse 21 a\u00f1os de su fallecimiento. La ceremonia tuvo lugar en el cementerio municipal, donde descansan sus restos, y reuni\u00f3 a autoridades locales, exfuncionarios, militantes y vecinos que se acercaron para rendir tributo a una figura emblem\u00e1tica del peronismo pampeano.<\/p>\n\n\n\n<p>Del homenaje participaron la intendenta Fernanda Alonso, el presidente del Concejo Deliberante, Alberto Campo, representantes del Ejecutivo, intendentes con mandato cumplido e integrantes del Consejo de la Unidad B\u00e1sica local.<\/p>\n\n\n\n<p>El acto comenz\u00f3 con la entonaci\u00f3n del Himno Nacional Argentino. Luego, Pedro Larragione, secretario privado de Virginia del Valle \u2014esposa de Philippeaux\u2014 e integrante del Foro Patri\u00f3tico y Popular, ofreci\u00f3 unas palabras en memoria del militar. En su discurso, destac\u00f3 el compromiso del homenajeado con las causas nacionales y populares, y agradeci\u00f3 tanto al Gobierno provincial como al municipio por mantener viva su memoria.<\/p>\n\n\n\n<p>La ceremonia concluy\u00f3 con la colocaci\u00f3n de ofrendas florales en el mausoleo y un minuto de silencio en su honor.<\/p>\n\n\n\n<p>Adolfo C\u00e9sar Philippeaux naci\u00f3 el 25 de septiembre de 1925 y desarroll\u00f3 una trayectoria marcada por su lealtad al presidente Juan Domingo Per\u00f3n. Durante su carrera en el Ej\u00e9rcito fue designado como custodio del mandatario hasta el golpe de Estado de 1955, cuando fue desplazado de su cargo.<\/p>\n\n\n\n<p>Tras la ca\u00edda del gobierno peronista, Philippeaux fue destinado a La Pampa, donde encabez\u00f3 la insurrecci\u00f3n provincial del 9 de junio de 1956, en adhesi\u00f3n a la revoluci\u00f3n conducida por el general Juan Jos\u00e9 Valle. Desde all\u00ed moviliz\u00f3 al Ej\u00e9rcito, a la Polic\u00eda pampeana y a militantes civiles peronistas en defensa del orden constitucional.<\/p>\n\n\n\n<p>Su f\u00e9rrea oposici\u00f3n a las dictaduras y su compromiso con la democracia le valieron persecuciones, detenciones y torturas a lo largo de su vida. Falleci\u00f3 el 2 de octubre de 2004 en Mar del Plata y, cumpliendo con su voluntad, fue sepultado en General Pico, ciudad que hoy volvi\u00f3 a rendirle homenaje.<\/p>\n<div class=\"sharedaddy sd-sharing-enabled\"><div class=\"robots-nocontent sd-block sd-social sd-social-icon sd-sharing\"><h3 class=\"sd-title\">Comparte esto:<\/h3><div class=\"sd-content\"><ul><li class=\"share-twitter\"><a rel=\"nofollow noopener noreferrer\" data-shared=\"sharing-twitter-47078\" class=\"share-twitter sd-button share-icon no-text\" href=\"http:\/\/www.rtvnoticias.com.ar\/?p=47078&amp;share=twitter\" target=\"_blank\" title=\"Haz clic para compartir en Twitter\"><span><\/span><span class=\"sharing-screen-reader-text\">Haz clic para compartir en Twitter (Se abre en una ventana nueva)<\/span><\/a><\/li><li class=\"share-facebook\"><a rel=\"nofollow noopener noreferrer\" data-shared=\"sharing-facebook-47078\" class=\"share-facebook sd-button share-icon no-text\" href=\"http:\/\/www.rtvnoticias.com.ar\/?p=47078&amp;share=facebook\" target=\"_blank\" title=\"Haz clic para compartir en Facebook\"><span><\/span><span class=\"sharing-screen-reader-text\">Haz clic para compartir en Facebook (Se abre en una ventana nueva)<\/span><\/a><\/li><li class=\"share-jetpack-whatsapp\"><a rel=\"nofollow noopener noreferrer\" data-shared=\"\" class=\"share-jetpack-whatsapp sd-button share-icon no-text\" href=\"http:\/\/www.rtvnoticias.com.ar\/?p=47078&amp;share=jetpack-whatsapp\" target=\"_blank\" title=\"Haz clic para compartir en WhatsApp\"><span><\/span><span class=\"sharing-screen-reader-text\">Haz clic para compartir en WhatsApp (Se abre en una ventana nueva)<\/span><\/a><\/li><li class=\"share-telegram\"><a rel=\"nofollow noopener noreferrer\" data-shared=\"\" class=\"share-telegram sd-button share-icon no-text\" href=\"http:\/\/www.rtvnoticias.com.ar\/?p=47078&amp;share=telegram\" target=\"_blank\" title=\"Haz clic para compartir en Telegram\"><span><\/span><span class=\"sharing-screen-reader-text\">Haz clic para compartir en Telegram (Se abre en una ventana nueva)<\/span><\/a><\/li><li class=\"share-end\"><\/li><\/ul><\/div><\/div><\/div>","protected":false},"excerpt":{"rendered":"<p>La Municipalidad de General Pico realiz\u00f3 este s\u00e1bado un acto conmemorativo en homenaje al teniente coronel Adolfo C\u00e9sar Philippeaux, al cumplirse 21 a\u00f1os de su<\/p>\n<div class=\"sharedaddy sd-sharing-enabled\"><div class=\"robots-nocontent sd-block sd-social sd-social-icon sd-sharing\"><h3 class=\"sd-title\">Comparte esto:<\/h3><div class=\"sd-content\"><ul><li class=\"share-twitter\"><a rel=\"nofollow noopener noreferrer\" data-shared=\"sharing-twitter-47078\" class=\"share-twitter sd-button share-icon no-text\" href=\"http:\/\/www.rtvnoticias.com.ar\/?p=47078&amp;share=twitter\" target=\"_blank\" title=\"Haz clic para compartir en Twitter\"><span><\/span><span class=\"sharing-screen-reader-text\">Haz clic para compartir en Twitter (Se abre en una ventana nueva)<\/span><\/a><\/li><li class=\"share-facebook\"><a rel=\"nofollow noopener noreferrer\" data-shared=\"sharing-facebook-47078\" class=\"share-facebook sd-button share-icon no-text\" href=\"http:\/\/www.rtvnoticias.com.ar\/?p=47078&amp;share=facebook\" target=\"_blank\" title=\"Haz clic para compartir en Facebook\"><span><\/span><span class=\"sharing-screen-reader-text\">Haz clic para compartir en Facebook (Se abre en una ventana nueva)<\/span><\/a><\/li><li class=\"share-jetpack-whatsapp\"><a rel=\"nofollow noopener noreferrer\" data-shared=\"\" class=\"share-jetpack-whatsapp sd-button share-icon no-text\" href=\"http:\/\/www.rtvnoticias.com.ar\/?p=47078&amp;share=jetpack-whatsapp\" target=\"_blank\" title=\"Haz clic para compartir en WhatsApp\"><span><\/span><span class=\"sharing-screen-reader-text\">Haz clic para compartir en WhatsApp (Se abre en una ventana nueva)<\/span><\/a><\/li><li class=\"share-telegram\"><a rel=\"nofollow noopener noreferrer\" data-shared=\"\" class=\"share-telegram sd-button share-icon no-text\" href=\"http:\/\/www.rtvnoticias.com.ar\/?p=47078&amp;share=telegram\" target=\"_blank\" title=\"Haz clic para compartir en Telegram\"><span><\/span><span class=\"sharing-screen-reader-text\">Haz clic para compartir en Telegram (Se abre en una ventana nueva)<\/span><\/a><\/li><li class=\"share-end\"><\/li><\/ul><\/div><\/div><\/div>","protected":false},"author":7,"featured_media":47079,"comment_status":"closed","ping_status":"closed","sticky":false,"template":"","format":"standard","meta":{"spay_email":"","jetpack_publicize_message":"","jetpack_is_tweetstorm":false,"jetpack_publicize_feature_enabled":true},"categories":[3],"tags":[],"jetpack_featured_media_url":"http:\/\/www.rtvnoticias.com.ar\/wp-content\/uploads\/2025\/10\/ACTO-2-2.jpeg","jetpack_publicize_connections":[],"jetpack_sharing_enabled":true,"_links":{"self":[{"href":"http:\/\/www.rtvnoticias.com.ar\/index.php?rest_route=\/wp\/v2\/posts\/47078"}],"collection":[{"href":"http:\/\/www.rtvnoticias.com.ar\/index.php?rest_route=\/wp\/v2\/posts"}],"about":[{"href":"http:\/\/www.rtvnoticias.com.ar\/index.php?rest_route=\/wp\/v2\/types\/post"}],"author":[{"embeddable":true,"href":"http:\/\/www.rtvnoticias.com.ar\/index.php?rest_route=\/wp\/v2\/users\/7"}],"replies":[{"embeddable":true,"href":"http:\/\/www.rtvnoticias.com.ar\/index.php?rest_route=%2Fwp%2Fv2%2Fcomments&post=47078"}],"version-history":[{"count":1,"href":"http:\/\/www.rtvnoticias.com.ar\/index.php?rest_route=\/wp\/v2\/posts\/47078\/revisions"}],"predecessor-version":[{"id":47080,"href":"http:\/\/www.rtvnoticias.com.ar\/index.php?rest_route=\/wp\/v2\/posts\/47078\/revisions\/47080"}],"wp:featuredmedia":[{"embeddable":true,"href":"http:\/\/www.rtvnoticias.com.ar\/index.php?rest_route=\/wp\/v2\/media\/47079"}],"wp:attachment":[{"href":"http:\/\/www.rtvnoticias.com.ar\/index.php?rest_route=%2Fwp%2Fv2%2Fmedia&parent=47078"}],"wp:term":[{"taxonomy":"category","embeddable":true,"href":"http:\/\/www.rtvnoticias.com.ar\/index.php?rest_route=%2Fwp%2Fv2%2Fcategories&post=47078"},{"taxonomy":"post_tag","embeddable":true,"href":"http:\/\/www.rtvnoticias.com.ar\/index.php?rest_route=%2Fwp%2Fv2%2Ftags&post=47078"}],"curies":[{"name":"wp","href":"https:\/\/api.w.org\/{rel}","templated":true}]}}