{"id":47096,"date":"2025-10-06T09:31:06","date_gmt":"2025-10-06T12:31:06","guid":{"rendered":"http:\/\/www.rtvnoticias.com.ar\/?p=47096"},"modified":"2025-10-06T09:31:09","modified_gmt":"2025-10-06T12:31:09","slug":"general-pico-avanza-con-obras-de-pavimentacion-en-el-barrio-ranqueles","status":"publish","type":"post","link":"http:\/\/www.rtvnoticias.com.ar\/?p=47096","title":{"rendered":"General Pico avanza con obras de pavimentaci\u00f3n en el barrio Ranqueles"},"content":{"rendered":"\n<p>La Municipalidad de General Pico contin\u00faa ejecutando obras de pavimentaci\u00f3n en el barrio Ranqueles, en el sector comprendido entre las calles 23 y 25 y de 36 a 40. La intendenta Fernanda Alonso recorri\u00f3 la zona para supervisar los trabajos y dialogar con los vecinos sobre el avance de las tareas, que se financian \u00edntegramente con recursos municipales.<\/p>\n\n\n\n<p>Las obras incluyen la reparaci\u00f3n de cordones cuneta, el emparejamiento de las calles, la imprimaci\u00f3n y la posterior colocaci\u00f3n de la carpeta asf\u00e1ltica. Desde el municipio destacaron que se trata de una intervenci\u00f3n clave para mejorar la seguridad vial, reducir la siniestralidad y optimizar el escurrimiento del agua durante las lluvias.<\/p>\n\n\n\n<p>El presidente del Organismo Descentralizado de Planta de Asfalto, Diego Garro, explic\u00f3 que el proyecto forma parte de la planificaci\u00f3n prevista en el Presupuesto 2025.<br>\u201cEstas acciones son producto de una planificaci\u00f3n local y se concretan gracias a la inversi\u00f3n de recursos propios del municipio\u201d, se\u00f1al\u00f3 el funcionario.<\/p>\n\n\n\n<p>Garro subray\u00f3 adem\u00e1s el impacto positivo que tendr\u00e1 en el barrio, donde muchas calles a\u00fan eran de tierra. \u201cEs una obra muy significativa para los vecinos de este sector. Con estas mejoras buscamos seguir elevando la calidad de vida de la comunidad piquense\u201d, sostuvo.<\/p>\n\n\n\n<p>Seg\u00fan se inform\u00f3, las tareas de pavimentaci\u00f3n se extender\u00e1n pr\u00f3ximamente a otras zonas de la ciudad. En una nueva etapa, se trabajar\u00e1 sobre el tramo comprendido entre Avenida San Mart\u00edn y calle 24, y de 107 a 115, tambi\u00e9n con financiamiento municipal.<\/p>\n\n\n\n<p>\u201cGeneral Pico est\u00e1 en constante crecimiento y eso nos exige acompa\u00f1ar con infraestructura. Poder concretar obras con fondos propios refleja una gesti\u00f3n ordenada y el compromiso de garantizar que cada barrio se desarrolle con las mismas oportunidades\u201d, concluy\u00f3 Garro.<\/p>\n<div class=\"sharedaddy sd-sharing-enabled\"><div class=\"robots-nocontent sd-block sd-social sd-social-icon sd-sharing\"><h3 class=\"sd-title\">Comparte esto:<\/h3><div class=\"sd-content\"><ul><li class=\"share-twitter\"><a rel=\"nofollow noopener noreferrer\" data-shared=\"sharing-twitter-47096\" class=\"share-twitter sd-button share-icon no-text\" href=\"http:\/\/www.rtvnoticias.com.ar\/?p=47096&amp;share=twitter\" target=\"_blank\" title=\"Haz clic para compartir en Twitter\"><span><\/span><span class=\"sharing-screen-reader-text\">Haz clic para compartir en Twitter (Se abre en una ventana nueva)<\/span><\/a><\/li><li class=\"share-facebook\"><a rel=\"nofollow noopener noreferrer\" data-shared=\"sharing-facebook-47096\" class=\"share-facebook sd-button share-icon no-text\" href=\"http:\/\/www.rtvnoticias.com.ar\/?p=47096&amp;share=facebook\" target=\"_blank\" title=\"Haz clic para compartir en Facebook\"><span><\/span><span class=\"sharing-screen-reader-text\">Haz clic para compartir en Facebook (Se abre en una ventana nueva)<\/span><\/a><\/li><li class=\"share-jetpack-whatsapp\"><a rel=\"nofollow noopener noreferrer\" data-shared=\"\" class=\"share-jetpack-whatsapp sd-button share-icon no-text\" href=\"http:\/\/www.rtvnoticias.com.ar\/?p=47096&amp;share=jetpack-whatsapp\" target=\"_blank\" title=\"Haz clic para compartir en WhatsApp\"><span><\/span><span class=\"sharing-screen-reader-text\">Haz clic para compartir en WhatsApp (Se abre en una ventana nueva)<\/span><\/a><\/li><li class=\"share-telegram\"><a rel=\"nofollow noopener noreferrer\" data-shared=\"\" class=\"share-telegram sd-button share-icon no-text\" href=\"http:\/\/www.rtvnoticias.com.ar\/?p=47096&amp;share=telegram\" target=\"_blank\" title=\"Haz clic para compartir en Telegram\"><span><\/span><span class=\"sharing-screen-reader-text\">Haz clic para compartir en Telegram (Se abre en una ventana nueva)<\/span><\/a><\/li><li class=\"share-end\"><\/li><\/ul><\/div><\/div><\/div>","protected":false},"excerpt":{"rendered":"<p>La Municipalidad de General Pico contin\u00faa ejecutando obras de pavimentaci\u00f3n en el barrio Ranqueles, en el sector comprendido entre las calles 23 y 25 y<\/p>\n<div class=\"sharedaddy sd-sharing-enabled\"><div class=\"robots-nocontent sd-block sd-social sd-social-icon sd-sharing\"><h3 class=\"sd-title\">Comparte esto:<\/h3><div class=\"sd-content\"><ul><li class=\"share-twitter\"><a rel=\"nofollow noopener noreferrer\" data-shared=\"sharing-twitter-47096\" class=\"share-twitter sd-button share-icon no-text\" href=\"http:\/\/www.rtvnoticias.com.ar\/?p=47096&amp;share=twitter\" target=\"_blank\" title=\"Haz clic para compartir en Twitter\"><span><\/span><span class=\"sharing-screen-reader-text\">Haz clic para compartir en Twitter (Se abre en una ventana nueva)<\/span><\/a><\/li><li class=\"share-facebook\"><a rel=\"nofollow noopener noreferrer\" data-shared=\"sharing-facebook-47096\" class=\"share-facebook sd-button share-icon no-text\" href=\"http:\/\/www.rtvnoticias.com.ar\/?p=47096&amp;share=facebook\" target=\"_blank\" title=\"Haz clic para compartir en Facebook\"><span><\/span><span class=\"sharing-screen-reader-text\">Haz clic para compartir en Facebook (Se abre en una ventana nueva)<\/span><\/a><\/li><li class=\"share-jetpack-whatsapp\"><a rel=\"nofollow noopener noreferrer\" data-shared=\"\" class=\"share-jetpack-whatsapp sd-button share-icon no-text\" href=\"http:\/\/www.rtvnoticias.com.ar\/?p=47096&amp;share=jetpack-whatsapp\" target=\"_blank\" title=\"Haz clic para compartir en WhatsApp\"><span><\/span><span class=\"sharing-screen-reader-text\">Haz clic para compartir en WhatsApp (Se abre en una ventana nueva)<\/span><\/a><\/li><li class=\"share-telegram\"><a rel=\"nofollow noopener noreferrer\" data-shared=\"\" class=\"share-telegram sd-button share-icon no-text\" href=\"http:\/\/www.rtvnoticias.com.ar\/?p=47096&amp;share=telegram\" target=\"_blank\" title=\"Haz clic para compartir en Telegram\"><span><\/span><span class=\"sharing-screen-reader-text\">Haz clic para compartir en Telegram (Se abre en una ventana nueva)<\/span><\/a><\/li><li class=\"share-end\"><\/li><\/ul><\/div><\/div><\/div>","protected":false},"author":7,"featured_media":47097,"comment_status":"closed","ping_status":"closed","sticky":false,"template":"","format":"standard","meta":{"spay_email":"","jetpack_publicize_message":"","jetpack_is_tweetstorm":false,"jetpack_publicize_feature_enabled":true},"categories":[3],"tags":[],"jetpack_featured_media_url":"http:\/\/www.rtvnoticias.com.ar\/wp-content\/uploads\/2025\/10\/f1280x720-224782_356457_5050.jpeg","jetpack_publicize_connections":[],"jetpack_sharing_enabled":true,"_links":{"self":[{"href":"http:\/\/www.rtvnoticias.com.ar\/index.php?rest_route=\/wp\/v2\/posts\/47096"}],"collection":[{"href":"http:\/\/www.rtvnoticias.com.ar\/index.php?rest_route=\/wp\/v2\/posts"}],"about":[{"href":"http:\/\/www.rtvnoticias.com.ar\/index.php?rest_route=\/wp\/v2\/types\/post"}],"author":[{"embeddable":true,"href":"http:\/\/www.rtvnoticias.com.ar\/index.php?rest_route=\/wp\/v2\/users\/7"}],"replies":[{"embeddable":true,"href":"http:\/\/www.rtvnoticias.com.ar\/index.php?rest_route=%2Fwp%2Fv2%2Fcomments&post=47096"}],"version-history":[{"count":1,"href":"http:\/\/www.rtvnoticias.com.ar\/index.php?rest_route=\/wp\/v2\/posts\/47096\/revisions"}],"predecessor-version":[{"id":47098,"href":"http:\/\/www.rtvnoticias.com.ar\/index.php?rest_route=\/wp\/v2\/posts\/47096\/revisions\/47098"}],"wp:featuredmedia":[{"embeddable":true,"href":"http:\/\/www.rtvnoticias.com.ar\/index.php?rest_route=\/wp\/v2\/media\/47097"}],"wp:attachment":[{"href":"http:\/\/www.rtvnoticias.com.ar\/index.php?rest_route=%2Fwp%2Fv2%2Fmedia&parent=47096"}],"wp:term":[{"taxonomy":"category","embeddable":true,"href":"http:\/\/www.rtvnoticias.com.ar\/index.php?rest_route=%2Fwp%2Fv2%2Fcategories&post=47096"},{"taxonomy":"post_tag","embeddable":true,"href":"http:\/\/www.rtvnoticias.com.ar\/index.php?rest_route=%2Fwp%2Fv2%2Ftags&post=47096"}],"curies":[{"name":"wp","href":"https:\/\/api.w.org\/{rel}","templated":true}]}}