{"id":47099,"date":"2025-10-06T09:33:19","date_gmt":"2025-10-06T12:33:19","guid":{"rendered":"http:\/\/www.rtvnoticias.com.ar\/?p=47099"},"modified":"2025-10-06T09:33:22","modified_gmt":"2025-10-06T12:33:22","slug":"milei-presenta-hoy-su-nuevo-libro-la-construccion-del-milagro-en-el-movistar-arena","status":"publish","type":"post","link":"http:\/\/www.rtvnoticias.com.ar\/?p=47099","title":{"rendered":"Milei presenta hoy su nuevo libro \u201cLa construcci\u00f3n del milagro\u201d en el Movistar Arena"},"content":{"rendered":"\n<p>El presidente Javier Milei realizar\u00e1 hoy la presentaci\u00f3n de su nuevo libro \u201cLa construcci\u00f3n del milagro\u201d en el Movistar Arena, con capacidad para 15 mil personas y acompa\u00f1ado de funcionarios del Gobierno.<\/p>\n\n\n\n<p>El evento se llevar\u00e1 a cabo este lunes a las 18:00 en el citado recinto donde el mandatario subir\u00e1 al escenario rodeado por los integrantes de Las Fuerzas del Cielo, protagonizar\u00e1 un breve recital y luego dar\u00e1 lugar a la segunda instancia del acto que, tras una ducha y de un cambio de indumentaria, lo tendr\u00e1 a cargo de los detalles de su nuevo libro.<\/p>\n\n\n\n<p>Las actividades estar\u00e1n divididas por la disertaci\u00f3n del conferencista Agust\u00edn Laje y, al igual que en el evento del Luna Park en 2024, el vocero presidencial, Manuel Adorni, oficiar\u00e1 de presentador.<\/p>\n\n\n\n<p>El mediod\u00eda del domingo Milei ensay\u00f3 en la quinta de Olivos junto a la denominada \u201cbanda presidencial\u201d el set de canciones que interpretar\u00e1 este lunes.<\/p>\n\n\n\n<p>A trav\u00e9s de su cuenta de X, el mandatario cit\u00f3 un posteo del ministro de Desregulaci\u00f3n y Transformaci\u00f3n del Estado, Federico Sturzenegger, quien presenci\u00f3 el ensayo: \u201cVEN\u00cd PROB\u00c1 LA BANDA\u2026 VLLC!\u201d, sentenci\u00f3 junto a una imagen en la que se lo ve rodeado de funcionarios y legisladores que lo acompa\u00f1ar\u00e1n en el escenario.<\/p>\n\n\n\n<p>Como anticip\u00f3 la Agencia Noticias Argentinas, el libertario trabaj\u00f3 en una hoja de canciones elegidas por su \u201cmensaje pol\u00edtico\u201d que interpretar\u00e1 en la previa a la presentaci\u00f3n de su nueva obra, y aspira a poder cerrar el mini concierto junto a los miembros de su Gabinete.<\/p>\n\n\n\n<p>La \u201cbanda presidencial\u201d que tiene una cuenta de X, est\u00e1 integrada por el diputado Alberto \u201cBertie\u201d Benegas Lynch a cargo de la bater\u00eda, y su hermano Joaqu\u00edn, en la primera guitarra, mientras que adem\u00e1s se lo vio a Marcelo Ducl\u00f3s, el bi\u00f3grafo de Milei, a cargo del bajo, y a la legisladora Lilia Lemoine en uno de los micr\u00f3fonos.<\/p>\n<div class=\"sharedaddy sd-sharing-enabled\"><div class=\"robots-nocontent sd-block sd-social sd-social-icon sd-sharing\"><h3 class=\"sd-title\">Comparte esto:<\/h3><div class=\"sd-content\"><ul><li class=\"share-twitter\"><a rel=\"nofollow noopener noreferrer\" data-shared=\"sharing-twitter-47099\" class=\"share-twitter sd-button share-icon no-text\" href=\"http:\/\/www.rtvnoticias.com.ar\/?p=47099&amp;share=twitter\" target=\"_blank\" title=\"Haz clic para compartir en Twitter\"><span><\/span><span class=\"sharing-screen-reader-text\">Haz clic para compartir en Twitter (Se abre en una ventana nueva)<\/span><\/a><\/li><li class=\"share-facebook\"><a rel=\"nofollow noopener noreferrer\" data-shared=\"sharing-facebook-47099\" class=\"share-facebook sd-button share-icon no-text\" href=\"http:\/\/www.rtvnoticias.com.ar\/?p=47099&amp;share=facebook\" target=\"_blank\" title=\"Haz clic para compartir en Facebook\"><span><\/span><span class=\"sharing-screen-reader-text\">Haz clic para compartir en Facebook (Se abre en una ventana nueva)<\/span><\/a><\/li><li class=\"share-jetpack-whatsapp\"><a rel=\"nofollow noopener noreferrer\" data-shared=\"\" class=\"share-jetpack-whatsapp sd-button share-icon no-text\" href=\"http:\/\/www.rtvnoticias.com.ar\/?p=47099&amp;share=jetpack-whatsapp\" target=\"_blank\" title=\"Haz clic para compartir en WhatsApp\"><span><\/span><span class=\"sharing-screen-reader-text\">Haz clic para compartir en WhatsApp (Se abre en una ventana nueva)<\/span><\/a><\/li><li class=\"share-telegram\"><a rel=\"nofollow noopener noreferrer\" data-shared=\"\" class=\"share-telegram sd-button share-icon no-text\" href=\"http:\/\/www.rtvnoticias.com.ar\/?p=47099&amp;share=telegram\" target=\"_blank\" title=\"Haz clic para compartir en Telegram\"><span><\/span><span class=\"sharing-screen-reader-text\">Haz clic para compartir en Telegram (Se abre en una ventana nueva)<\/span><\/a><\/li><li class=\"share-end\"><\/li><\/ul><\/div><\/div><\/div>","protected":false},"excerpt":{"rendered":"<p>El presidente Javier Milei realizar\u00e1 hoy la presentaci\u00f3n de su nuevo libro \u201cLa construcci\u00f3n del milagro\u201d en el Movistar Arena, con capacidad para 15 mil<\/p>\n<div class=\"sharedaddy sd-sharing-enabled\"><div class=\"robots-nocontent sd-block sd-social sd-social-icon sd-sharing\"><h3 class=\"sd-title\">Comparte esto:<\/h3><div class=\"sd-content\"><ul><li class=\"share-twitter\"><a rel=\"nofollow noopener noreferrer\" data-shared=\"sharing-twitter-47099\" class=\"share-twitter sd-button share-icon no-text\" href=\"http:\/\/www.rtvnoticias.com.ar\/?p=47099&amp;share=twitter\" target=\"_blank\" title=\"Haz clic para compartir en Twitter\"><span><\/span><span class=\"sharing-screen-reader-text\">Haz clic para compartir en Twitter (Se abre en una ventana nueva)<\/span><\/a><\/li><li class=\"share-facebook\"><a rel=\"nofollow noopener noreferrer\" data-shared=\"sharing-facebook-47099\" class=\"share-facebook sd-button share-icon no-text\" href=\"http:\/\/www.rtvnoticias.com.ar\/?p=47099&amp;share=facebook\" target=\"_blank\" title=\"Haz clic para compartir en Facebook\"><span><\/span><span class=\"sharing-screen-reader-text\">Haz clic para compartir en Facebook (Se abre en una ventana nueva)<\/span><\/a><\/li><li class=\"share-jetpack-whatsapp\"><a rel=\"nofollow noopener noreferrer\" data-shared=\"\" class=\"share-jetpack-whatsapp sd-button share-icon no-text\" href=\"http:\/\/www.rtvnoticias.com.ar\/?p=47099&amp;share=jetpack-whatsapp\" target=\"_blank\" title=\"Haz clic para compartir en WhatsApp\"><span><\/span><span class=\"sharing-screen-reader-text\">Haz clic para compartir en WhatsApp (Se abre en una ventana nueva)<\/span><\/a><\/li><li class=\"share-telegram\"><a rel=\"nofollow noopener noreferrer\" data-shared=\"\" class=\"share-telegram sd-button share-icon no-text\" href=\"http:\/\/www.rtvnoticias.com.ar\/?p=47099&amp;share=telegram\" target=\"_blank\" title=\"Haz clic para compartir en Telegram\"><span><\/span><span class=\"sharing-screen-reader-text\">Haz clic para compartir en Telegram (Se abre en una ventana nueva)<\/span><\/a><\/li><li class=\"share-end\"><\/li><\/ul><\/div><\/div><\/div>","protected":false},"author":7,"featured_media":47100,"comment_status":"closed","ping_status":"closed","sticky":false,"template":"","format":"standard","meta":{"spay_email":"","jetpack_publicize_message":"","jetpack_is_tweetstorm":false,"jetpack_publicize_feature_enabled":true},"categories":[5],"tags":[],"jetpack_featured_media_url":"http:\/\/www.rtvnoticias.com.ar\/wp-content\/uploads\/2025\/10\/milei-20.jpg","jetpack_publicize_connections":[],"jetpack_sharing_enabled":true,"_links":{"self":[{"href":"http:\/\/www.rtvnoticias.com.ar\/index.php?rest_route=\/wp\/v2\/posts\/47099"}],"collection":[{"href":"http:\/\/www.rtvnoticias.com.ar\/index.php?rest_route=\/wp\/v2\/posts"}],"about":[{"href":"http:\/\/www.rtvnoticias.com.ar\/index.php?rest_route=\/wp\/v2\/types\/post"}],"author":[{"embeddable":true,"href":"http:\/\/www.rtvnoticias.com.ar\/index.php?rest_route=\/wp\/v2\/users\/7"}],"replies":[{"embeddable":true,"href":"http:\/\/www.rtvnoticias.com.ar\/index.php?rest_route=%2Fwp%2Fv2%2Fcomments&post=47099"}],"version-history":[{"count":1,"href":"http:\/\/www.rtvnoticias.com.ar\/index.php?rest_route=\/wp\/v2\/posts\/47099\/revisions"}],"predecessor-version":[{"id":47101,"href":"http:\/\/www.rtvnoticias.com.ar\/index.php?rest_route=\/wp\/v2\/posts\/47099\/revisions\/47101"}],"wp:featuredmedia":[{"embeddable":true,"href":"http:\/\/www.rtvnoticias.com.ar\/index.php?rest_route=\/wp\/v2\/media\/47100"}],"wp:attachment":[{"href":"http:\/\/www.rtvnoticias.com.ar\/index.php?rest_route=%2Fwp%2Fv2%2Fmedia&parent=47099"}],"wp:term":[{"taxonomy":"category","embeddable":true,"href":"http:\/\/www.rtvnoticias.com.ar\/index.php?rest_route=%2Fwp%2Fv2%2Fcategories&post=47099"},{"taxonomy":"post_tag","embeddable":true,"href":"http:\/\/www.rtvnoticias.com.ar\/index.php?rest_route=%2Fwp%2Fv2%2Ftags&post=47099"}],"curies":[{"name":"wp","href":"https:\/\/api.w.org\/{rel}","templated":true}]}}