{"id":47102,"date":"2025-10-06T09:44:57","date_gmt":"2025-10-06T12:44:57","guid":{"rendered":"http:\/\/www.rtvnoticias.com.ar\/?p=47102"},"modified":"2025-10-06T09:45:02","modified_gmt":"2025-10-06T12:45:02","slug":"no-se-puede-seguir-castigando-al-que-produce-guidugli-pidio-una-baja-gradual-de-retenciones","status":"publish","type":"post","link":"http:\/\/www.rtvnoticias.com.ar\/?p=47102","title":{"rendered":"\u201cNo se puede seguir castigando al que produce\u201d: Guidugli pidi\u00f3 una baja gradual de retenciones"},"content":{"rendered":"\n<p>El candidato a diputado nacional por Cambia La Pampa, Federico Guidugli, aprovech\u00f3 su paso por la 99\u00aa Exposici\u00f3n Rural de Santa Rosa para desplegar un mensaje pol\u00edtico con doble anclaje: una apelaci\u00f3n al di\u00e1logo con el sector agropecuario y, al mismo tiempo, una cr\u00edtica a las pol\u00edticas nacionales que \u2014seg\u00fan \u00e9l\u2014 castigan al interior productivo.<\/p>\n\n\n\n<p>En una carta abierta difundida tras su visita al predio ferial, el dirigente radical celebr\u00f3 el \u201cllamado al di\u00e1logo\u201d entre productores y el Estado, pero advirti\u00f3 que la relaci\u00f3n debe trascender los discursos coyunturales. \u201cEl desaf\u00edo es sentarnos en la misma mesa \u2014productores, Estado y sociedad\u2014 para dise\u00f1ar juntos una pol\u00edtica de largo plazo. Una que no cambie con cada elecci\u00f3n ni en cada gesti\u00f3n de turno\u201d, escribi\u00f3 Guidugli.<\/p>\n\n\n\n<p>El mensaje, de tono propositivo pero con claros matices opositores, busca posicionarlo como un interlocutor entre la dirigencia pol\u00edtica y el sector agropecuario pampeano, hist\u00f3ricamente sensible frente a las decisiones econ\u00f3micas tomadas desde Buenos Aires.<\/p>\n\n\n\n<h4 class=\"wp-block-heading\">Un discurso con impronta productivista<\/h4>\n\n\n\n<p>Guidugli reivindic\u00f3 el rol del campo como \u201cmotor de la provincia\u201d y apunt\u00f3 directamente contra lo que defini\u00f3 como medidas \u201cimprovisadas\u201d del Gobierno nacional. \u201cNo se puede seguir castigando al que invierte, al que siembra y apuesta a la Argentina\u201d, se\u00f1al\u00f3, en alusi\u00f3n a los cambios en las retenciones y a la presi\u00f3n fiscal sobre el agro.<\/p>\n\n\n\n<p>El radical propuso avanzar hacia una baja gradual y sostenida de las retenciones, acompa\u00f1ada de incentivos para la inversi\u00f3n y el agregado de valor en origen. Con ese planteo, busca diferenciarse de la l\u00f3gica de la protesta pura y ofrecer una mirada m\u00e1s t\u00e9cnica y planificada, en l\u00ednea con el perfil que intenta consolidar Cambia La Pampa de cara a las legislativas.<\/p>\n\n\n\n<h4 class=\"wp-block-heading\">Infraestructura y arraigo: un eje de campa\u00f1a<\/h4>\n\n\n\n<p>M\u00e1s all\u00e1 del reclamo fiscal, Guidugli ubic\u00f3 en el centro del debate la reconstrucci\u00f3n de la infraestructura rural, un tema recurrente en su discurso. \u201cLas rutas nacionales que cruzan La Pampa est\u00e1n olvidadas hace m\u00e1s de dos d\u00e9cadas; los caminos rurales, en muchos casos, intransitables\u201d, advirti\u00f3.<\/p>\n\n\n\n<p>La apelaci\u00f3n al arraigo y al desarrollo del interior profundo busca conectar con un electorado que percibe que las pol\u00edticas nacionales miran poco hacia el oeste pampeano. En ese sentido, el candidato remarc\u00f3 que \u201cla inversi\u00f3n en infraestructura rural no es un gasto: es la base para el desarrollo y la integraci\u00f3n provincial\u201d.<\/p>\n\n\n\n<h4 class=\"wp-block-heading\">Un gui\u00f1o a la dirigencia rural y un mensaje interno<\/h4>\n\n\n\n<p>El gesto de Guidugli tambi\u00e9n tuvo una lectura pol\u00edtica interna: al respaldar el discurso del presidente de la Asociaci\u00f3n Agr\u00edcola Ganadera, Jos\u00e9 Ignacio de la Iglesia, el radical marc\u00f3 un punto de coincidencia con una de las instituciones m\u00e1s influyentes del campo pampeano.<\/p>\n\n\n\n<p>Al mismo tiempo, su mensaje representa un intento de reposicionar al radicalismo como fuerza con sensibilidad productiva, en un contexto en el que el PRO y otros espacios de la oposici\u00f3n disputan el mismo electorado rural.<\/p>\n\n\n\n<p>\u201cGeneral Pico y todo el interior pampeano necesitan previsibilidad, respeto a la propiedad privada y reglas claras para producir\u201d, insisti\u00f3 el candidato, reforzando la l\u00ednea discursiva que combina moderaci\u00f3n pol\u00edtica con firmeza program\u00e1tica.<\/p>\n\n\n\n<h4 class=\"wp-block-heading\">Una estrategia de perfil provincial<\/h4>\n\n\n\n<p>El tono de la carta y la elecci\u00f3n del escenario \u2014la Expo Rural\u2014 no fueron casuales. En la recta final de la campa\u00f1a, Guidugli busca ampliar su base de apoyo m\u00e1s all\u00e1 del n\u00facleo radical, proyect\u00e1ndose como una figura de consenso dentro del frente opositor y, al mismo tiempo, como un dirigente con proyecci\u00f3n provincial.<\/p>\n\n\n\n<p>\u201cCelebro el llamado al di\u00e1logo, en tiempos donde sobran los gritos y faltan los acuerdos\u201d, concluy\u00f3, en una frase que sintetiza su apuesta pol\u00edtica: mostrarse como el puente entre la producci\u00f3n y la pol\u00edtica, entre el campo y el Estado.<\/p>\n<div class=\"sharedaddy sd-sharing-enabled\"><div class=\"robots-nocontent sd-block sd-social sd-social-icon sd-sharing\"><h3 class=\"sd-title\">Comparte esto:<\/h3><div class=\"sd-content\"><ul><li class=\"share-twitter\"><a rel=\"nofollow noopener noreferrer\" data-shared=\"sharing-twitter-47102\" class=\"share-twitter sd-button share-icon no-text\" href=\"http:\/\/www.rtvnoticias.com.ar\/?p=47102&amp;share=twitter\" target=\"_blank\" title=\"Haz clic para compartir en Twitter\"><span><\/span><span class=\"sharing-screen-reader-text\">Haz clic para compartir en Twitter (Se abre en una ventana nueva)<\/span><\/a><\/li><li class=\"share-facebook\"><a rel=\"nofollow noopener noreferrer\" data-shared=\"sharing-facebook-47102\" class=\"share-facebook sd-button share-icon no-text\" href=\"http:\/\/www.rtvnoticias.com.ar\/?p=47102&amp;share=facebook\" target=\"_blank\" title=\"Haz clic para compartir en Facebook\"><span><\/span><span class=\"sharing-screen-reader-text\">Haz clic para compartir en Facebook (Se abre en una ventana nueva)<\/span><\/a><\/li><li class=\"share-jetpack-whatsapp\"><a rel=\"nofollow noopener noreferrer\" data-shared=\"\" class=\"share-jetpack-whatsapp sd-button share-icon no-text\" href=\"http:\/\/www.rtvnoticias.com.ar\/?p=47102&amp;share=jetpack-whatsapp\" target=\"_blank\" title=\"Haz clic para compartir en WhatsApp\"><span><\/span><span class=\"sharing-screen-reader-text\">Haz clic para compartir en WhatsApp (Se abre en una ventana nueva)<\/span><\/a><\/li><li class=\"share-telegram\"><a rel=\"nofollow noopener noreferrer\" data-shared=\"\" class=\"share-telegram sd-button share-icon no-text\" href=\"http:\/\/www.rtvnoticias.com.ar\/?p=47102&amp;share=telegram\" target=\"_blank\" title=\"Haz clic para compartir en Telegram\"><span><\/span><span class=\"sharing-screen-reader-text\">Haz clic para compartir en Telegram (Se abre en una ventana nueva)<\/span><\/a><\/li><li class=\"share-end\"><\/li><\/ul><\/div><\/div><\/div>","protected":false},"excerpt":{"rendered":"<p>El candidato a diputado nacional por Cambia La Pampa, Federico Guidugli, aprovech\u00f3 su paso por la 99\u00aa Exposici\u00f3n Rural de Santa Rosa para desplegar un<\/p>\n<div class=\"sharedaddy sd-sharing-enabled\"><div class=\"robots-nocontent sd-block sd-social sd-social-icon sd-sharing\"><h3 class=\"sd-title\">Comparte esto:<\/h3><div class=\"sd-content\"><ul><li class=\"share-twitter\"><a rel=\"nofollow noopener noreferrer\" data-shared=\"sharing-twitter-47102\" class=\"share-twitter sd-button share-icon no-text\" href=\"http:\/\/www.rtvnoticias.com.ar\/?p=47102&amp;share=twitter\" target=\"_blank\" title=\"Haz clic para compartir en Twitter\"><span><\/span><span class=\"sharing-screen-reader-text\">Haz clic para compartir en Twitter (Se abre en una ventana nueva)<\/span><\/a><\/li><li class=\"share-facebook\"><a rel=\"nofollow noopener noreferrer\" data-shared=\"sharing-facebook-47102\" class=\"share-facebook sd-button share-icon no-text\" href=\"http:\/\/www.rtvnoticias.com.ar\/?p=47102&amp;share=facebook\" target=\"_blank\" title=\"Haz clic para compartir en Facebook\"><span><\/span><span class=\"sharing-screen-reader-text\">Haz clic para compartir en Facebook (Se abre en una ventana nueva)<\/span><\/a><\/li><li class=\"share-jetpack-whatsapp\"><a rel=\"nofollow noopener noreferrer\" data-shared=\"\" class=\"share-jetpack-whatsapp sd-button share-icon no-text\" href=\"http:\/\/www.rtvnoticias.com.ar\/?p=47102&amp;share=jetpack-whatsapp\" target=\"_blank\" title=\"Haz clic para compartir en WhatsApp\"><span><\/span><span class=\"sharing-screen-reader-text\">Haz clic para compartir en WhatsApp (Se abre en una ventana nueva)<\/span><\/a><\/li><li class=\"share-telegram\"><a rel=\"nofollow noopener noreferrer\" data-shared=\"\" class=\"share-telegram sd-button share-icon no-text\" href=\"http:\/\/www.rtvnoticias.com.ar\/?p=47102&amp;share=telegram\" target=\"_blank\" title=\"Haz clic para compartir en Telegram\"><span><\/span><span class=\"sharing-screen-reader-text\">Haz clic para compartir en Telegram (Se abre en una ventana nueva)<\/span><\/a><\/li><li class=\"share-end\"><\/li><\/ul><\/div><\/div><\/div>","protected":false},"author":7,"featured_media":47103,"comment_status":"closed","ping_status":"closed","sticky":false,"template":"","format":"standard","meta":{"spay_email":"","jetpack_publicize_message":"","jetpack_is_tweetstorm":false,"jetpack_publicize_feature_enabled":true},"categories":[1],"tags":[5614],"jetpack_featured_media_url":"http:\/\/www.rtvnoticias.com.ar\/wp-content\/uploads\/2025\/10\/imagen_76964.jpeg","jetpack_publicize_connections":[],"jetpack_sharing_enabled":true,"_links":{"self":[{"href":"http:\/\/www.rtvnoticias.com.ar\/index.php?rest_route=\/wp\/v2\/posts\/47102"}],"collection":[{"href":"http:\/\/www.rtvnoticias.com.ar\/index.php?rest_route=\/wp\/v2\/posts"}],"about":[{"href":"http:\/\/www.rtvnoticias.com.ar\/index.php?rest_route=\/wp\/v2\/types\/post"}],"author":[{"embeddable":true,"href":"http:\/\/www.rtvnoticias.com.ar\/index.php?rest_route=\/wp\/v2\/users\/7"}],"replies":[{"embeddable":true,"href":"http:\/\/www.rtvnoticias.com.ar\/index.php?rest_route=%2Fwp%2Fv2%2Fcomments&post=47102"}],"version-history":[{"count":1,"href":"http:\/\/www.rtvnoticias.com.ar\/index.php?rest_route=\/wp\/v2\/posts\/47102\/revisions"}],"predecessor-version":[{"id":47104,"href":"http:\/\/www.rtvnoticias.com.ar\/index.php?rest_route=\/wp\/v2\/posts\/47102\/revisions\/47104"}],"wp:featuredmedia":[{"embeddable":true,"href":"http:\/\/www.rtvnoticias.com.ar\/index.php?rest_route=\/wp\/v2\/media\/47103"}],"wp:attachment":[{"href":"http:\/\/www.rtvnoticias.com.ar\/index.php?rest_route=%2Fwp%2Fv2%2Fmedia&parent=47102"}],"wp:term":[{"taxonomy":"category","embeddable":true,"href":"http:\/\/www.rtvnoticias.com.ar\/index.php?rest_route=%2Fwp%2Fv2%2Fcategories&post=47102"},{"taxonomy":"post_tag","embeddable":true,"href":"http:\/\/www.rtvnoticias.com.ar\/index.php?rest_route=%2Fwp%2Fv2%2Ftags&post=47102"}],"curies":[{"name":"wp","href":"https:\/\/api.w.org\/{rel}","templated":true}]}}