{"id":47105,"date":"2025-10-06T12:00:09","date_gmt":"2025-10-06T15:00:09","guid":{"rendered":"http:\/\/www.rtvnoticias.com.ar\/?p=47105"},"modified":"2025-10-06T12:00:13","modified_gmt":"2025-10-06T15:00:13","slug":"no-habra-clases-el-martes-14-los-docentes-paran-en-todo-el-pais-en-reclamo-de-mejoras-salariales","status":"publish","type":"post","link":"http:\/\/www.rtvnoticias.com.ar\/?p=47105","title":{"rendered":"No habr\u00e1 clases el martes 14: los docentes paran en todo el pa\u00eds en reclamo de mejoras salariales"},"content":{"rendered":"\n<p>La Confederaci\u00f3n de Trabajadores de la Educaci\u00f3n de la Rep\u00fablica Argentina (Ctera) convoc\u00f3 a un paro nacional docente para el martes 14 de octubre, en reclamo por la reapertura de la paritaria nacional, la restituci\u00f3n del Fondo Nacional de Incentivo Docente (Fonid) y un mayor financiamiento para el sistema educativo.<\/p>\n\n\n\n<p>La medida fue resuelta durante un plenario de secretarios generales del gremio, que defini\u00f3 profundizar el plan de lucha \u201ccontra el ajuste del gobierno de Javier Milei\u201d. Desde la organizaci\u00f3n se\u00f1alaron que el conflicto se agrav\u00f3 por los recortes presupuestarios aplicados desde diciembre de 2023 y advirtieron que \u201cla educaci\u00f3n p\u00fablica atraviesa una situaci\u00f3n cr\u00edtica\u201d.<\/p>\n\n\n\n<p>El paro afectar\u00e1 a escuelas de todo el pa\u00eds y estar\u00e1 acompa\u00f1ado por una serie de actividades de visibilizaci\u00f3n. El lunes 13, en Buenos Aires, la conducci\u00f3n sindical realizar\u00e1 una conferencia de prensa en la que oficializar\u00e1 la medida y anunciar\u00e1 una marcha nacional docente. Durante la semana, se prev\u00e9n carpas educativas, caravanas, radios abiertas e intervenciones art\u00edsticas en distintas provincias.<\/p>\n\n\n\n<p>En el \u00faltimo plenario, la secretaria general de Ctera, Sonia Alesso, present\u00f3 un informe sobre el estado del sistema educativo, en el que advirti\u00f3 sobre \u201cel desfinanciamiento y los recortes aplicados por el gobierno nacional\u201d. Seg\u00fan el documento, los salarios docentes perdieron poder adquisitivo en la mayor\u00eda de las provincias y la falta de convocatoria a la paritaria nacional impidi\u00f3 fijar un piso salarial com\u00fan.<\/p>\n\n\n\n<p>El gremio tambi\u00e9n manifest\u00f3 su preocupaci\u00f3n por la reforma jubilatoria impulsada por el Ejecutivo, que \u2014seg\u00fan afirmaron\u2014 \u201cpone en riesgo derechos conquistados\u201d.<\/p>\n\n\n\n<p>\u201cFrente a este panorama, resolvimos dar continuidad al plan de lucha nacional en defensa de la escuela p\u00fablica, del salario, de la jubilaci\u00f3n y de la paritaria nacional\u201d, expres\u00f3 la Ctera en un comunicado.<\/p>\n\n\n\n<p>Finalmente, la organizaci\u00f3n llam\u00f3 a la sociedad a acompa\u00f1ar las medidas de protesta y remarc\u00f3 que \u201cla educaci\u00f3n p\u00fablica no puede ser objeto de recortes ni retrocesos\u201d.<\/p>\n<div class=\"sharedaddy sd-sharing-enabled\"><div class=\"robots-nocontent sd-block sd-social sd-social-icon sd-sharing\"><h3 class=\"sd-title\">Comparte esto:<\/h3><div class=\"sd-content\"><ul><li class=\"share-twitter\"><a rel=\"nofollow noopener noreferrer\" data-shared=\"sharing-twitter-47105\" class=\"share-twitter sd-button share-icon no-text\" href=\"http:\/\/www.rtvnoticias.com.ar\/?p=47105&amp;share=twitter\" target=\"_blank\" title=\"Haz clic para compartir en Twitter\"><span><\/span><span class=\"sharing-screen-reader-text\">Haz clic para compartir en Twitter (Se abre en una ventana nueva)<\/span><\/a><\/li><li class=\"share-facebook\"><a rel=\"nofollow noopener noreferrer\" data-shared=\"sharing-facebook-47105\" class=\"share-facebook sd-button share-icon no-text\" href=\"http:\/\/www.rtvnoticias.com.ar\/?p=47105&amp;share=facebook\" target=\"_blank\" title=\"Haz clic para compartir en Facebook\"><span><\/span><span class=\"sharing-screen-reader-text\">Haz clic para compartir en Facebook (Se abre en una ventana nueva)<\/span><\/a><\/li><li class=\"share-jetpack-whatsapp\"><a rel=\"nofollow noopener noreferrer\" data-shared=\"\" class=\"share-jetpack-whatsapp sd-button share-icon no-text\" href=\"http:\/\/www.rtvnoticias.com.ar\/?p=47105&amp;share=jetpack-whatsapp\" target=\"_blank\" title=\"Haz clic para compartir en WhatsApp\"><span><\/span><span class=\"sharing-screen-reader-text\">Haz clic para compartir en WhatsApp (Se abre en una ventana nueva)<\/span><\/a><\/li><li class=\"share-telegram\"><a rel=\"nofollow noopener noreferrer\" data-shared=\"\" class=\"share-telegram sd-button share-icon no-text\" href=\"http:\/\/www.rtvnoticias.com.ar\/?p=47105&amp;share=telegram\" target=\"_blank\" title=\"Haz clic para compartir en Telegram\"><span><\/span><span class=\"sharing-screen-reader-text\">Haz clic para compartir en Telegram (Se abre en una ventana nueva)<\/span><\/a><\/li><li class=\"share-end\"><\/li><\/ul><\/div><\/div><\/div>","protected":false},"excerpt":{"rendered":"<p>La Confederaci\u00f3n de Trabajadores de la Educaci\u00f3n de la Rep\u00fablica Argentina (Ctera) convoc\u00f3 a un paro nacional docente para el martes 14 de octubre, en<\/p>\n<div class=\"sharedaddy sd-sharing-enabled\"><div class=\"robots-nocontent sd-block sd-social sd-social-icon sd-sharing\"><h3 class=\"sd-title\">Comparte esto:<\/h3><div class=\"sd-content\"><ul><li class=\"share-twitter\"><a rel=\"nofollow noopener noreferrer\" data-shared=\"sharing-twitter-47105\" class=\"share-twitter sd-button share-icon no-text\" href=\"http:\/\/www.rtvnoticias.com.ar\/?p=47105&amp;share=twitter\" target=\"_blank\" title=\"Haz clic para compartir en Twitter\"><span><\/span><span class=\"sharing-screen-reader-text\">Haz clic para compartir en Twitter (Se abre en una ventana nueva)<\/span><\/a><\/li><li class=\"share-facebook\"><a rel=\"nofollow noopener noreferrer\" data-shared=\"sharing-facebook-47105\" class=\"share-facebook sd-button share-icon no-text\" href=\"http:\/\/www.rtvnoticias.com.ar\/?p=47105&amp;share=facebook\" target=\"_blank\" title=\"Haz clic para compartir en Facebook\"><span><\/span><span class=\"sharing-screen-reader-text\">Haz clic para compartir en Facebook (Se abre en una ventana nueva)<\/span><\/a><\/li><li class=\"share-jetpack-whatsapp\"><a rel=\"nofollow noopener noreferrer\" data-shared=\"\" class=\"share-jetpack-whatsapp sd-button share-icon no-text\" href=\"http:\/\/www.rtvnoticias.com.ar\/?p=47105&amp;share=jetpack-whatsapp\" target=\"_blank\" title=\"Haz clic para compartir en WhatsApp\"><span><\/span><span class=\"sharing-screen-reader-text\">Haz clic para compartir en WhatsApp (Se abre en una ventana nueva)<\/span><\/a><\/li><li class=\"share-telegram\"><a rel=\"nofollow noopener noreferrer\" data-shared=\"\" class=\"share-telegram sd-button share-icon no-text\" href=\"http:\/\/www.rtvnoticias.com.ar\/?p=47105&amp;share=telegram\" target=\"_blank\" title=\"Haz clic para compartir en Telegram\"><span><\/span><span class=\"sharing-screen-reader-text\">Haz clic para compartir en Telegram (Se abre en una ventana nueva)<\/span><\/a><\/li><li class=\"share-end\"><\/li><\/ul><\/div><\/div><\/div>","protected":false},"author":7,"featured_media":47106,"comment_status":"closed","ping_status":"closed","sticky":false,"template":"","format":"standard","meta":{"spay_email":"","jetpack_publicize_message":"","jetpack_is_tweetstorm":false,"jetpack_publicize_feature_enabled":true},"categories":[5],"tags":[840],"jetpack_featured_media_url":"http:\/\/www.rtvnoticias.com.ar\/wp-content\/uploads\/2025\/10\/ARCHI_981916.jpg","jetpack_publicize_connections":[],"jetpack_sharing_enabled":true,"_links":{"self":[{"href":"http:\/\/www.rtvnoticias.com.ar\/index.php?rest_route=\/wp\/v2\/posts\/47105"}],"collection":[{"href":"http:\/\/www.rtvnoticias.com.ar\/index.php?rest_route=\/wp\/v2\/posts"}],"about":[{"href":"http:\/\/www.rtvnoticias.com.ar\/index.php?rest_route=\/wp\/v2\/types\/post"}],"author":[{"embeddable":true,"href":"http:\/\/www.rtvnoticias.com.ar\/index.php?rest_route=\/wp\/v2\/users\/7"}],"replies":[{"embeddable":true,"href":"http:\/\/www.rtvnoticias.com.ar\/index.php?rest_route=%2Fwp%2Fv2%2Fcomments&post=47105"}],"version-history":[{"count":1,"href":"http:\/\/www.rtvnoticias.com.ar\/index.php?rest_route=\/wp\/v2\/posts\/47105\/revisions"}],"predecessor-version":[{"id":47107,"href":"http:\/\/www.rtvnoticias.com.ar\/index.php?rest_route=\/wp\/v2\/posts\/47105\/revisions\/47107"}],"wp:featuredmedia":[{"embeddable":true,"href":"http:\/\/www.rtvnoticias.com.ar\/index.php?rest_route=\/wp\/v2\/media\/47106"}],"wp:attachment":[{"href":"http:\/\/www.rtvnoticias.com.ar\/index.php?rest_route=%2Fwp%2Fv2%2Fmedia&parent=47105"}],"wp:term":[{"taxonomy":"category","embeddable":true,"href":"http:\/\/www.rtvnoticias.com.ar\/index.php?rest_route=%2Fwp%2Fv2%2Fcategories&post=47105"},{"taxonomy":"post_tag","embeddable":true,"href":"http:\/\/www.rtvnoticias.com.ar\/index.php?rest_route=%2Fwp%2Fv2%2Ftags&post=47105"}],"curies":[{"name":"wp","href":"https:\/\/api.w.org\/{rel}","templated":true}]}}