{"id":47108,"date":"2025-10-06T20:14:43","date_gmt":"2025-10-06T23:14:43","guid":{"rendered":"http:\/\/www.rtvnoticias.com.ar\/?p=47108"},"modified":"2025-10-06T20:14:48","modified_gmt":"2025-10-06T23:14:48","slug":"la-legislatura-analiza-la-expropiacion-del-historico-vivero-williamson-de-general-pico","status":"publish","type":"post","link":"http:\/\/www.rtvnoticias.com.ar\/?p=47108","title":{"rendered":"La Legislatura analiza la expropiaci\u00f3n del hist\u00f3rico Vivero Williamson de General Pico"},"content":{"rendered":"\n<p>En la Legislatura pampeana comenz\u00f3 a debatirse la posibilidad de expropiar las cuatro hect\u00e1reas del Vivero Pampeano, ubicado en el coraz\u00f3n de General Pico, y declarado por muchos vecinos como un s\u00edmbolo de la ciudad. La iniciativa busca proteger el espacio, que fue fundado hace m\u00e1s de 100 a\u00f1os por el ingeniero agr\u00f3nomo Juan Williamson y hoy se encuentra en estado de abandono.<\/p>\n\n\n\n<p>El an\u00e1lisis del proyecto se dio en un plenario conjunto de las comisiones de Hacienda y Presupuesto y de Ecolog\u00eda y Ambiente Humano, presidido por los diputados Daniel Lovera y Noelia Viara. La reuni\u00f3n cont\u00f3 con la presencia de la intendenta Fernanda Alonso y de Daniel Williamson, uno de los herederos del hist\u00f3rico vivero.<\/p>\n\n\n\n<h4 class=\"wp-block-heading\">Un proyecto que busca \u201cordenar\u201d la situaci\u00f3n del predio<\/h4>\n\n\n\n<p>Durante el encuentro, Lovera record\u00f3 que la propuesta se origin\u00f3 durante la gesti\u00f3n del exgobernador Carlos Verna, cuando no se logr\u00f3 un acuerdo entre las partes. \u201cLo importante es escuchar a los protagonistas locales y conocer de primera mano la realidad del vivero para proyectar su futuro\u201d, se\u00f1al\u00f3 el legislador.<\/p>\n\n\n\n<p>La iniciativa plantea declarar de inter\u00e9s p\u00fablico las cuatro hect\u00e1reas, lo que permitir\u00eda avanzar hacia una ley de expropiaci\u00f3n y su posterior preservaci\u00f3n ambiental.<\/p>\n\n\n\n<h4 class=\"wp-block-heading\">La posici\u00f3n del municipio: \u201cHay especies \u00fanicas en riesgo\u201d<\/h4>\n\n\n\n<p>La intendenta Fernanda Alonso realiz\u00f3 un detallado repaso hist\u00f3rico del predio, al que defini\u00f3 como \u201cun pulm\u00f3n verde con enorme valor ambiental y simb\u00f3lico para Pico\u201d.<br>\u201cCuando decimos Williamson sabemos de qui\u00e9n hablamos. Es un espacio creado por un pionero que dej\u00f3 huella en La Pampa y en el pa\u00eds\u201d, expres\u00f3.<\/p>\n\n\n\n<p>Alonso record\u00f3 que ya en 2012 hab\u00eda impulsado, como diputada provincial, un proyecto para declarar el vivero \u00e1rea protegida. Aunque no prosper\u00f3, el municipio logr\u00f3 sancionar una ordenanza para impedir desarrollos inmobiliarios en el terreno.<br>\u201cEl lugar est\u00e1 abandonado, con invernaderos y especies \u00fanicas en peligro. Hoy solo se puede ingresar con orden judicial porque es propiedad privada\u201d, explic\u00f3.<\/p>\n\n\n\n<p>La jefa comunal detall\u00f3 que durante el gobierno de Verna se hab\u00eda presentado una oferta de compra que no fue aceptada por los herederos. \u201cNuestra intenci\u00f3n es reactivar ese proyecto, con las modificaciones necesarias, para garantizar la recuperaci\u00f3n y conservaci\u00f3n del vivero\u201d, agreg\u00f3.<\/p>\n\n\n\n<h4 class=\"wp-block-heading\">La voz de la familia: \u201cQuiero que el vivero quede para el pueblo\u201d<\/h4>\n\n\n\n<p>Por su parte, Daniel Williamson, nieto del fundador, expres\u00f3 su deseo de que el vivero se preserve \u201ccomo un bien para la comunidad\u201d.<br>\u201cVengo porque quiero salvar algo que hizo un pionero. Mi abuelo compr\u00f3 esas tierras en 1908, cuando eran un m\u00e9dano, y las convirti\u00f3 en un pulm\u00f3n verde. Me gustar\u00eda que se conserve para siempre\u201d, afirm\u00f3.<\/p>\n\n\n\n<p>El descendiente reconoci\u00f3 que las diferencias entre herederos han frenado posibles acuerdos, pero insisti\u00f3 en que su prioridad es evitar la p\u00e9rdida del patrimonio. \u201cYo soy de los que lo quieren proteger\u201d, sostuvo.<\/p>\n<div class=\"sharedaddy sd-sharing-enabled\"><div class=\"robots-nocontent sd-block sd-social sd-social-icon sd-sharing\"><h3 class=\"sd-title\">Comparte esto:<\/h3><div class=\"sd-content\"><ul><li class=\"share-twitter\"><a rel=\"nofollow noopener noreferrer\" data-shared=\"sharing-twitter-47108\" class=\"share-twitter sd-button share-icon no-text\" href=\"http:\/\/www.rtvnoticias.com.ar\/?p=47108&amp;share=twitter\" target=\"_blank\" title=\"Haz clic para compartir en Twitter\"><span><\/span><span class=\"sharing-screen-reader-text\">Haz clic para compartir en Twitter (Se abre en una ventana nueva)<\/span><\/a><\/li><li class=\"share-facebook\"><a rel=\"nofollow noopener noreferrer\" data-shared=\"sharing-facebook-47108\" class=\"share-facebook sd-button share-icon no-text\" href=\"http:\/\/www.rtvnoticias.com.ar\/?p=47108&amp;share=facebook\" target=\"_blank\" title=\"Haz clic para compartir en Facebook\"><span><\/span><span class=\"sharing-screen-reader-text\">Haz clic para compartir en Facebook (Se abre en una ventana nueva)<\/span><\/a><\/li><li class=\"share-jetpack-whatsapp\"><a rel=\"nofollow noopener noreferrer\" data-shared=\"\" class=\"share-jetpack-whatsapp sd-button share-icon no-text\" href=\"http:\/\/www.rtvnoticias.com.ar\/?p=47108&amp;share=jetpack-whatsapp\" target=\"_blank\" title=\"Haz clic para compartir en WhatsApp\"><span><\/span><span class=\"sharing-screen-reader-text\">Haz clic para compartir en WhatsApp (Se abre en una ventana nueva)<\/span><\/a><\/li><li class=\"share-telegram\"><a rel=\"nofollow noopener noreferrer\" data-shared=\"\" class=\"share-telegram sd-button share-icon no-text\" href=\"http:\/\/www.rtvnoticias.com.ar\/?p=47108&amp;share=telegram\" target=\"_blank\" title=\"Haz clic para compartir en Telegram\"><span><\/span><span class=\"sharing-screen-reader-text\">Haz clic para compartir en Telegram (Se abre en una ventana nueva)<\/span><\/a><\/li><li class=\"share-end\"><\/li><\/ul><\/div><\/div><\/div>","protected":false},"excerpt":{"rendered":"<p>En la Legislatura pampeana comenz\u00f3 a debatirse la posibilidad de expropiar las cuatro hect\u00e1reas del Vivero Pampeano, ubicado en el coraz\u00f3n de General Pico, y<\/p>\n<div class=\"sharedaddy sd-sharing-enabled\"><div class=\"robots-nocontent sd-block sd-social sd-social-icon sd-sharing\"><h3 class=\"sd-title\">Comparte esto:<\/h3><div class=\"sd-content\"><ul><li class=\"share-twitter\"><a rel=\"nofollow noopener noreferrer\" data-shared=\"sharing-twitter-47108\" class=\"share-twitter sd-button share-icon no-text\" href=\"http:\/\/www.rtvnoticias.com.ar\/?p=47108&amp;share=twitter\" target=\"_blank\" title=\"Haz clic para compartir en Twitter\"><span><\/span><span class=\"sharing-screen-reader-text\">Haz clic para compartir en Twitter (Se abre en una ventana nueva)<\/span><\/a><\/li><li class=\"share-facebook\"><a rel=\"nofollow noopener noreferrer\" data-shared=\"sharing-facebook-47108\" class=\"share-facebook sd-button share-icon no-text\" href=\"http:\/\/www.rtvnoticias.com.ar\/?p=47108&amp;share=facebook\" target=\"_blank\" title=\"Haz clic para compartir en Facebook\"><span><\/span><span class=\"sharing-screen-reader-text\">Haz clic para compartir en Facebook (Se abre en una ventana nueva)<\/span><\/a><\/li><li class=\"share-jetpack-whatsapp\"><a rel=\"nofollow noopener noreferrer\" data-shared=\"\" class=\"share-jetpack-whatsapp sd-button share-icon no-text\" href=\"http:\/\/www.rtvnoticias.com.ar\/?p=47108&amp;share=jetpack-whatsapp\" target=\"_blank\" title=\"Haz clic para compartir en WhatsApp\"><span><\/span><span class=\"sharing-screen-reader-text\">Haz clic para compartir en WhatsApp (Se abre en una ventana nueva)<\/span><\/a><\/li><li class=\"share-telegram\"><a rel=\"nofollow noopener noreferrer\" data-shared=\"\" class=\"share-telegram sd-button share-icon no-text\" href=\"http:\/\/www.rtvnoticias.com.ar\/?p=47108&amp;share=telegram\" target=\"_blank\" title=\"Haz clic para compartir en Telegram\"><span><\/span><span class=\"sharing-screen-reader-text\">Haz clic para compartir en Telegram (Se abre en una ventana nueva)<\/span><\/a><\/li><li class=\"share-end\"><\/li><\/ul><\/div><\/div><\/div>","protected":false},"author":7,"featured_media":47109,"comment_status":"closed","ping_status":"closed","sticky":false,"template":"","format":"standard","meta":{"spay_email":"","jetpack_publicize_message":"","jetpack_is_tweetstorm":false,"jetpack_publicize_feature_enabled":true},"categories":[4],"tags":[],"jetpack_featured_media_url":"http:\/\/www.rtvnoticias.com.ar\/wp-content\/uploads\/2025\/10\/2124338.jpg","jetpack_publicize_connections":[],"jetpack_sharing_enabled":true,"_links":{"self":[{"href":"http:\/\/www.rtvnoticias.com.ar\/index.php?rest_route=\/wp\/v2\/posts\/47108"}],"collection":[{"href":"http:\/\/www.rtvnoticias.com.ar\/index.php?rest_route=\/wp\/v2\/posts"}],"about":[{"href":"http:\/\/www.rtvnoticias.com.ar\/index.php?rest_route=\/wp\/v2\/types\/post"}],"author":[{"embeddable":true,"href":"http:\/\/www.rtvnoticias.com.ar\/index.php?rest_route=\/wp\/v2\/users\/7"}],"replies":[{"embeddable":true,"href":"http:\/\/www.rtvnoticias.com.ar\/index.php?rest_route=%2Fwp%2Fv2%2Fcomments&post=47108"}],"version-history":[{"count":1,"href":"http:\/\/www.rtvnoticias.com.ar\/index.php?rest_route=\/wp\/v2\/posts\/47108\/revisions"}],"predecessor-version":[{"id":47110,"href":"http:\/\/www.rtvnoticias.com.ar\/index.php?rest_route=\/wp\/v2\/posts\/47108\/revisions\/47110"}],"wp:featuredmedia":[{"embeddable":true,"href":"http:\/\/www.rtvnoticias.com.ar\/index.php?rest_route=\/wp\/v2\/media\/47109"}],"wp:attachment":[{"href":"http:\/\/www.rtvnoticias.com.ar\/index.php?rest_route=%2Fwp%2Fv2%2Fmedia&parent=47108"}],"wp:term":[{"taxonomy":"category","embeddable":true,"href":"http:\/\/www.rtvnoticias.com.ar\/index.php?rest_route=%2Fwp%2Fv2%2Fcategories&post=47108"},{"taxonomy":"post_tag","embeddable":true,"href":"http:\/\/www.rtvnoticias.com.ar\/index.php?rest_route=%2Fwp%2Fv2%2Ftags&post=47108"}],"curies":[{"name":"wp","href":"https:\/\/api.w.org\/{rel}","templated":true}]}}