{"id":47113,"date":"2025-10-07T09:48:57","date_gmt":"2025-10-07T12:48:57","guid":{"rendered":"http:\/\/www.rtvnoticias.com.ar\/?p=47113"},"modified":"2025-10-07T09:49:01","modified_gmt":"2025-10-07T12:49:01","slug":"abelardo-ferran-y-lichi-marin-se-reunieron-en-la-cgt-zona-norte-con-gremios","status":"publish","type":"post","link":"http:\/\/www.rtvnoticias.com.ar\/?p=47113","title":{"rendered":"Abelardo Ferr\u00e1n y \u00abLichi\u00bb Mar\u00edn se reunieron en la CGT Zona Norte con gremios"},"content":{"rendered":"\n<p>En la sede de la CGT Zona Norte, ubicada en General Pico, los candidatos del Frente Defendemos La Pampa mantuvieron un encuentro con trabajadores y trabajadoras. La oportunidad fue propicia para contar que se trabajar\u00e1 para la quita de Ganancias y votar en contra de cualquier ley que quite derechos.<\/p>\n\n\n\n<p>Abelardo Ferr\u00e1n y Varinia \u201cLichi\u201d Mar\u00edn fueron recibido por el secretario General, Walter Loza, quien agradeci\u00f3 a la actual diputada por no venderse en el Congreso y representar a los trabajadores; asimismo hizo extensivo el apoyo a quien encabeza la Lista 503, \u201csos de Pico y ac\u00e1 estamos para defender a La Pampa y acompa\u00f1arte\u201d, sostuvo.<\/p>\n\n\n\n<p>Ambos candidatos coincidieron en trabajar en la C\u00e1mara de Diputados para volver a sacar el Impuesto a las Ganancias, a cuidar la Caja Previsional de la Provincia y los derechos adquiridos, advirtiendo que el Gobierno de Javier Milei viene por la Reforma Laboral, la Reforma Previsional y los Convenios Colectivos de Trabajo.<\/p>\n\n\n\n<p>\u201cEn el \u00faltimo tramo del anterior gobierno, en la Comisi\u00f3n de Trabajo est\u00e1bamos hablando de una jornada laboral de 6 horas y hoy nos encontramos defendiendo una indemnizaci\u00f3n, entonces todo ha cambiado para peor y se viene una Reforma Laboral mucho m\u00e1s dura, una Reforma Previsional, para subir la edad jubilatoria, nos dejaron a las mujeres sin moratoria, una de cada diez tiene los 30 a\u00f1os de aporte, tres de cada diez varones, por lo que hablamos de una situaci\u00f3n muy delicada tanto para el sector de los trabajadores como para el de los jubilados\u201d, expres\u00f3 Varinia \u201cLichi\u201d Mar\u00edn.<\/p>\n\n\n\n<p>Compromiso para defender los derechos de trabajadores y trabajadoras<br>\u201cEs una gran satisfacci\u00f3n estar ac\u00e1, un honor\u201d, expres\u00f3 Abelardo Ferr\u00e1n, quien cont\u00f3 a modo personal c\u00f3mo se hizo Peronista con apenas 12 a\u00f1os en su querido Rancul, reivindicando las charlas alrededor de una mesa, entre hacheros y trabajadores, donde se reflejaba un sentido de solidaridad del Movimiento Justicialista.<\/p>\n\n\n\n<p>\u201cLichi tiene toda una trayectoria en el Congreso, y yo me comprometo a defender los derechos de trabajadores y trabajadoras, tanto de pasivos como de activos. A m\u00ed me gusta estar en contacto con la gente, siempre tenemos reuniones para discutir mejoras de las situaciones laborales, es un espacio sustancial cuando uno tiene este sentimiento, por eso me comprometo a cuando est\u00e9n las reformas que van a plantear, volver, sentarme con ustedes y analizarlas en conjunto\u201d, continu\u00f3 el candidato.<br>Llamando a luchar contra el trabajo precarizado y a defender derechos, Abelardo Ferr\u00e1n reiter\u00f3 el valor que tiene el Movimiento Obrero como columna vertebral del Partido Justicialista.<\/p>\n<div class=\"sharedaddy sd-sharing-enabled\"><div class=\"robots-nocontent sd-block sd-social sd-social-icon sd-sharing\"><h3 class=\"sd-title\">Comparte esto:<\/h3><div class=\"sd-content\"><ul><li class=\"share-twitter\"><a rel=\"nofollow noopener noreferrer\" data-shared=\"sharing-twitter-47113\" class=\"share-twitter sd-button share-icon no-text\" href=\"http:\/\/www.rtvnoticias.com.ar\/?p=47113&amp;share=twitter\" target=\"_blank\" title=\"Haz clic para compartir en Twitter\"><span><\/span><span class=\"sharing-screen-reader-text\">Haz clic para compartir en Twitter (Se abre en una ventana nueva)<\/span><\/a><\/li><li class=\"share-facebook\"><a rel=\"nofollow noopener noreferrer\" data-shared=\"sharing-facebook-47113\" class=\"share-facebook sd-button share-icon no-text\" href=\"http:\/\/www.rtvnoticias.com.ar\/?p=47113&amp;share=facebook\" target=\"_blank\" title=\"Haz clic para compartir en Facebook\"><span><\/span><span class=\"sharing-screen-reader-text\">Haz clic para compartir en Facebook (Se abre en una ventana nueva)<\/span><\/a><\/li><li class=\"share-jetpack-whatsapp\"><a rel=\"nofollow noopener noreferrer\" data-shared=\"\" class=\"share-jetpack-whatsapp sd-button share-icon no-text\" href=\"http:\/\/www.rtvnoticias.com.ar\/?p=47113&amp;share=jetpack-whatsapp\" target=\"_blank\" title=\"Haz clic para compartir en WhatsApp\"><span><\/span><span class=\"sharing-screen-reader-text\">Haz clic para compartir en WhatsApp (Se abre en una ventana nueva)<\/span><\/a><\/li><li class=\"share-telegram\"><a rel=\"nofollow noopener noreferrer\" data-shared=\"\" class=\"share-telegram sd-button share-icon no-text\" href=\"http:\/\/www.rtvnoticias.com.ar\/?p=47113&amp;share=telegram\" target=\"_blank\" title=\"Haz clic para compartir en Telegram\"><span><\/span><span class=\"sharing-screen-reader-text\">Haz clic para compartir en Telegram (Se abre en una ventana nueva)<\/span><\/a><\/li><li class=\"share-end\"><\/li><\/ul><\/div><\/div><\/div>","protected":false},"excerpt":{"rendered":"<p>En la sede de la CGT Zona Norte, ubicada en General Pico, los candidatos del Frente Defendemos La Pampa mantuvieron un encuentro con trabajadores y<\/p>\n<div class=\"sharedaddy sd-sharing-enabled\"><div class=\"robots-nocontent sd-block sd-social sd-social-icon sd-sharing\"><h3 class=\"sd-title\">Comparte esto:<\/h3><div class=\"sd-content\"><ul><li class=\"share-twitter\"><a rel=\"nofollow noopener noreferrer\" data-shared=\"sharing-twitter-47113\" class=\"share-twitter sd-button share-icon no-text\" href=\"http:\/\/www.rtvnoticias.com.ar\/?p=47113&amp;share=twitter\" target=\"_blank\" title=\"Haz clic para compartir en Twitter\"><span><\/span><span class=\"sharing-screen-reader-text\">Haz clic para compartir en Twitter (Se abre en una ventana nueva)<\/span><\/a><\/li><li class=\"share-facebook\"><a rel=\"nofollow noopener noreferrer\" data-shared=\"sharing-facebook-47113\" class=\"share-facebook sd-button share-icon no-text\" href=\"http:\/\/www.rtvnoticias.com.ar\/?p=47113&amp;share=facebook\" target=\"_blank\" title=\"Haz clic para compartir en Facebook\"><span><\/span><span class=\"sharing-screen-reader-text\">Haz clic para compartir en Facebook (Se abre en una ventana nueva)<\/span><\/a><\/li><li class=\"share-jetpack-whatsapp\"><a rel=\"nofollow noopener noreferrer\" data-shared=\"\" class=\"share-jetpack-whatsapp sd-button share-icon no-text\" href=\"http:\/\/www.rtvnoticias.com.ar\/?p=47113&amp;share=jetpack-whatsapp\" target=\"_blank\" title=\"Haz clic para compartir en WhatsApp\"><span><\/span><span class=\"sharing-screen-reader-text\">Haz clic para compartir en WhatsApp (Se abre en una ventana nueva)<\/span><\/a><\/li><li class=\"share-telegram\"><a rel=\"nofollow noopener noreferrer\" data-shared=\"\" class=\"share-telegram sd-button share-icon no-text\" href=\"http:\/\/www.rtvnoticias.com.ar\/?p=47113&amp;share=telegram\" target=\"_blank\" title=\"Haz clic para compartir en Telegram\"><span><\/span><span class=\"sharing-screen-reader-text\">Haz clic para compartir en Telegram (Se abre en una ventana nueva)<\/span><\/a><\/li><li class=\"share-end\"><\/li><\/ul><\/div><\/div><\/div>","protected":false},"author":5,"featured_media":47116,"comment_status":"closed","ping_status":"closed","sticky":false,"template":"","format":"standard","meta":{"spay_email":"","jetpack_publicize_message":"","jetpack_is_tweetstorm":false,"jetpack_publicize_feature_enabled":true},"categories":[3,1],"tags":[5615],"jetpack_featured_media_url":"http:\/\/www.rtvnoticias.com.ar\/wp-content\/uploads\/2025\/10\/ferran-marin-cgt.jpg","jetpack_publicize_connections":[],"jetpack_sharing_enabled":true,"_links":{"self":[{"href":"http:\/\/www.rtvnoticias.com.ar\/index.php?rest_route=\/wp\/v2\/posts\/47113"}],"collection":[{"href":"http:\/\/www.rtvnoticias.com.ar\/index.php?rest_route=\/wp\/v2\/posts"}],"about":[{"href":"http:\/\/www.rtvnoticias.com.ar\/index.php?rest_route=\/wp\/v2\/types\/post"}],"author":[{"embeddable":true,"href":"http:\/\/www.rtvnoticias.com.ar\/index.php?rest_route=\/wp\/v2\/users\/5"}],"replies":[{"embeddable":true,"href":"http:\/\/www.rtvnoticias.com.ar\/index.php?rest_route=%2Fwp%2Fv2%2Fcomments&post=47113"}],"version-history":[{"count":1,"href":"http:\/\/www.rtvnoticias.com.ar\/index.php?rest_route=\/wp\/v2\/posts\/47113\/revisions"}],"predecessor-version":[{"id":47114,"href":"http:\/\/www.rtvnoticias.com.ar\/index.php?rest_route=\/wp\/v2\/posts\/47113\/revisions\/47114"}],"wp:featuredmedia":[{"embeddable":true,"href":"http:\/\/www.rtvnoticias.com.ar\/index.php?rest_route=\/wp\/v2\/media\/47116"}],"wp:attachment":[{"href":"http:\/\/www.rtvnoticias.com.ar\/index.php?rest_route=%2Fwp%2Fv2%2Fmedia&parent=47113"}],"wp:term":[{"taxonomy":"category","embeddable":true,"href":"http:\/\/www.rtvnoticias.com.ar\/index.php?rest_route=%2Fwp%2Fv2%2Fcategories&post=47113"},{"taxonomy":"post_tag","embeddable":true,"href":"http:\/\/www.rtvnoticias.com.ar\/index.php?rest_route=%2Fwp%2Fv2%2Ftags&post=47113"}],"curies":[{"name":"wp","href":"https:\/\/api.w.org\/{rel}","templated":true}]}}