{"id":47120,"date":"2025-10-07T17:41:09","date_gmt":"2025-10-07T20:41:09","guid":{"rendered":"http:\/\/www.rtvnoticias.com.ar\/?p=47120"},"modified":"2025-10-07T17:41:15","modified_gmt":"2025-10-07T20:41:15","slug":"ziliotto-inauguro-en-general-pico-obras-en-la-escuela-64-y-anuncio-inversiones-por-20-mil-millones-en-educacion","status":"publish","type":"post","link":"http:\/\/www.rtvnoticias.com.ar\/?p=47120","title":{"rendered":"Ziliotto inaugur\u00f3 en General Pico obras en la escuela 64 y anunci\u00f3 inversiones por $20 mil millones en educaci\u00f3n"},"content":{"rendered":"\n<p>El gobernador Sergio Ziliotto inaugur\u00f3 el comedor escolar de la Escuela N\u00ba 64 de General Pico, una obra que da respuesta a una demanda hist\u00f3rica de la comunidad educativa del barrio Malvinas Argentinas. Durante el acto, destac\u00f3 que \u201cla educaci\u00f3n es la m\u00e1xima prioridad del Estado pampeano\u201d y anunci\u00f3 una inversi\u00f3n de 20.000 millones de pesos para fortalecer las instituciones educativas de la ciudad. <\/p>\n\n\n\n<p>El gobernador Sergio Ziliotto encabez\u00f3 este martes la inauguraci\u00f3n del comedor escolar de la Escuela N\u00ba 64 del barrio Malvinas Argentinas, una obra que consolida la infraestructura educativa en la ciudad. Durante el acto, anunci\u00f3 una inversi\u00f3n de 20.000 millones de pesos para fortalecer el sistema educativo de General Pico.<\/p>\n\n\n\n<p>De la actividad particip\u00f3 tambi\u00e9n la vicegobernadora Alicia Mayoral; la intendenta Fernanda Alonso; la ministra de Educaci\u00f3n, Marcela Feuerschvenger; el ministro de Obras y Servicios P\u00fablicos, Alfredo Intronati; el ministro de Desarrollo Social y Derechos Humanos, Diego \u00c1lvarez; la directora del establecimiento, Silvia Sorba, y miembros de la comunidad educativa.La obra, ubicada en el barrio Malvinas Argentinas, demand\u00f3 una inversi\u00f3n actualizada a agosto de 2025 de $945.868.279,90 y respondi\u00f3 a una demanda concreta de la comunidad: contar con un espacio adecuado para el comedor escolar, dependencias de servicio y sanitarios.<\/p>\n\n\n\n<p>El nuevo sal\u00f3n comedor, junto con la cocina y servicios anexos, fue dise\u00f1ado con un concepto de doble uso, lo que permitir\u00e1 su utilizaci\u00f3n tanto durante la jornada escolar como en horarios extendidos, para actividades sociales, culturales y comunitarias.<\/p>\n\n\n\n<p><strong>\u201cLa educaci\u00f3n es la m\u00e1xima prioridad\u201d<\/strong><\/p>\n\n\n\n<p>Durante su discurso, Ziliotto destac\u00f3 que \u201ceste nuevo espacio les permite concentrar toda la actividad educativa y social; no es solo una referencia territorial para formar a ni\u00f1as y ni\u00f1os del barrio, sino tambi\u00e9n una referencia para la integraci\u00f3n de la comunidad\u201d.<\/p>\n\n\n\n<p>En esa l\u00ednea, subray\u00f3 la importancia del trabajo conjunto con el municipio: \u00abFue el municipio el que se integr\u00f3 al Estado provincial para dar respuesta a la sociedad. Es el trabajo articulado y la descentralizaci\u00f3n que llevamos adelante desde el Gobierno provincial, y que da estos frutos\u00bb.<\/p>\n\n\n\n<p>Ziliotto remarc\u00f3 que la educaci\u00f3n es una de las principales prioridades del Estado pampeano, destinando actualmente el 25% del presupuesto provincial a este sector. \u00abAlgunos hablan de gasto, pero la inversi\u00f3n en educaci\u00f3n trasciende la actualidad, se proyecta en el futuro. Marca el norte que tiene la Provincia, m\u00e1s all\u00e1 del gobernador de turno\u00bb, sostuvo.<\/p>\n\n\n\n<p>Tambi\u00e9n valor\u00f3 la articulaci\u00f3n con los municipios y con la Universidad Nacional de La Pampa para garantizar la continuidad de las trayectorias educativas desde los 45 d\u00edas hasta la formaci\u00f3n universitaria.<\/p>\n\n\n\n<p>\u201cEn la Provincia de La Pampa tenemos la certeza y el orgullo de, junto con los municipios, valorizar la educaci\u00f3n como un elemento estrat\u00e9gico para formar un proyecto personal, profesional, familiar, comunitario\u201d, asegur\u00f3.<\/p>\n\n\n\n<p>Agreg\u00f3 que \u00abpara nuestros adolescentes hemos dise\u00f1ado un sistema de becas que les asegura la posibilidad de seguir form\u00e1ndose en la Universidad Nacional de La Pampa. M\u00e1s en tiempos tan dif\u00edciles, en los cuales el Estado provincial y los municipios nos hacemos cargo absolutamente de todo\u00bb.<\/p>\n\n\n\n<p><strong>Compromiso con la comunidad educativa<\/strong><\/p>\n\n\n\n<p>En el cierre del acto, el mandatario anunci\u00f3 una inversi\u00f3n de alrededor de 20.000 millones de pesos para el fortalecimiento de seis o siete instituciones educativas de General Pico, que ser\u00e1n incluidas en el pr\u00f3ximo presupuesto provincial.<\/p>\n\n\n\n<p>\u00abQuiero dejarles un mensaje y un compromiso a toda la comunidad educativa de General Pico: seguiremos invirtiendo. As\u00ed como en la Escuela 64 aplic\u00f3 inversiones, una de las tareas del pr\u00f3ximo presupuesto ser\u00e1 poner en valor toda la estructura educativa. Son seis o siete institutos educativos, primarios y secundarios, que van a recibir una inversi\u00f3n cercana a los 20.000 millones de pesos para General Pico en el pr\u00f3ximo presupuesto\u201d, afirm\u00f3.<\/p>\n\n\n\n<p>\u201cSabemos que es dif\u00edcil, pero hay que ratificar el trabajo en conjunto con toda la comunidad educativa. En esto hemos logrado una sociedad realmente integral y mancomunada, y en ese sentido seguiremos trabajando juntos\u201d, expres\u00f3 Ziliotto, reafirmando el compromiso del Gobierno provincial con la educaci\u00f3n p\u00fablica y la igualdad de oportunidades.<\/p>\n\n\n\n<p><strong>Alonso: \u201cUn espacio de encuentro y de cuidado\u201d<\/strong><\/p>\n\n\n\n<p>La intendenta Fernanda Alonso celebr\u00f3 la inauguraci\u00f3n y destac\u00f3 que se trataba de una demanda largamente esperada por el barrio: \u201cHoy es un d\u00eda especial, vamos a vivir la posibilidad de que ya comience a utilizar este comedor, que era una necesidad concreta de tantos a\u00f1os que ten\u00eda la escuela\u201d.<\/p>\n\n\n\n<p>Agradeci\u00f3 al Gobierno provincial ya la ministra de Educaci\u00f3n por la r\u00e1pida respuesta: \u201cAl momento en que estuvo el planteo y la necesidad, no dudaron en decidir y en direccionar los recursos para que hoy sea una realidad que la Escuela 64 tenga este espacio\u201d.<\/p>\n\n\n\n<p>Remarc\u00f3 que el nuevo edificio no solo servir\u00e1 para garantizar la alimentaci\u00f3n de los alumnos, sino tambi\u00e9n para fortalecer los lazos comunitarios: \u00abEste espacio va a tener una funci\u00f3n espec\u00edfica, pero tambi\u00e9n va a ser un espacio de desarrollo y recreaci\u00f3n que se va a abrir a la comunidad. Ah\u00ed vamos a poder encontrar ese fortalecimiento que necesitamos de las relaciones entre los vecinos y las vecinas del barrio\u00bb.<\/p>\n\n\n\n<p>En ese sentido, subray\u00f3 que \u201chay un Estado que piensa en estas cuestiones; no es solo venir a aprender, es tambi\u00e9n generar relaciones que son para toda la vida\u201d.<\/p>\n\n\n\n<p><strong>Sorba: \u201cUn sue\u00f1o hecho realidad\u201d<\/strong><\/p>\n\n\n\n<p>La directora de la instituci\u00f3n, Silvia Sorba, calific\u00f3 la jornada como \u201cun d\u00eda de celebraci\u00f3n y alegr\u00eda para toda la comunidad educativa\u201d y repas\u00f3 la historia del establecimiento. \u201cInaugurar una obra es importante, pero inaugurar una obra en una escuela tiene algo muy especial\u201d, expres\u00f3.<\/p>\n\n\n\n<p>Relat\u00f3 que la Escuela N\u00b0 64, fundada en 1909, funciona en su actual edificio desde 1982 y desde 2010 es de jornada completa. Actualmente cuenta con 120 alumnos, 21 docentes y 6 no docentes, adem\u00e1s de un anexo del JIN N\u00b0 1 con 60 ni\u00f1os de salas de 3, 4 y 5 a\u00f1os.<\/p>\n\n\n\n<p>Record\u00f3 que el comedor funcionaba hasta ahora en un espacio cedido por el municipio a dos cuadras del edificio. \u00abDurante casi dos a\u00f1os de obra los chicos preguntaban todos los d\u00edas cu\u00e1ndo estar\u00eda listo el comedor. Hoy podemos decir que ese d\u00eda lleg\u00f3: tenemos un lugar amplio, confortable y dentro de la instituci\u00f3n, un punto de encuentro que promueve la convivencia y el desarrollo social de los ni\u00f1os\u00bb, destac\u00f3.<\/p>\n\n\n\n<p>La directora agradeci\u00f3 el acompa\u00f1amiento del Ministerio de Educaci\u00f3n y del municipio durante todo el proceso y convoc\u00f3 a la comunidad a cuidar las instalaciones: \u00abEl comedor escolar es un logro colectivo y tambi\u00e9n es, desde aqu\u00ed adelante, un compromiso compartido. Invitamos a alumnos, docentes, familias y vecinos a valorar este espacio, que ser\u00e1 recordado por generaciones\u00bb.<\/p>\n<div class=\"sharedaddy sd-sharing-enabled\"><div class=\"robots-nocontent sd-block sd-social sd-social-icon sd-sharing\"><h3 class=\"sd-title\">Comparte esto:<\/h3><div class=\"sd-content\"><ul><li class=\"share-twitter\"><a rel=\"nofollow noopener noreferrer\" data-shared=\"sharing-twitter-47120\" class=\"share-twitter sd-button share-icon no-text\" href=\"http:\/\/www.rtvnoticias.com.ar\/?p=47120&amp;share=twitter\" target=\"_blank\" title=\"Haz clic para compartir en Twitter\"><span><\/span><span class=\"sharing-screen-reader-text\">Haz clic para compartir en Twitter (Se abre en una ventana nueva)<\/span><\/a><\/li><li class=\"share-facebook\"><a rel=\"nofollow noopener noreferrer\" data-shared=\"sharing-facebook-47120\" class=\"share-facebook sd-button share-icon no-text\" href=\"http:\/\/www.rtvnoticias.com.ar\/?p=47120&amp;share=facebook\" target=\"_blank\" title=\"Haz clic para compartir en Facebook\"><span><\/span><span class=\"sharing-screen-reader-text\">Haz clic para compartir en Facebook (Se abre en una ventana nueva)<\/span><\/a><\/li><li class=\"share-jetpack-whatsapp\"><a rel=\"nofollow noopener noreferrer\" data-shared=\"\" class=\"share-jetpack-whatsapp sd-button share-icon no-text\" href=\"http:\/\/www.rtvnoticias.com.ar\/?p=47120&amp;share=jetpack-whatsapp\" target=\"_blank\" title=\"Haz clic para compartir en WhatsApp\"><span><\/span><span class=\"sharing-screen-reader-text\">Haz clic para compartir en WhatsApp (Se abre en una ventana nueva)<\/span><\/a><\/li><li class=\"share-telegram\"><a rel=\"nofollow noopener noreferrer\" data-shared=\"\" class=\"share-telegram sd-button share-icon no-text\" href=\"http:\/\/www.rtvnoticias.com.ar\/?p=47120&amp;share=telegram\" target=\"_blank\" title=\"Haz clic para compartir en Telegram\"><span><\/span><span class=\"sharing-screen-reader-text\">Haz clic para compartir en Telegram (Se abre en una ventana nueva)<\/span><\/a><\/li><li class=\"share-end\"><\/li><\/ul><\/div><\/div><\/div>","protected":false},"excerpt":{"rendered":"<p>El gobernador Sergio Ziliotto inaugur\u00f3 el comedor escolar de la Escuela N\u00ba 64 de General Pico, una obra que da respuesta a una demanda hist\u00f3rica<\/p>\n<div class=\"sharedaddy sd-sharing-enabled\"><div class=\"robots-nocontent sd-block sd-social sd-social-icon sd-sharing\"><h3 class=\"sd-title\">Comparte esto:<\/h3><div class=\"sd-content\"><ul><li class=\"share-twitter\"><a rel=\"nofollow noopener noreferrer\" data-shared=\"sharing-twitter-47120\" class=\"share-twitter sd-button share-icon no-text\" href=\"http:\/\/www.rtvnoticias.com.ar\/?p=47120&amp;share=twitter\" target=\"_blank\" title=\"Haz clic para compartir en Twitter\"><span><\/span><span class=\"sharing-screen-reader-text\">Haz clic para compartir en Twitter (Se abre en una ventana nueva)<\/span><\/a><\/li><li class=\"share-facebook\"><a rel=\"nofollow noopener noreferrer\" data-shared=\"sharing-facebook-47120\" class=\"share-facebook sd-button share-icon no-text\" href=\"http:\/\/www.rtvnoticias.com.ar\/?p=47120&amp;share=facebook\" target=\"_blank\" title=\"Haz clic para compartir en Facebook\"><span><\/span><span class=\"sharing-screen-reader-text\">Haz clic para compartir en Facebook (Se abre en una ventana nueva)<\/span><\/a><\/li><li class=\"share-jetpack-whatsapp\"><a rel=\"nofollow noopener noreferrer\" data-shared=\"\" class=\"share-jetpack-whatsapp sd-button share-icon no-text\" href=\"http:\/\/www.rtvnoticias.com.ar\/?p=47120&amp;share=jetpack-whatsapp\" target=\"_blank\" title=\"Haz clic para compartir en WhatsApp\"><span><\/span><span class=\"sharing-screen-reader-text\">Haz clic para compartir en WhatsApp (Se abre en una ventana nueva)<\/span><\/a><\/li><li class=\"share-telegram\"><a rel=\"nofollow noopener noreferrer\" data-shared=\"\" class=\"share-telegram sd-button share-icon no-text\" href=\"http:\/\/www.rtvnoticias.com.ar\/?p=47120&amp;share=telegram\" target=\"_blank\" title=\"Haz clic para compartir en Telegram\"><span><\/span><span class=\"sharing-screen-reader-text\">Haz clic para compartir en Telegram (Se abre en una ventana nueva)<\/span><\/a><\/li><li class=\"share-end\"><\/li><\/ul><\/div><\/div><\/div>","protected":false},"author":5,"featured_media":47121,"comment_status":"closed","ping_status":"closed","sticky":false,"template":"","format":"standard","meta":{"spay_email":"","jetpack_publicize_message":"","jetpack_is_tweetstorm":false,"jetpack_publicize_feature_enabled":true},"categories":[3],"tags":[5617],"jetpack_featured_media_url":"http:\/\/www.rtvnoticias.com.ar\/wp-content\/uploads\/2025\/10\/ziliotto-escuela64.jpg","jetpack_publicize_connections":[],"jetpack_sharing_enabled":true,"_links":{"self":[{"href":"http:\/\/www.rtvnoticias.com.ar\/index.php?rest_route=\/wp\/v2\/posts\/47120"}],"collection":[{"href":"http:\/\/www.rtvnoticias.com.ar\/index.php?rest_route=\/wp\/v2\/posts"}],"about":[{"href":"http:\/\/www.rtvnoticias.com.ar\/index.php?rest_route=\/wp\/v2\/types\/post"}],"author":[{"embeddable":true,"href":"http:\/\/www.rtvnoticias.com.ar\/index.php?rest_route=\/wp\/v2\/users\/5"}],"replies":[{"embeddable":true,"href":"http:\/\/www.rtvnoticias.com.ar\/index.php?rest_route=%2Fwp%2Fv2%2Fcomments&post=47120"}],"version-history":[{"count":1,"href":"http:\/\/www.rtvnoticias.com.ar\/index.php?rest_route=\/wp\/v2\/posts\/47120\/revisions"}],"predecessor-version":[{"id":47122,"href":"http:\/\/www.rtvnoticias.com.ar\/index.php?rest_route=\/wp\/v2\/posts\/47120\/revisions\/47122"}],"wp:featuredmedia":[{"embeddable":true,"href":"http:\/\/www.rtvnoticias.com.ar\/index.php?rest_route=\/wp\/v2\/media\/47121"}],"wp:attachment":[{"href":"http:\/\/www.rtvnoticias.com.ar\/index.php?rest_route=%2Fwp%2Fv2%2Fmedia&parent=47120"}],"wp:term":[{"taxonomy":"category","embeddable":true,"href":"http:\/\/www.rtvnoticias.com.ar\/index.php?rest_route=%2Fwp%2Fv2%2Fcategories&post=47120"},{"taxonomy":"post_tag","embeddable":true,"href":"http:\/\/www.rtvnoticias.com.ar\/index.php?rest_route=%2Fwp%2Fv2%2Ftags&post=47120"}],"curies":[{"name":"wp","href":"https:\/\/api.w.org\/{rel}","templated":true}]}}