{"id":47123,"date":"2025-10-08T05:56:00","date_gmt":"2025-10-08T08:56:00","guid":{"rendered":"http:\/\/www.rtvnoticias.com.ar\/?p=47123"},"modified":"2025-10-07T17:57:05","modified_gmt":"2025-10-07T20:57:05","slug":"la-argentina-consolida-mercados-en-feria-de-alimentos-en-alemania","status":"publish","type":"post","link":"http:\/\/www.rtvnoticias.com.ar\/?p=47123","title":{"rendered":"La Argentina consolida mercados en feria de alimentos en Alemania"},"content":{"rendered":"\n<p>Funcionarios del gobierno nacional, directivos del IPCVA y empresarios exportadores presentes en la feria de alimentos que se lleva a cabo en Colonia, Alemania.<\/p>\n\n\n\n<p>Martin Fern\u00e1ndez, jefe de gabinete de la Secretar\u00eda de Agricultura, Agust\u00edn Tejeda, subsecretario de Mercados, Gast\u00f3n Funes, agregado agr\u00edcola de la Argentina ante la UE y Santiago Bonifacio, Director Nacional de Cooperaci\u00f3n Internacional acompa\u00f1an al IPCVA en la feria de alimentos m\u00e1s importante de la Uni\u00f3n Europea.<\/p>\n\n\n\n<p>\u201cDesde la Secretar\u00eda impulsamos una agenda orientada al posicionamiento internacional de la carne argentina, la apertura de nuevos mercados y el cumplimiento de los marcos regulatorios que exigen distintos destino\u201d, dijo Martin Fern\u00e1ndez.<\/p>\n\n\n\n<p>\u201cNo alcanza con tener la mejor carne del mundo: es necesario posicionarla y facilitar el acceso a los mercados internacionales, en un contexto de creciente competencia global\u201d, agreg\u00f3.<\/p>\n\n\n\n<p>\u201cEl Instituto de Promoci\u00f3n de la Carne Vacuna Argentina trabaja de una manera integrada con las autoridades, tanto en las negociaciones internacionales y bilaterales como en los desaf\u00edos que se presentan cotidianamente para acceder a estos mercados tan exigentes\u201d, coment\u00f3 por su parte Georges Breitschmitt, presidente del IPCVA.<\/p>\n\n\n\n<p>Seg\u00fan Fern\u00e1ndez, \u201cen el caso de Europa, a trav\u00e9s de la Agregadur\u00eda Agr\u00edcola, desarrollamos acciones conjuntas con el sector privado, tanto ante la Comisi\u00f3n Europea como frente a las c\u00e1maras de importadores de los distintos pa\u00edses de la Uni\u00f3n Europea\u201d.<\/p>\n\n\n\n<p>Por su parte, Mario Ravettino, vicepresidente del IPCVA, agreg\u00f3 que \u201ces por eso que este trabajo conjunto y la presencia de los funcionarios en las ferias se vuelve sumamente importante para satisfacer estas demandas\u201d.<\/p>\n\n\n\n<p>\u201cTambi\u00e9n tener la posibilidad de que los funcionarios puedan dialogar con los empresarios, resuelve temas administrativos, temas de implementaci\u00f3n de embarques o temas de mercader\u00edas con contratos cerrados con las soluciones que se van dando de manera permanente\u201d, agreg\u00f3.<\/p>\n\n\n\n<p>\u201cLa acciones que llevan adelante la producci\u00f3n ganadera y la industria frigor\u00edfica, coordinadas por el instituto, en el \u00e1mbito del posicionamiento y comercio internacional en ferias como Anuga resultan muy exitosas y un ejemplo para otras industrias\u201d, concluy\u00f3 el Jefe de Gabinete de la Secretar\u00eda de Agricultura.<\/p>\n\n\n\n<p>El Pabell\u00f3n Argentine Beef<\/p>\n\n\n\n<p>Para la participaci\u00f3n en Anuga 2025 el IPCVA desarroll\u00f3 el Pabell\u00f3n Argentine Beef sobre 850 m\u00b2, con stands individuales para las 32 empresas exportadoras. Como es habitual, el pabell\u00f3n tiene un restaurante de 40 mesas en donde los expositores reciben a sus clientes para degustar bife ancho y angosto a la parrilla.<\/p>\n\n\n\n<p>Carne libre de deforestaci\u00f3n<\/p>\n\n\n\n<p>En paralelo a la visita de clientes a las 32 empresas exportadoras, y pese a que la normativa 1115 de la U.E. fue prorrogada, el IPCVA, present\u00f3 ante los importadores alemanes el sistema por el cual se va a dar cumplimiento a la exigencia de alimentos libres de deforestaci\u00f3n.<\/p>\n\n\n\n<p>Ante un auditorio espec\u00edficamente construido para este evento dentro del Pabell\u00f3n Argentine Beef, Adri\u00e1n Bifaretti, del IPCVA, y Gerardo Leotta, del Consorcio ABC, fueron los encargados de desglosar los detalles de este sistema argentino.<\/p>\n<div class=\"sharedaddy sd-sharing-enabled\"><div class=\"robots-nocontent sd-block sd-social sd-social-icon sd-sharing\"><h3 class=\"sd-title\">Comparte esto:<\/h3><div class=\"sd-content\"><ul><li class=\"share-twitter\"><a rel=\"nofollow noopener noreferrer\" data-shared=\"sharing-twitter-47123\" class=\"share-twitter sd-button share-icon no-text\" href=\"http:\/\/www.rtvnoticias.com.ar\/?p=47123&amp;share=twitter\" target=\"_blank\" title=\"Haz clic para compartir en Twitter\"><span><\/span><span class=\"sharing-screen-reader-text\">Haz clic para compartir en Twitter (Se abre en una ventana nueva)<\/span><\/a><\/li><li class=\"share-facebook\"><a rel=\"nofollow noopener noreferrer\" data-shared=\"sharing-facebook-47123\" class=\"share-facebook sd-button share-icon no-text\" href=\"http:\/\/www.rtvnoticias.com.ar\/?p=47123&amp;share=facebook\" target=\"_blank\" title=\"Haz clic para compartir en Facebook\"><span><\/span><span class=\"sharing-screen-reader-text\">Haz clic para compartir en Facebook (Se abre en una ventana nueva)<\/span><\/a><\/li><li class=\"share-jetpack-whatsapp\"><a rel=\"nofollow noopener noreferrer\" data-shared=\"\" class=\"share-jetpack-whatsapp sd-button share-icon no-text\" href=\"http:\/\/www.rtvnoticias.com.ar\/?p=47123&amp;share=jetpack-whatsapp\" target=\"_blank\" title=\"Haz clic para compartir en WhatsApp\"><span><\/span><span class=\"sharing-screen-reader-text\">Haz clic para compartir en WhatsApp (Se abre en una ventana nueva)<\/span><\/a><\/li><li class=\"share-telegram\"><a rel=\"nofollow noopener noreferrer\" data-shared=\"\" class=\"share-telegram sd-button share-icon no-text\" href=\"http:\/\/www.rtvnoticias.com.ar\/?p=47123&amp;share=telegram\" target=\"_blank\" title=\"Haz clic para compartir en Telegram\"><span><\/span><span class=\"sharing-screen-reader-text\">Haz clic para compartir en Telegram (Se abre en una ventana nueva)<\/span><\/a><\/li><li class=\"share-end\"><\/li><\/ul><\/div><\/div><\/div>","protected":false},"excerpt":{"rendered":"<p>Funcionarios del gobierno nacional, directivos del IPCVA y empresarios exportadores presentes en la feria de alimentos que se lleva a cabo en Colonia, Alemania. Martin<\/p>\n<div class=\"sharedaddy sd-sharing-enabled\"><div class=\"robots-nocontent sd-block sd-social sd-social-icon sd-sharing\"><h3 class=\"sd-title\">Comparte esto:<\/h3><div class=\"sd-content\"><ul><li class=\"share-twitter\"><a rel=\"nofollow noopener noreferrer\" data-shared=\"sharing-twitter-47123\" class=\"share-twitter sd-button share-icon no-text\" href=\"http:\/\/www.rtvnoticias.com.ar\/?p=47123&amp;share=twitter\" target=\"_blank\" title=\"Haz clic para compartir en Twitter\"><span><\/span><span class=\"sharing-screen-reader-text\">Haz clic para compartir en Twitter (Se abre en una ventana nueva)<\/span><\/a><\/li><li class=\"share-facebook\"><a rel=\"nofollow noopener noreferrer\" data-shared=\"sharing-facebook-47123\" class=\"share-facebook sd-button share-icon no-text\" href=\"http:\/\/www.rtvnoticias.com.ar\/?p=47123&amp;share=facebook\" target=\"_blank\" title=\"Haz clic para compartir en Facebook\"><span><\/span><span class=\"sharing-screen-reader-text\">Haz clic para compartir en Facebook (Se abre en una ventana nueva)<\/span><\/a><\/li><li class=\"share-jetpack-whatsapp\"><a rel=\"nofollow noopener noreferrer\" data-shared=\"\" class=\"share-jetpack-whatsapp sd-button share-icon no-text\" href=\"http:\/\/www.rtvnoticias.com.ar\/?p=47123&amp;share=jetpack-whatsapp\" target=\"_blank\" title=\"Haz clic para compartir en WhatsApp\"><span><\/span><span class=\"sharing-screen-reader-text\">Haz clic para compartir en WhatsApp (Se abre en una ventana nueva)<\/span><\/a><\/li><li class=\"share-telegram\"><a rel=\"nofollow noopener noreferrer\" data-shared=\"\" class=\"share-telegram sd-button share-icon no-text\" href=\"http:\/\/www.rtvnoticias.com.ar\/?p=47123&amp;share=telegram\" target=\"_blank\" title=\"Haz clic para compartir en Telegram\"><span><\/span><span class=\"sharing-screen-reader-text\">Haz clic para compartir en Telegram (Se abre en una ventana nueva)<\/span><\/a><\/li><li class=\"share-end\"><\/li><\/ul><\/div><\/div><\/div>","protected":false},"author":5,"featured_media":47124,"comment_status":"closed","ping_status":"closed","sticky":false,"template":"","format":"standard","meta":{"spay_email":"","jetpack_publicize_message":"","jetpack_is_tweetstorm":false,"jetpack_publicize_feature_enabled":true},"categories":[5],"tags":[5618],"jetpack_featured_media_url":"http:\/\/www.rtvnoticias.com.ar\/wp-content\/uploads\/2025\/10\/ipcva-alemania.jpg","jetpack_publicize_connections":[],"jetpack_sharing_enabled":true,"_links":{"self":[{"href":"http:\/\/www.rtvnoticias.com.ar\/index.php?rest_route=\/wp\/v2\/posts\/47123"}],"collection":[{"href":"http:\/\/www.rtvnoticias.com.ar\/index.php?rest_route=\/wp\/v2\/posts"}],"about":[{"href":"http:\/\/www.rtvnoticias.com.ar\/index.php?rest_route=\/wp\/v2\/types\/post"}],"author":[{"embeddable":true,"href":"http:\/\/www.rtvnoticias.com.ar\/index.php?rest_route=\/wp\/v2\/users\/5"}],"replies":[{"embeddable":true,"href":"http:\/\/www.rtvnoticias.com.ar\/index.php?rest_route=%2Fwp%2Fv2%2Fcomments&post=47123"}],"version-history":[{"count":1,"href":"http:\/\/www.rtvnoticias.com.ar\/index.php?rest_route=\/wp\/v2\/posts\/47123\/revisions"}],"predecessor-version":[{"id":47125,"href":"http:\/\/www.rtvnoticias.com.ar\/index.php?rest_route=\/wp\/v2\/posts\/47123\/revisions\/47125"}],"wp:featuredmedia":[{"embeddable":true,"href":"http:\/\/www.rtvnoticias.com.ar\/index.php?rest_route=\/wp\/v2\/media\/47124"}],"wp:attachment":[{"href":"http:\/\/www.rtvnoticias.com.ar\/index.php?rest_route=%2Fwp%2Fv2%2Fmedia&parent=47123"}],"wp:term":[{"taxonomy":"category","embeddable":true,"href":"http:\/\/www.rtvnoticias.com.ar\/index.php?rest_route=%2Fwp%2Fv2%2Fcategories&post=47123"},{"taxonomy":"post_tag","embeddable":true,"href":"http:\/\/www.rtvnoticias.com.ar\/index.php?rest_route=%2Fwp%2Fv2%2Ftags&post=47123"}],"curies":[{"name":"wp","href":"https:\/\/api.w.org\/{rel}","templated":true}]}}