{"id":47126,"date":"2025-10-07T20:36:25","date_gmt":"2025-10-07T23:36:25","guid":{"rendered":"http:\/\/www.rtvnoticias.com.ar\/?p=47126"},"modified":"2025-10-07T20:36:31","modified_gmt":"2025-10-07T23:36:31","slug":"el-gobierno-aprobo-la-extradicion-de-fred-machado-tras-el-fallo-de-la-corte","status":"publish","type":"post","link":"http:\/\/www.rtvnoticias.com.ar\/?p=47126","title":{"rendered":"El Gobierno aprob\u00f3 la extradici\u00f3n de \u00abFred\u00bb Machado tras el fallo de la Corte"},"content":{"rendered":"\n<p>El Gobierno argentino confirm\u00f3 que solicitar\u00e1 la extradici\u00f3n de Federico \u201cFred\u201d Machado a los Estados Unidos, tras la resoluci\u00f3n de la Corte Suprema que aval\u00f3 el pedido del pa\u00eds norteamericano. El empresario est\u00e1 se\u00f1alado como el principal implicado en una causa por lavado de dinero y narcotr\u00e1fico. A trav\u00e9s de un comunicado, el Ejecutivo inform\u00f3 que el presidente instruy\u00f3 a la Canciller\u00eda, la Secretar\u00eda Legal y T\u00e9cnica y la Jefatura de Gabinete para avanzar de inmediato con los pasos administrativos y diplom\u00e1ticos necesarios para cumplir con la decisi\u00f3n judicial.<\/p>\n\n\n\n<p>El comunicado destac\u00f3 que la medida se enmarca en el compromiso del pa\u00eds con la cooperaci\u00f3n internacional contra el crimen organizado. \u201cLa Rep\u00fablica Argentina ratifica su compromiso en la lucha contra el lavado de activos, el narcotr\u00e1fico y las mafias transnacionales\u201d, remarc\u00f3 el texto difundido por la Oficina del Presidente. De este modo, el Gobierno se apresta a concretar el traslado del empresario a Estados Unidos una vez completadas las formalidades legales.<\/p>\n\n\n\n<p>La decisi\u00f3n de la Corte Suprema, adoptada por los jueces Horacio Rosatti, Carlos Rosenkrantz y Ricardo Lorenzetti, rechaz\u00f3 los recursos presentados por la defensa de Machado y dio por v\u00e1lido el pedido de extradici\u00f3n emitido por la justicia estadounidense. Seg\u00fan el fallo, la solicitud cumpl\u00eda con todos los requisitos del tratado bilateral de cooperaci\u00f3n judicial, por lo que el m\u00e1ximo tribunal dej\u00f3 la ejecuci\u00f3n del tr\u00e1mite en manos del Poder Ejecutivo, que la aprob\u00f3 horas despu\u00e9s.<\/p>\n\n\n\n<p>El caso tiene su origen en una investigaci\u00f3n del Gran Jurado Federal del Distrito Este de Texas, que proces\u00f3 a Machado y a otros ocho acusados por presunta participaci\u00f3n en una organizaci\u00f3n criminal dedicada al tr\u00e1fico de coca\u00edna y al lavado de dinero. El empresario enfrenta cinco cargos principales: tres vinculados con la distribuci\u00f3n de drogas, uno por asociaci\u00f3n il\u00edcita para el lavado de activos y otro por conspiraci\u00f3n para cometer fraude electr\u00f3nico.<\/p>\n\n\n\n<p>Durante el proceso judicial, la defensa del empresario present\u00f3 una serie de objeciones. Alegaron falta de imparcialidad del juez, cuestionaron la validez de pruebas rechazadas y denunciaron desigualdad procesal por la cantidad de representantes del Ministerio P\u00fablico Fiscal. Adem\u00e1s, impugnaron la constitucionalidad del art\u00edculo 30 de la ley de extradici\u00f3n y plantearon la existencia de \u201cdoble incriminaci\u00f3n\u201d, buscando frenar el procedimiento.<\/p>\n\n\n\n<p>La investigaci\u00f3n tambi\u00e9n salpic\u00f3 al diputado Jos\u00e9 Luis Espert, quien d\u00edas atr\u00e1s renunci\u00f3 a su candidatura por La Libertad Avanza luego de que se conocieran sus v\u00ednculos financieros con Machado. Seg\u00fan el expediente, el legislador habr\u00eda recibido una transferencia de unos 200 mil d\u00f3lares por una supuesta asesor\u00eda en un proyecto minero y utilizado aviones privados pagados por el empresario durante su campa\u00f1a presidencial de 2019. Con la decisi\u00f3n de la Corte y la r\u00e1pida respuesta del Gobierno, el proceso de extradici\u00f3n queda ahora en su fase final.<\/p>\n<div class=\"sharedaddy sd-sharing-enabled\"><div class=\"robots-nocontent sd-block sd-social sd-social-icon sd-sharing\"><h3 class=\"sd-title\">Comparte esto:<\/h3><div class=\"sd-content\"><ul><li class=\"share-twitter\"><a rel=\"nofollow noopener noreferrer\" data-shared=\"sharing-twitter-47126\" class=\"share-twitter sd-button share-icon no-text\" href=\"http:\/\/www.rtvnoticias.com.ar\/?p=47126&amp;share=twitter\" target=\"_blank\" title=\"Haz clic para compartir en Twitter\"><span><\/span><span class=\"sharing-screen-reader-text\">Haz clic para compartir en Twitter (Se abre en una ventana nueva)<\/span><\/a><\/li><li class=\"share-facebook\"><a rel=\"nofollow noopener noreferrer\" data-shared=\"sharing-facebook-47126\" class=\"share-facebook sd-button share-icon no-text\" href=\"http:\/\/www.rtvnoticias.com.ar\/?p=47126&amp;share=facebook\" target=\"_blank\" title=\"Haz clic para compartir en Facebook\"><span><\/span><span class=\"sharing-screen-reader-text\">Haz clic para compartir en Facebook (Se abre en una ventana nueva)<\/span><\/a><\/li><li class=\"share-jetpack-whatsapp\"><a rel=\"nofollow noopener noreferrer\" data-shared=\"\" class=\"share-jetpack-whatsapp sd-button share-icon no-text\" href=\"http:\/\/www.rtvnoticias.com.ar\/?p=47126&amp;share=jetpack-whatsapp\" target=\"_blank\" title=\"Haz clic para compartir en WhatsApp\"><span><\/span><span class=\"sharing-screen-reader-text\">Haz clic para compartir en WhatsApp (Se abre en una ventana nueva)<\/span><\/a><\/li><li class=\"share-telegram\"><a rel=\"nofollow noopener noreferrer\" data-shared=\"\" class=\"share-telegram sd-button share-icon no-text\" href=\"http:\/\/www.rtvnoticias.com.ar\/?p=47126&amp;share=telegram\" target=\"_blank\" title=\"Haz clic para compartir en Telegram\"><span><\/span><span class=\"sharing-screen-reader-text\">Haz clic para compartir en Telegram (Se abre en una ventana nueva)<\/span><\/a><\/li><li class=\"share-end\"><\/li><\/ul><\/div><\/div><\/div>","protected":false},"excerpt":{"rendered":"<p>El Gobierno argentino confirm\u00f3 que solicitar\u00e1 la extradici\u00f3n de Federico \u201cFred\u201d Machado a los Estados Unidos, tras la resoluci\u00f3n de la Corte Suprema que aval\u00f3<\/p>\n<div class=\"sharedaddy sd-sharing-enabled\"><div class=\"robots-nocontent sd-block sd-social sd-social-icon sd-sharing\"><h3 class=\"sd-title\">Comparte esto:<\/h3><div class=\"sd-content\"><ul><li class=\"share-twitter\"><a rel=\"nofollow noopener noreferrer\" data-shared=\"sharing-twitter-47126\" class=\"share-twitter sd-button share-icon no-text\" href=\"http:\/\/www.rtvnoticias.com.ar\/?p=47126&amp;share=twitter\" target=\"_blank\" title=\"Haz clic para compartir en Twitter\"><span><\/span><span class=\"sharing-screen-reader-text\">Haz clic para compartir en Twitter (Se abre en una ventana nueva)<\/span><\/a><\/li><li class=\"share-facebook\"><a rel=\"nofollow noopener noreferrer\" data-shared=\"sharing-facebook-47126\" class=\"share-facebook sd-button share-icon no-text\" href=\"http:\/\/www.rtvnoticias.com.ar\/?p=47126&amp;share=facebook\" target=\"_blank\" title=\"Haz clic para compartir en Facebook\"><span><\/span><span class=\"sharing-screen-reader-text\">Haz clic para compartir en Facebook (Se abre en una ventana nueva)<\/span><\/a><\/li><li class=\"share-jetpack-whatsapp\"><a rel=\"nofollow noopener noreferrer\" data-shared=\"\" class=\"share-jetpack-whatsapp sd-button share-icon no-text\" href=\"http:\/\/www.rtvnoticias.com.ar\/?p=47126&amp;share=jetpack-whatsapp\" target=\"_blank\" title=\"Haz clic para compartir en WhatsApp\"><span><\/span><span class=\"sharing-screen-reader-text\">Haz clic para compartir en WhatsApp (Se abre en una ventana nueva)<\/span><\/a><\/li><li class=\"share-telegram\"><a rel=\"nofollow noopener noreferrer\" data-shared=\"\" class=\"share-telegram sd-button share-icon no-text\" href=\"http:\/\/www.rtvnoticias.com.ar\/?p=47126&amp;share=telegram\" target=\"_blank\" title=\"Haz clic para compartir en Telegram\"><span><\/span><span class=\"sharing-screen-reader-text\">Haz clic para compartir en Telegram (Se abre en una ventana nueva)<\/span><\/a><\/li><li class=\"share-end\"><\/li><\/ul><\/div><\/div><\/div>","protected":false},"author":7,"featured_media":47127,"comment_status":"closed","ping_status":"closed","sticky":false,"template":"","format":"standard","meta":{"spay_email":"","jetpack_publicize_message":"","jetpack_is_tweetstorm":false,"jetpack_publicize_feature_enabled":true},"categories":[5],"tags":[5619],"jetpack_featured_media_url":"http:\/\/www.rtvnoticias.com.ar\/wp-content\/uploads\/2025\/10\/68e53132b9abe_905_510.jpg","jetpack_publicize_connections":[],"jetpack_sharing_enabled":true,"_links":{"self":[{"href":"http:\/\/www.rtvnoticias.com.ar\/index.php?rest_route=\/wp\/v2\/posts\/47126"}],"collection":[{"href":"http:\/\/www.rtvnoticias.com.ar\/index.php?rest_route=\/wp\/v2\/posts"}],"about":[{"href":"http:\/\/www.rtvnoticias.com.ar\/index.php?rest_route=\/wp\/v2\/types\/post"}],"author":[{"embeddable":true,"href":"http:\/\/www.rtvnoticias.com.ar\/index.php?rest_route=\/wp\/v2\/users\/7"}],"replies":[{"embeddable":true,"href":"http:\/\/www.rtvnoticias.com.ar\/index.php?rest_route=%2Fwp%2Fv2%2Fcomments&post=47126"}],"version-history":[{"count":1,"href":"http:\/\/www.rtvnoticias.com.ar\/index.php?rest_route=\/wp\/v2\/posts\/47126\/revisions"}],"predecessor-version":[{"id":47128,"href":"http:\/\/www.rtvnoticias.com.ar\/index.php?rest_route=\/wp\/v2\/posts\/47126\/revisions\/47128"}],"wp:featuredmedia":[{"embeddable":true,"href":"http:\/\/www.rtvnoticias.com.ar\/index.php?rest_route=\/wp\/v2\/media\/47127"}],"wp:attachment":[{"href":"http:\/\/www.rtvnoticias.com.ar\/index.php?rest_route=%2Fwp%2Fv2%2Fmedia&parent=47126"}],"wp:term":[{"taxonomy":"category","embeddable":true,"href":"http:\/\/www.rtvnoticias.com.ar\/index.php?rest_route=%2Fwp%2Fv2%2Fcategories&post=47126"},{"taxonomy":"post_tag","embeddable":true,"href":"http:\/\/www.rtvnoticias.com.ar\/index.php?rest_route=%2Fwp%2Fv2%2Ftags&post=47126"}],"curies":[{"name":"wp","href":"https:\/\/api.w.org\/{rel}","templated":true}]}}