{"id":47129,"date":"2025-10-07T20:52:45","date_gmt":"2025-10-07T23:52:45","guid":{"rendered":"http:\/\/www.rtvnoticias.com.ar\/?p=47129"},"modified":"2025-10-07T20:52:50","modified_gmt":"2025-10-07T23:52:50","slug":"un-policia-fue-hallado-muerto-en-su-departamento-tras-una-denuncia-por-violencia-de-genero-en-santa-rosa","status":"publish","type":"post","link":"http:\/\/www.rtvnoticias.com.ar\/?p=47129","title":{"rendered":"Un polic\u00eda fue hallado muerto en su departamento tras una denuncia por violencia de g\u00e9nero en Santa Rosa"},"content":{"rendered":"\n<p>Un efectivo de la fuerza fue hallado muerto con un disparo en su departamento de la ciudad de Santa Rosa, poco despu\u00e9s de que se alertara a las autoridades sobre una supuesta agresi\u00f3n a su pareja.<\/p>\n\n\n\n<p>De acuerdo con la informaci\u00f3n confirmada por fuentes policiales y judiciales, el hecho ocurri\u00f3 este martes, alrededor de las 16.30, en un complejo de departamentos ubicado en Plumerillo al 700, en el norte de la capital provincial.<\/p>\n\n\n\n<h4 class=\"wp-block-heading\">El llamado al CECOM y la intervenci\u00f3n policial<\/h4>\n\n\n\n<p>Todo comenz\u00f3 cuando un hombre se comunic\u00f3 con el Centro de Control, Comando y Comunicaciones (CECOM) para informar que hab\u00eda agredido a su pareja. Minutos m\u00e1s tarde, m\u00f3viles de la Seccional Primera llegaron al lugar.<\/p>\n\n\n\n<p>Fuera del predio, los efectivos encontraron a una mujer de 26 a\u00f1os, domiciliada en Guatrach\u00e9, quien relat\u00f3 que hab\u00eda mantenido una fuerte discusi\u00f3n con su pareja, un empleado policial de la Seccional Tercera de Santa Rosa.<\/p>\n\n\n\n<h4 class=\"wp-block-heading\">El hallazgo<\/h4>\n\n\n\n<p>Al intentar entrevistarse con el efectivo dentro del departamento n\u00famero 19, los polic\u00edas no obtuvieron respuesta. Tras forzar la puerta, uno de ellos advirti\u00f3 que una de las habitaciones estaba entreabierta y que en el interior hab\u00eda un charco de sangre.<\/p>\n\n\n\n<p>Al ingresar, los agentes encontraron al uniformado tendido en el piso, con una herida de bala en el rostro y una vaina servida sobre su cuerpo. Seg\u00fan las primeras observaciones, no se hall\u00f3 el arma de fuego en la escena.<\/p>\n\n\n\n<p>De inmediato se convoc\u00f3 al Servicio de Emergencias M\u00e9dicas (SEM), cuyo profesional, el doctor Daniel Rengifo, constat\u00f3 el fallecimiento del efectivo en el lugar. La mujer y su hijo, un beb\u00e9 de 10 meses, fueron trasladados por precauci\u00f3n para recibir asistencia.<\/p>\n\n\n\n<h4 class=\"wp-block-heading\">Investigaci\u00f3n y peritajes<\/h4>\n\n\n\n<p>Al departamento concurrieron r\u00e1pidamente autoridades judiciales y policiales. Participaron en el operativo la fiscala Ver\u00f3nica Paggi y el fiscal Marcos Sacco, adem\u00e1s de representantes de la Unidad Regional I y de la Agencia de Investigaci\u00f3n Cient\u00edfica (AIC), que qued\u00f3 a cargo de las pericias.<\/p>\n\n\n\n<p>Las tareas se centraron en la recolecci\u00f3n de muestras, el levantamiento de rastros y la reconstrucci\u00f3n de los \u00faltimos minutos del efectivo, con el objetivo de determinar si se trat\u00f3 de un suicidio o de otra circunstancia.<\/p>\n\n\n\n<p>Por el momento, la causa se encuentra en etapa de investigaci\u00f3n preliminar, y las autoridades mantienen reserva sobre la identidad del polic\u00eda fallecido hasta tanto se notifique formalmente a su familia.<\/p>\n<div class=\"sharedaddy sd-sharing-enabled\"><div class=\"robots-nocontent sd-block sd-social sd-social-icon sd-sharing\"><h3 class=\"sd-title\">Comparte esto:<\/h3><div class=\"sd-content\"><ul><li class=\"share-twitter\"><a rel=\"nofollow noopener noreferrer\" data-shared=\"sharing-twitter-47129\" class=\"share-twitter sd-button share-icon no-text\" href=\"http:\/\/www.rtvnoticias.com.ar\/?p=47129&amp;share=twitter\" target=\"_blank\" title=\"Haz clic para compartir en Twitter\"><span><\/span><span class=\"sharing-screen-reader-text\">Haz clic para compartir en Twitter (Se abre en una ventana nueva)<\/span><\/a><\/li><li class=\"share-facebook\"><a rel=\"nofollow noopener noreferrer\" data-shared=\"sharing-facebook-47129\" class=\"share-facebook sd-button share-icon no-text\" href=\"http:\/\/www.rtvnoticias.com.ar\/?p=47129&amp;share=facebook\" target=\"_blank\" title=\"Haz clic para compartir en Facebook\"><span><\/span><span class=\"sharing-screen-reader-text\">Haz clic para compartir en Facebook (Se abre en una ventana nueva)<\/span><\/a><\/li><li class=\"share-jetpack-whatsapp\"><a rel=\"nofollow noopener noreferrer\" data-shared=\"\" class=\"share-jetpack-whatsapp sd-button share-icon no-text\" href=\"http:\/\/www.rtvnoticias.com.ar\/?p=47129&amp;share=jetpack-whatsapp\" target=\"_blank\" title=\"Haz clic para compartir en WhatsApp\"><span><\/span><span class=\"sharing-screen-reader-text\">Haz clic para compartir en WhatsApp (Se abre en una ventana nueva)<\/span><\/a><\/li><li class=\"share-telegram\"><a rel=\"nofollow noopener noreferrer\" data-shared=\"\" class=\"share-telegram sd-button share-icon no-text\" href=\"http:\/\/www.rtvnoticias.com.ar\/?p=47129&amp;share=telegram\" target=\"_blank\" title=\"Haz clic para compartir en Telegram\"><span><\/span><span class=\"sharing-screen-reader-text\">Haz clic para compartir en Telegram (Se abre en una ventana nueva)<\/span><\/a><\/li><li class=\"share-end\"><\/li><\/ul><\/div><\/div><\/div>","protected":false},"excerpt":{"rendered":"<p>Un efectivo de la fuerza fue hallado muerto con un disparo en su departamento de la ciudad de Santa Rosa, poco despu\u00e9s de que se<\/p>\n<div class=\"sharedaddy sd-sharing-enabled\"><div class=\"robots-nocontent sd-block sd-social sd-social-icon sd-sharing\"><h3 class=\"sd-title\">Comparte esto:<\/h3><div class=\"sd-content\"><ul><li class=\"share-twitter\"><a rel=\"nofollow noopener noreferrer\" data-shared=\"sharing-twitter-47129\" class=\"share-twitter sd-button share-icon no-text\" href=\"http:\/\/www.rtvnoticias.com.ar\/?p=47129&amp;share=twitter\" target=\"_blank\" title=\"Haz clic para compartir en Twitter\"><span><\/span><span class=\"sharing-screen-reader-text\">Haz clic para compartir en Twitter (Se abre en una ventana nueva)<\/span><\/a><\/li><li class=\"share-facebook\"><a rel=\"nofollow noopener noreferrer\" data-shared=\"sharing-facebook-47129\" class=\"share-facebook sd-button share-icon no-text\" href=\"http:\/\/www.rtvnoticias.com.ar\/?p=47129&amp;share=facebook\" target=\"_blank\" title=\"Haz clic para compartir en Facebook\"><span><\/span><span class=\"sharing-screen-reader-text\">Haz clic para compartir en Facebook (Se abre en una ventana nueva)<\/span><\/a><\/li><li class=\"share-jetpack-whatsapp\"><a rel=\"nofollow noopener noreferrer\" data-shared=\"\" class=\"share-jetpack-whatsapp sd-button share-icon no-text\" href=\"http:\/\/www.rtvnoticias.com.ar\/?p=47129&amp;share=jetpack-whatsapp\" target=\"_blank\" title=\"Haz clic para compartir en WhatsApp\"><span><\/span><span class=\"sharing-screen-reader-text\">Haz clic para compartir en WhatsApp (Se abre en una ventana nueva)<\/span><\/a><\/li><li class=\"share-telegram\"><a rel=\"nofollow noopener noreferrer\" data-shared=\"\" class=\"share-telegram sd-button share-icon no-text\" href=\"http:\/\/www.rtvnoticias.com.ar\/?p=47129&amp;share=telegram\" target=\"_blank\" title=\"Haz clic para compartir en Telegram\"><span><\/span><span class=\"sharing-screen-reader-text\">Haz clic para compartir en Telegram (Se abre en una ventana nueva)<\/span><\/a><\/li><li class=\"share-end\"><\/li><\/ul><\/div><\/div><\/div>","protected":false},"author":7,"featured_media":46085,"comment_status":"closed","ping_status":"closed","sticky":false,"template":"","format":"standard","meta":{"spay_email":"","jetpack_publicize_message":"","jetpack_is_tweetstorm":false,"jetpack_publicize_feature_enabled":true},"categories":[4],"tags":[325],"jetpack_featured_media_url":"http:\/\/www.rtvnoticias.com.ar\/wp-content\/uploads\/2025\/07\/Patrullero-Comisaria-Policia-auto-de-la-Policia-1-e1755694913738.jpeg","jetpack_publicize_connections":[],"jetpack_sharing_enabled":true,"_links":{"self":[{"href":"http:\/\/www.rtvnoticias.com.ar\/index.php?rest_route=\/wp\/v2\/posts\/47129"}],"collection":[{"href":"http:\/\/www.rtvnoticias.com.ar\/index.php?rest_route=\/wp\/v2\/posts"}],"about":[{"href":"http:\/\/www.rtvnoticias.com.ar\/index.php?rest_route=\/wp\/v2\/types\/post"}],"author":[{"embeddable":true,"href":"http:\/\/www.rtvnoticias.com.ar\/index.php?rest_route=\/wp\/v2\/users\/7"}],"replies":[{"embeddable":true,"href":"http:\/\/www.rtvnoticias.com.ar\/index.php?rest_route=%2Fwp%2Fv2%2Fcomments&post=47129"}],"version-history":[{"count":1,"href":"http:\/\/www.rtvnoticias.com.ar\/index.php?rest_route=\/wp\/v2\/posts\/47129\/revisions"}],"predecessor-version":[{"id":47130,"href":"http:\/\/www.rtvnoticias.com.ar\/index.php?rest_route=\/wp\/v2\/posts\/47129\/revisions\/47130"}],"wp:featuredmedia":[{"embeddable":true,"href":"http:\/\/www.rtvnoticias.com.ar\/index.php?rest_route=\/wp\/v2\/media\/46085"}],"wp:attachment":[{"href":"http:\/\/www.rtvnoticias.com.ar\/index.php?rest_route=%2Fwp%2Fv2%2Fmedia&parent=47129"}],"wp:term":[{"taxonomy":"category","embeddable":true,"href":"http:\/\/www.rtvnoticias.com.ar\/index.php?rest_route=%2Fwp%2Fv2%2Fcategories&post=47129"},{"taxonomy":"post_tag","embeddable":true,"href":"http:\/\/www.rtvnoticias.com.ar\/index.php?rest_route=%2Fwp%2Fv2%2Ftags&post=47129"}],"curies":[{"name":"wp","href":"https:\/\/api.w.org\/{rel}","templated":true}]}}