{"id":47137,"date":"2025-10-08T18:00:04","date_gmt":"2025-10-08T21:00:04","guid":{"rendered":"http:\/\/www.rtvnoticias.com.ar\/?p=47137"},"modified":"2025-10-08T18:00:09","modified_gmt":"2025-10-08T21:00:09","slug":"piden-crear-una-comision-investigadora-contra-la-intendenta-de-catrilo-por-presuntas-irregularidades-administrativas-y-financieras","status":"publish","type":"post","link":"http:\/\/www.rtvnoticias.com.ar\/?p=47137","title":{"rendered":"Piden crear una Comisi\u00f3n Investigadora contra la intendenta de Catril\u00f3 por presuntas irregularidades administrativas y financieras"},"content":{"rendered":"\n<p>Concejales del PRO y del FreJu\u00e4 impulsaron una medida excepcional contra la jefa comunal Graciela L\u00f3pez. Denuncian contrataciones irregulares, rendiciones rechazadas y falta de transparencia en el manejo de fondos p\u00fablicos.<\/p>\n\n\n\n<p>El Concejo Deliberante de Catril\u00f3 deber\u00e1 resolver en los pr\u00f3ximos d\u00edas un pedido de creaci\u00f3n de una Comisi\u00f3n Investigadora contra la intendenta Graciela L\u00f3pez y parte de su gabinete, por un conjunto de \u201cirregularidades verificadas en el desenvolvimiento administrativo y financiero\u201d que \u2014seg\u00fan los bloques opositores del PRO y del FreJu\u00e4\u2014 comprometen los principios de legalidad y transparencia.<\/p>\n\n\n\n<p>La medida se ampara en el Art\u00edculo 119 de la Ley Org\u00e1nica de Municipalidades (N.\u00ba 1597) y surge como respuesta a lo que los concejales describieron como una \u201cpersistencia de conducta omisiva y opaca\u201d del Ejecutivo local, pese a m\u00faltiples observaciones, pedidos de informe y sanciones previas.<\/p>\n\n\n\n<p>La Comisi\u00f3n Investigadora tendr\u00eda un plazo de 60 d\u00edas h\u00e1biles para analizar los hechos y emitir un dictamen. Su labor ser\u00e1 de car\u00e1cter administrativo, aunque deber\u00e1 dar intervenci\u00f3n judicial si surgen indicios de delitos.<\/p>\n\n\n\n<h4 class=\"wp-block-heading\">Contrataciones con irregularidades y v\u00ednculos familiares<\/h4>\n\n\n\n<p>El proyecto de resoluci\u00f3n detalla un amplio listado de presuntas irregularidades. Entre los puntos m\u00e1s graves, se encuentra la contrataci\u00f3n directa de un proveedor sin habilitaci\u00f3n comercial, Sebasti\u00e1n Paiva, quien adem\u00e1s ser\u00eda empleado jornalizado del municipio y hermano del Director de Ambiente Municipal.<\/p>\n\n\n\n<p>Las \u00f3rdenes de provisi\u00f3n \u2014seg\u00fan los concejales\u2014 fueron autorizadas por su propio hermano y refrendadas por las secretar\u00edas de Hacienda, Gobierno y la intendenta, aun cuando la asesor\u00eda letrada municipal hab\u00eda advertido sobre las anomal\u00edas.<\/p>\n\n\n\n<p>Tambi\u00e9n se detectaron pagos que superan los l\u00edmites legales para contrataciones directas y un presunto \u201cfraccionamiento artificial\u201d de una misma obra (como el Propays o el Acueducto Norte) en varias facturas menores, con el objetivo de evadir los procedimientos de licitaci\u00f3n p\u00fablica.<\/p>\n\n\n\n<h4 class=\"wp-block-heading\">Rendiciones rechazadas y uso irregular de fondos<\/h4>\n\n\n\n<p>Otro eje de las denuncias apunta a reiteradas violaciones de la Ley de Contabilidad, con rendiciones mensuales rechazadas por destinar fondos con asignaci\u00f3n espec\u00edfica a otros fines y por falta de documentaci\u00f3n de respaldo.<\/p>\n\n\n\n<p>Los ediles tambi\u00e9n se\u00f1alaron contrataciones justificadas en supuestas \u201curgencias\u201d para garantizar el suministro de agua potable, pese a que un a\u00f1o despu\u00e9s el sistema a\u00fan no funciona.<\/p>\n\n\n\n<p>Asimismo, se cuestiona la opacidad en la gesti\u00f3n de programas clave, como el Programa de Mejoramiento del Parque Automotor, que involucr\u00f3 m\u00e1s de $154 millones. Seg\u00fan el Concejo, no se presentaron las autorizaciones de compra ni se inform\u00f3 el destino de los fondos.<\/p>\n\n\n\n<h4 class=\"wp-block-heading\">Ingresos de personal y falta de control institucional<\/h4>\n\n\n\n<p>El pedido tambi\u00e9n incluye irregularidades en la incorporaci\u00f3n de personal, sin responder los pedidos de informe sobre n\u00f3minas, funciones y mecanismos de contrataci\u00f3n. Adem\u00e1s, se detectaron demoras y fraccionamientos en el pago de haberes al personal municipal, lo que \u2014seg\u00fan los concejales\u2014 contradice el discurso de austeridad del Ejecutivo.<\/p>\n\n\n\n<p>Otro punto cr\u00edtico es el manejo de los fondos del Plan Mi Casa: el municipio recaud\u00f3 cuotas de viviendas sociales pero no las deposit\u00f3 en la cuenta espec\u00edfica hasta que el Concejo lo requiri\u00f3 formalmente.<\/p>\n\n\n\n<p>Finalmente, se identific\u00f3 una factura por servicios \u201cindeterminados\u201d, emitida por un proveedor que no habr\u00eda realizado los trabajos, lo que deriv\u00f3 en una explicaci\u00f3n \u201cconfusa y contradictoria\u201d por parte de las secretar\u00edas involucradas.<\/p>\n\n\n\n<p>El Concejo Deliberante concluy\u00f3 que este \u201cdeterioro sostenido del orden institucional\u201d amerita la apertura de una Comisi\u00f3n Investigadora, con el objetivo de esclarecer los hechos y determinar las responsabilidades administrativas, pol\u00edticas y\/o funcionales que correspondan.<\/p>\n<div class=\"sharedaddy sd-sharing-enabled\"><div class=\"robots-nocontent sd-block sd-social sd-social-icon sd-sharing\"><h3 class=\"sd-title\">Comparte esto:<\/h3><div class=\"sd-content\"><ul><li class=\"share-twitter\"><a rel=\"nofollow noopener noreferrer\" data-shared=\"sharing-twitter-47137\" class=\"share-twitter sd-button share-icon no-text\" href=\"http:\/\/www.rtvnoticias.com.ar\/?p=47137&amp;share=twitter\" target=\"_blank\" title=\"Haz clic para compartir en Twitter\"><span><\/span><span class=\"sharing-screen-reader-text\">Haz clic para compartir en Twitter (Se abre en una ventana nueva)<\/span><\/a><\/li><li class=\"share-facebook\"><a rel=\"nofollow noopener noreferrer\" data-shared=\"sharing-facebook-47137\" class=\"share-facebook sd-button share-icon no-text\" href=\"http:\/\/www.rtvnoticias.com.ar\/?p=47137&amp;share=facebook\" target=\"_blank\" title=\"Haz clic para compartir en Facebook\"><span><\/span><span class=\"sharing-screen-reader-text\">Haz clic para compartir en Facebook (Se abre en una ventana nueva)<\/span><\/a><\/li><li class=\"share-jetpack-whatsapp\"><a rel=\"nofollow noopener noreferrer\" data-shared=\"\" class=\"share-jetpack-whatsapp sd-button share-icon no-text\" href=\"http:\/\/www.rtvnoticias.com.ar\/?p=47137&amp;share=jetpack-whatsapp\" target=\"_blank\" title=\"Haz clic para compartir en WhatsApp\"><span><\/span><span class=\"sharing-screen-reader-text\">Haz clic para compartir en WhatsApp (Se abre en una ventana nueva)<\/span><\/a><\/li><li class=\"share-telegram\"><a rel=\"nofollow noopener noreferrer\" data-shared=\"\" class=\"share-telegram sd-button share-icon no-text\" href=\"http:\/\/www.rtvnoticias.com.ar\/?p=47137&amp;share=telegram\" target=\"_blank\" title=\"Haz clic para compartir en Telegram\"><span><\/span><span class=\"sharing-screen-reader-text\">Haz clic para compartir en Telegram (Se abre en una ventana nueva)<\/span><\/a><\/li><li class=\"share-end\"><\/li><\/ul><\/div><\/div><\/div>","protected":false},"excerpt":{"rendered":"<p>Concejales del PRO y del FreJu\u00e4 impulsaron una medida excepcional contra la jefa comunal Graciela L\u00f3pez. Denuncian contrataciones irregulares, rendiciones rechazadas y falta de transparencia<\/p>\n<div class=\"sharedaddy sd-sharing-enabled\"><div class=\"robots-nocontent sd-block sd-social sd-social-icon sd-sharing\"><h3 class=\"sd-title\">Comparte esto:<\/h3><div class=\"sd-content\"><ul><li class=\"share-twitter\"><a rel=\"nofollow noopener noreferrer\" data-shared=\"sharing-twitter-47137\" class=\"share-twitter sd-button share-icon no-text\" href=\"http:\/\/www.rtvnoticias.com.ar\/?p=47137&amp;share=twitter\" target=\"_blank\" title=\"Haz clic para compartir en Twitter\"><span><\/span><span class=\"sharing-screen-reader-text\">Haz clic para compartir en Twitter (Se abre en una ventana nueva)<\/span><\/a><\/li><li class=\"share-facebook\"><a rel=\"nofollow noopener noreferrer\" data-shared=\"sharing-facebook-47137\" class=\"share-facebook sd-button share-icon no-text\" href=\"http:\/\/www.rtvnoticias.com.ar\/?p=47137&amp;share=facebook\" target=\"_blank\" title=\"Haz clic para compartir en Facebook\"><span><\/span><span class=\"sharing-screen-reader-text\">Haz clic para compartir en Facebook (Se abre en una ventana nueva)<\/span><\/a><\/li><li class=\"share-jetpack-whatsapp\"><a rel=\"nofollow noopener noreferrer\" data-shared=\"\" class=\"share-jetpack-whatsapp sd-button share-icon no-text\" href=\"http:\/\/www.rtvnoticias.com.ar\/?p=47137&amp;share=jetpack-whatsapp\" target=\"_blank\" title=\"Haz clic para compartir en WhatsApp\"><span><\/span><span class=\"sharing-screen-reader-text\">Haz clic para compartir en WhatsApp (Se abre en una ventana nueva)<\/span><\/a><\/li><li class=\"share-telegram\"><a rel=\"nofollow noopener noreferrer\" data-shared=\"\" class=\"share-telegram sd-button share-icon no-text\" href=\"http:\/\/www.rtvnoticias.com.ar\/?p=47137&amp;share=telegram\" target=\"_blank\" title=\"Haz clic para compartir en Telegram\"><span><\/span><span class=\"sharing-screen-reader-text\">Haz clic para compartir en Telegram (Se abre en una ventana nueva)<\/span><\/a><\/li><li class=\"share-end\"><\/li><\/ul><\/div><\/div><\/div>","protected":false},"author":7,"featured_media":47138,"comment_status":"closed","ping_status":"closed","sticky":false,"template":"","format":"standard","meta":{"spay_email":"","jetpack_publicize_message":"","jetpack_is_tweetstorm":false,"jetpack_publicize_feature_enabled":true},"categories":[4],"tags":[],"jetpack_featured_media_url":"http:\/\/www.rtvnoticias.com.ar\/wp-content\/uploads\/2025\/10\/buchilopez.jpg","jetpack_publicize_connections":[],"jetpack_sharing_enabled":true,"_links":{"self":[{"href":"http:\/\/www.rtvnoticias.com.ar\/index.php?rest_route=\/wp\/v2\/posts\/47137"}],"collection":[{"href":"http:\/\/www.rtvnoticias.com.ar\/index.php?rest_route=\/wp\/v2\/posts"}],"about":[{"href":"http:\/\/www.rtvnoticias.com.ar\/index.php?rest_route=\/wp\/v2\/types\/post"}],"author":[{"embeddable":true,"href":"http:\/\/www.rtvnoticias.com.ar\/index.php?rest_route=\/wp\/v2\/users\/7"}],"replies":[{"embeddable":true,"href":"http:\/\/www.rtvnoticias.com.ar\/index.php?rest_route=%2Fwp%2Fv2%2Fcomments&post=47137"}],"version-history":[{"count":1,"href":"http:\/\/www.rtvnoticias.com.ar\/index.php?rest_route=\/wp\/v2\/posts\/47137\/revisions"}],"predecessor-version":[{"id":47139,"href":"http:\/\/www.rtvnoticias.com.ar\/index.php?rest_route=\/wp\/v2\/posts\/47137\/revisions\/47139"}],"wp:featuredmedia":[{"embeddable":true,"href":"http:\/\/www.rtvnoticias.com.ar\/index.php?rest_route=\/wp\/v2\/media\/47138"}],"wp:attachment":[{"href":"http:\/\/www.rtvnoticias.com.ar\/index.php?rest_route=%2Fwp%2Fv2%2Fmedia&parent=47137"}],"wp:term":[{"taxonomy":"category","embeddable":true,"href":"http:\/\/www.rtvnoticias.com.ar\/index.php?rest_route=%2Fwp%2Fv2%2Fcategories&post=47137"},{"taxonomy":"post_tag","embeddable":true,"href":"http:\/\/www.rtvnoticias.com.ar\/index.php?rest_route=%2Fwp%2Fv2%2Ftags&post=47137"}],"curies":[{"name":"wp","href":"https:\/\/api.w.org\/{rel}","templated":true}]}}