{"id":47151,"date":"2025-10-10T06:23:00","date_gmt":"2025-10-10T09:23:00","guid":{"rendered":"http:\/\/www.rtvnoticias.com.ar\/?p=47151"},"modified":"2025-10-10T18:28:08","modified_gmt":"2025-10-10T21:28:08","slug":"el-concejo-deliberante-de-general-pico-trato-22-expedientes-y-reconocio-iniciativas-educativas-y-solidarias","status":"publish","type":"post","link":"http:\/\/www.rtvnoticias.com.ar\/?p=47151","title":{"rendered":"El Concejo Deliberante de General Pico trat\u00f3 22 expedientes y reconoci\u00f3 iniciativas educativas y solidarias"},"content":{"rendered":"\n<p>El Concejo Deliberante de General Pico celebr\u00f3 su d\u00e9cimo s\u00e9ptima sesi\u00f3n ordinaria con una intensa agenda legislativa que incluy\u00f3 el tratamiento de 22 expedientes y la presencia de estudiantes del Colegio Secundario Silvia Machicote, quienes participaron como observadores del trabajo parlamentario.<\/p>\n\n\n\n<p>La reuni\u00f3n fue presidida por Alberto Campo y comenz\u00f3 con el izamiento de la bandera a cargo del concejal Marcelo Capellino. Durante la jornada, once de los expedientes ingresados fueron enviados a las distintas comisiones internas para un an\u00e1lisis m\u00e1s detallado.<\/p>\n\n\n\n<p>Entre ellos, se destac\u00f3 la solicitud del Colegio Santa In\u00e9s para declarar de inter\u00e9s el \u201cI Foro Estudiantes por el Futuro Verde; Transformar el Impacto Humano\u201d, y el pedido del Servicio de Neonatolog\u00eda del Hospital Gobernador Centeno para reconocer la \u201cSemana del Prematuro 2025\u201d. Tambi\u00e9n se gir\u00f3 a comisi\u00f3n un proyecto que propone aprobar un convenio de pr\u00e1cticas profesionales entre la Municipalidad y el Instituto Superior de Bellas Artes.<\/p>\n\n\n\n<p>Uno de los momentos m\u00e1s emotivos de la sesi\u00f3n fue la aprobaci\u00f3n un\u00e1nime de la declaraci\u00f3n de inter\u00e9s legislativo de la pe\u00f1a solidaria \u201cTodos por el Hospi\u201d, una iniciativa conjunta del grupo Colibr\u00ed y la Cooperadora del Hospital Gobernador Centeno. El evento se llevar\u00e1 a cabo el s\u00e1bado 18 de octubre en el Club Costa Brava, con el prop\u00f3sito de recaudar fondos para mejorar la atenci\u00f3n de pacientes y familiares del hospital.<\/p>\n\n\n\n<p>El cuerpo deliberativo tambi\u00e9n dio luz verde a tres proyectos de resoluci\u00f3n. Dos de ellos, impulsados por el bloque Juntos por el Cambio, solicitan al Ejecutivo municipal informes sobre el cumplimiento de la Ordenanza 76\/16 \u2014relativa al uso de sistemas satelitales en los veh\u00edculos oficiales\u2014 y sobre el avance del estudio de factibilidad para instalar un sem\u00e1foro en la esquina de la calle 333 y la avenida Isidoro Brunengo.<\/p>\n\n\n\n<p>El tercer proyecto, presentado por el bloque del Frente Justicialista Pampeano, declar\u00f3 de inter\u00e9s el \u201cLibro Digital Inclusivo\u201d, una propuesta educativa creada por la docente Delia Balduzzi junto a estudiantes del Colegio Los Ranqueles.<\/p>\n\n\n\n<p>Adem\u00e1s, se aprobaron cinco despachos de comisi\u00f3n, entre ellos el reconocimiento a la actividad \u201cSimulaci\u00f3n de la ONU\u201d realizada por el Colegio Santa In\u00e9s, un nuevo marco regulatorio para la realizaci\u00f3n de eventos p\u00fablicos y privados en la ciudad, y convenios de colaboraci\u00f3n con instituciones locales, como el Comit\u00e9 de Vigilancia de la Zona Franca.<\/p>\n\n\n\n<p>La sesi\u00f3n concluy\u00f3 con la aprobaci\u00f3n de la rendici\u00f3n de cuentas correspondiente a junio de 2025, cerrando as\u00ed una jornada marcada por el impulso a proyectos educativos, sociales y de gesti\u00f3n municipal.<\/p>\n<div class=\"sharedaddy sd-sharing-enabled\"><div class=\"robots-nocontent sd-block sd-social sd-social-icon sd-sharing\"><h3 class=\"sd-title\">Comparte esto:<\/h3><div class=\"sd-content\"><ul><li class=\"share-twitter\"><a rel=\"nofollow noopener noreferrer\" data-shared=\"sharing-twitter-47151\" class=\"share-twitter sd-button share-icon no-text\" href=\"http:\/\/www.rtvnoticias.com.ar\/?p=47151&amp;share=twitter\" target=\"_blank\" title=\"Haz clic para compartir en Twitter\"><span><\/span><span class=\"sharing-screen-reader-text\">Haz clic para compartir en Twitter (Se abre en una ventana nueva)<\/span><\/a><\/li><li class=\"share-facebook\"><a rel=\"nofollow noopener noreferrer\" data-shared=\"sharing-facebook-47151\" class=\"share-facebook sd-button share-icon no-text\" href=\"http:\/\/www.rtvnoticias.com.ar\/?p=47151&amp;share=facebook\" target=\"_blank\" title=\"Haz clic para compartir en Facebook\"><span><\/span><span class=\"sharing-screen-reader-text\">Haz clic para compartir en Facebook (Se abre en una ventana nueva)<\/span><\/a><\/li><li class=\"share-jetpack-whatsapp\"><a rel=\"nofollow noopener noreferrer\" data-shared=\"\" class=\"share-jetpack-whatsapp sd-button share-icon no-text\" href=\"http:\/\/www.rtvnoticias.com.ar\/?p=47151&amp;share=jetpack-whatsapp\" target=\"_blank\" title=\"Haz clic para compartir en WhatsApp\"><span><\/span><span class=\"sharing-screen-reader-text\">Haz clic para compartir en WhatsApp (Se abre en una ventana nueva)<\/span><\/a><\/li><li class=\"share-telegram\"><a rel=\"nofollow noopener noreferrer\" data-shared=\"\" class=\"share-telegram sd-button share-icon no-text\" href=\"http:\/\/www.rtvnoticias.com.ar\/?p=47151&amp;share=telegram\" target=\"_blank\" title=\"Haz clic para compartir en Telegram\"><span><\/span><span class=\"sharing-screen-reader-text\">Haz clic para compartir en Telegram (Se abre en una ventana nueva)<\/span><\/a><\/li><li class=\"share-end\"><\/li><\/ul><\/div><\/div><\/div>","protected":false},"excerpt":{"rendered":"<p>El Concejo Deliberante de General Pico celebr\u00f3 su d\u00e9cimo s\u00e9ptima sesi\u00f3n ordinaria con una intensa agenda legislativa que incluy\u00f3 el tratamiento de 22 expedientes y<\/p>\n<div class=\"sharedaddy sd-sharing-enabled\"><div class=\"robots-nocontent sd-block sd-social sd-social-icon sd-sharing\"><h3 class=\"sd-title\">Comparte esto:<\/h3><div class=\"sd-content\"><ul><li class=\"share-twitter\"><a rel=\"nofollow noopener noreferrer\" data-shared=\"sharing-twitter-47151\" class=\"share-twitter sd-button share-icon no-text\" href=\"http:\/\/www.rtvnoticias.com.ar\/?p=47151&amp;share=twitter\" target=\"_blank\" title=\"Haz clic para compartir en Twitter\"><span><\/span><span class=\"sharing-screen-reader-text\">Haz clic para compartir en Twitter (Se abre en una ventana nueva)<\/span><\/a><\/li><li class=\"share-facebook\"><a rel=\"nofollow noopener noreferrer\" data-shared=\"sharing-facebook-47151\" class=\"share-facebook sd-button share-icon no-text\" href=\"http:\/\/www.rtvnoticias.com.ar\/?p=47151&amp;share=facebook\" target=\"_blank\" title=\"Haz clic para compartir en Facebook\"><span><\/span><span class=\"sharing-screen-reader-text\">Haz clic para compartir en Facebook (Se abre en una ventana nueva)<\/span><\/a><\/li><li class=\"share-jetpack-whatsapp\"><a rel=\"nofollow noopener noreferrer\" data-shared=\"\" class=\"share-jetpack-whatsapp sd-button share-icon no-text\" href=\"http:\/\/www.rtvnoticias.com.ar\/?p=47151&amp;share=jetpack-whatsapp\" target=\"_blank\" title=\"Haz clic para compartir en WhatsApp\"><span><\/span><span class=\"sharing-screen-reader-text\">Haz clic para compartir en WhatsApp (Se abre en una ventana nueva)<\/span><\/a><\/li><li class=\"share-telegram\"><a rel=\"nofollow noopener noreferrer\" data-shared=\"\" class=\"share-telegram sd-button share-icon no-text\" href=\"http:\/\/www.rtvnoticias.com.ar\/?p=47151&amp;share=telegram\" target=\"_blank\" title=\"Haz clic para compartir en Telegram\"><span><\/span><span class=\"sharing-screen-reader-text\">Haz clic para compartir en Telegram (Se abre en una ventana nueva)<\/span><\/a><\/li><li class=\"share-end\"><\/li><\/ul><\/div><\/div><\/div>","protected":false},"author":7,"featured_media":44361,"comment_status":"closed","ping_status":"closed","sticky":false,"template":"","format":"standard","meta":{"spay_email":"","jetpack_publicize_message":"","jetpack_is_tweetstorm":false,"jetpack_publicize_feature_enabled":true},"categories":[3],"tags":[197],"jetpack_featured_media_url":"http:\/\/www.rtvnoticias.com.ar\/wp-content\/uploads\/2025\/02\/concejo-preparatoria.jpg","jetpack_publicize_connections":[],"jetpack_sharing_enabled":true,"_links":{"self":[{"href":"http:\/\/www.rtvnoticias.com.ar\/index.php?rest_route=\/wp\/v2\/posts\/47151"}],"collection":[{"href":"http:\/\/www.rtvnoticias.com.ar\/index.php?rest_route=\/wp\/v2\/posts"}],"about":[{"href":"http:\/\/www.rtvnoticias.com.ar\/index.php?rest_route=\/wp\/v2\/types\/post"}],"author":[{"embeddable":true,"href":"http:\/\/www.rtvnoticias.com.ar\/index.php?rest_route=\/wp\/v2\/users\/7"}],"replies":[{"embeddable":true,"href":"http:\/\/www.rtvnoticias.com.ar\/index.php?rest_route=%2Fwp%2Fv2%2Fcomments&post=47151"}],"version-history":[{"count":1,"href":"http:\/\/www.rtvnoticias.com.ar\/index.php?rest_route=\/wp\/v2\/posts\/47151\/revisions"}],"predecessor-version":[{"id":47152,"href":"http:\/\/www.rtvnoticias.com.ar\/index.php?rest_route=\/wp\/v2\/posts\/47151\/revisions\/47152"}],"wp:featuredmedia":[{"embeddable":true,"href":"http:\/\/www.rtvnoticias.com.ar\/index.php?rest_route=\/wp\/v2\/media\/44361"}],"wp:attachment":[{"href":"http:\/\/www.rtvnoticias.com.ar\/index.php?rest_route=%2Fwp%2Fv2%2Fmedia&parent=47151"}],"wp:term":[{"taxonomy":"category","embeddable":true,"href":"http:\/\/www.rtvnoticias.com.ar\/index.php?rest_route=%2Fwp%2Fv2%2Fcategories&post=47151"},{"taxonomy":"post_tag","embeddable":true,"href":"http:\/\/www.rtvnoticias.com.ar\/index.php?rest_route=%2Fwp%2Fv2%2Ftags&post=47151"}],"curies":[{"name":"wp","href":"https:\/\/api.w.org\/{rel}","templated":true}]}}