{"id":47162,"date":"2025-10-14T09:43:36","date_gmt":"2025-10-14T12:43:36","guid":{"rendered":"http:\/\/www.rtvnoticias.com.ar\/?p=47162"},"modified":"2025-10-14T09:43:42","modified_gmt":"2025-10-14T12:43:42","slug":"murio-rogelio-kelo-schanton-subsecretario-de-asuntos-municipales","status":"publish","type":"post","link":"http:\/\/www.rtvnoticias.com.ar\/?p=47162","title":{"rendered":"Muri\u00f3 Rogelio \u201cKelo\u201d Schanton, subsecretario de Asuntos Municipales"},"content":{"rendered":"\n<p>El actual subsecretario de Asuntos Municipales falleci\u00f3 este martes. Su figura era central en el v\u00ednculo entre la Provincia y los municipios. Por duelo, se suspendi\u00f3 la inauguraci\u00f3n del nuevo Hospital de General Pico.<\/p>\n\n\n\n<p>La pol\u00edtica pampeana atraviesa un profundo duelo tras conocerse la muerte de Rogelio \u201cKelo\u201d Schanton, dirigente hist\u00f3rico del peronismo provincial, exintendente de Ingeniero Luiggi y actual subsecretario de Asuntos Municipales del Gobierno de La Pampa.<\/p>\n\n\n\n<p>El fallecimiento fue confirmado este martes por fuentes de Casa de Gobierno, y gener\u00f3 un inmediato pesar en el oficialismo y en todo el arco pol\u00edtico local. Schanton, de amplia trayectoria, era considerado una figura clave en la estructura de gesti\u00f3n del gobernador Sergio Ziliotto, por su rol de articulador con los intendentes y presidentes de comisiones de fomento.<\/p>\n\n\n\n<p>Oriundo de Ingeniero Luiggi, Schanton forj\u00f3 una extensa carrera dentro del Partido Justicialista, en la l\u00ednea interna Plural, y supo ocupar distintos cargos en la administraci\u00f3n p\u00fablica. Durante el primer mandato del exgobernador Carlos Verna, fue director general de Administraci\u00f3n Escolar en el Ministerio de Educaci\u00f3n, donde tuvo a su cargo la supervisi\u00f3n de obras en escuelas de toda la provincia. Su trabajo continu\u00f3 bajo la gesti\u00f3n de Oscar Mario Jorge, hasta su salida a comienzos de 2015, en medio de las tensiones internas del peronismo.<\/p>\n\n\n\n<p>En los \u00faltimos a\u00f1os, Schanton volvi\u00f3 a ocupar un lugar estrat\u00e9gico dentro del gabinete provincial, consolid\u00e1ndose como un referente del di\u00e1logo pol\u00edtico y territorial. Su capacidad para mediar entre los municipios y la administraci\u00f3n central lo convirti\u00f3 en un interlocutor indispensable para la gesti\u00f3n.<\/p>\n\n\n\n<p>Su deceso representa una p\u00e9rdida significativa para el Gobierno provincial y para el justicialismo pampeano. En se\u00f1al de duelo, el Ejecutivo resolvi\u00f3 suspender la inauguraci\u00f3n del Hospital Nivel IV de General Pico, un acto que estaba previsto para este martes y que contaba con gran expectativa en la ciudad y la regi\u00f3n.<\/p>\n<div class=\"sharedaddy sd-sharing-enabled\"><div class=\"robots-nocontent sd-block sd-social sd-social-icon sd-sharing\"><h3 class=\"sd-title\">Comparte esto:<\/h3><div class=\"sd-content\"><ul><li class=\"share-twitter\"><a rel=\"nofollow noopener noreferrer\" data-shared=\"sharing-twitter-47162\" class=\"share-twitter sd-button share-icon no-text\" href=\"http:\/\/www.rtvnoticias.com.ar\/?p=47162&amp;share=twitter\" target=\"_blank\" title=\"Haz clic para compartir en Twitter\"><span><\/span><span class=\"sharing-screen-reader-text\">Haz clic para compartir en Twitter (Se abre en una ventana nueva)<\/span><\/a><\/li><li class=\"share-facebook\"><a rel=\"nofollow noopener noreferrer\" data-shared=\"sharing-facebook-47162\" class=\"share-facebook sd-button share-icon no-text\" href=\"http:\/\/www.rtvnoticias.com.ar\/?p=47162&amp;share=facebook\" target=\"_blank\" title=\"Haz clic para compartir en Facebook\"><span><\/span><span class=\"sharing-screen-reader-text\">Haz clic para compartir en Facebook (Se abre en una ventana nueva)<\/span><\/a><\/li><li class=\"share-jetpack-whatsapp\"><a rel=\"nofollow noopener noreferrer\" data-shared=\"\" class=\"share-jetpack-whatsapp sd-button share-icon no-text\" href=\"http:\/\/www.rtvnoticias.com.ar\/?p=47162&amp;share=jetpack-whatsapp\" target=\"_blank\" title=\"Haz clic para compartir en WhatsApp\"><span><\/span><span class=\"sharing-screen-reader-text\">Haz clic para compartir en WhatsApp (Se abre en una ventana nueva)<\/span><\/a><\/li><li class=\"share-telegram\"><a rel=\"nofollow noopener noreferrer\" data-shared=\"\" class=\"share-telegram sd-button share-icon no-text\" href=\"http:\/\/www.rtvnoticias.com.ar\/?p=47162&amp;share=telegram\" target=\"_blank\" title=\"Haz clic para compartir en Telegram\"><span><\/span><span class=\"sharing-screen-reader-text\">Haz clic para compartir en Telegram (Se abre en una ventana nueva)<\/span><\/a><\/li><li class=\"share-end\"><\/li><\/ul><\/div><\/div><\/div>","protected":false},"excerpt":{"rendered":"<p>El actual subsecretario de Asuntos Municipales falleci\u00f3 este martes. Su figura era central en el v\u00ednculo entre la Provincia y los municipios. Por duelo, se<\/p>\n<div class=\"sharedaddy sd-sharing-enabled\"><div class=\"robots-nocontent sd-block sd-social sd-social-icon sd-sharing\"><h3 class=\"sd-title\">Comparte esto:<\/h3><div class=\"sd-content\"><ul><li class=\"share-twitter\"><a rel=\"nofollow noopener noreferrer\" data-shared=\"sharing-twitter-47162\" class=\"share-twitter sd-button share-icon no-text\" href=\"http:\/\/www.rtvnoticias.com.ar\/?p=47162&amp;share=twitter\" target=\"_blank\" title=\"Haz clic para compartir en Twitter\"><span><\/span><span class=\"sharing-screen-reader-text\">Haz clic para compartir en Twitter (Se abre en una ventana nueva)<\/span><\/a><\/li><li class=\"share-facebook\"><a rel=\"nofollow noopener noreferrer\" data-shared=\"sharing-facebook-47162\" class=\"share-facebook sd-button share-icon no-text\" href=\"http:\/\/www.rtvnoticias.com.ar\/?p=47162&amp;share=facebook\" target=\"_blank\" title=\"Haz clic para compartir en Facebook\"><span><\/span><span class=\"sharing-screen-reader-text\">Haz clic para compartir en Facebook (Se abre en una ventana nueva)<\/span><\/a><\/li><li class=\"share-jetpack-whatsapp\"><a rel=\"nofollow noopener noreferrer\" data-shared=\"\" class=\"share-jetpack-whatsapp sd-button share-icon no-text\" href=\"http:\/\/www.rtvnoticias.com.ar\/?p=47162&amp;share=jetpack-whatsapp\" target=\"_blank\" title=\"Haz clic para compartir en WhatsApp\"><span><\/span><span class=\"sharing-screen-reader-text\">Haz clic para compartir en WhatsApp (Se abre en una ventana nueva)<\/span><\/a><\/li><li class=\"share-telegram\"><a rel=\"nofollow noopener noreferrer\" data-shared=\"\" class=\"share-telegram sd-button share-icon no-text\" href=\"http:\/\/www.rtvnoticias.com.ar\/?p=47162&amp;share=telegram\" target=\"_blank\" title=\"Haz clic para compartir en Telegram\"><span><\/span><span class=\"sharing-screen-reader-text\">Haz clic para compartir en Telegram (Se abre en una ventana nueva)<\/span><\/a><\/li><li class=\"share-end\"><\/li><\/ul><\/div><\/div><\/div>","protected":false},"author":7,"featured_media":47163,"comment_status":"closed","ping_status":"closed","sticky":false,"template":"","format":"standard","meta":{"spay_email":"","jetpack_publicize_message":"","jetpack_is_tweetstorm":false,"jetpack_publicize_feature_enabled":true},"categories":[4],"tags":[],"jetpack_featured_media_url":"http:\/\/www.rtvnoticias.com.ar\/wp-content\/uploads\/2025\/10\/schantonrogelio2023-2-1170x833-1.jpg","jetpack_publicize_connections":[],"jetpack_sharing_enabled":true,"_links":{"self":[{"href":"http:\/\/www.rtvnoticias.com.ar\/index.php?rest_route=\/wp\/v2\/posts\/47162"}],"collection":[{"href":"http:\/\/www.rtvnoticias.com.ar\/index.php?rest_route=\/wp\/v2\/posts"}],"about":[{"href":"http:\/\/www.rtvnoticias.com.ar\/index.php?rest_route=\/wp\/v2\/types\/post"}],"author":[{"embeddable":true,"href":"http:\/\/www.rtvnoticias.com.ar\/index.php?rest_route=\/wp\/v2\/users\/7"}],"replies":[{"embeddable":true,"href":"http:\/\/www.rtvnoticias.com.ar\/index.php?rest_route=%2Fwp%2Fv2%2Fcomments&post=47162"}],"version-history":[{"count":1,"href":"http:\/\/www.rtvnoticias.com.ar\/index.php?rest_route=\/wp\/v2\/posts\/47162\/revisions"}],"predecessor-version":[{"id":47164,"href":"http:\/\/www.rtvnoticias.com.ar\/index.php?rest_route=\/wp\/v2\/posts\/47162\/revisions\/47164"}],"wp:featuredmedia":[{"embeddable":true,"href":"http:\/\/www.rtvnoticias.com.ar\/index.php?rest_route=\/wp\/v2\/media\/47163"}],"wp:attachment":[{"href":"http:\/\/www.rtvnoticias.com.ar\/index.php?rest_route=%2Fwp%2Fv2%2Fmedia&parent=47162"}],"wp:term":[{"taxonomy":"category","embeddable":true,"href":"http:\/\/www.rtvnoticias.com.ar\/index.php?rest_route=%2Fwp%2Fv2%2Fcategories&post=47162"},{"taxonomy":"post_tag","embeddable":true,"href":"http:\/\/www.rtvnoticias.com.ar\/index.php?rest_route=%2Fwp%2Fv2%2Ftags&post=47162"}],"curies":[{"name":"wp","href":"https:\/\/api.w.org\/{rel}","templated":true}]}}