{"id":47176,"date":"2025-10-14T17:06:48","date_gmt":"2025-10-14T20:06:48","guid":{"rendered":"http:\/\/www.rtvnoticias.com.ar\/?p=47176"},"modified":"2025-10-15T12:56:04","modified_gmt":"2025-10-15T15:56:04","slug":"donald-trump-respaldo-a-javier-milei-en-la-casa-blanca-si-no-gana-las-elecciones-no-seremos-generosos-con-argentina","status":"publish","type":"post","link":"http:\/\/www.rtvnoticias.com.ar\/?p=47176","title":{"rendered":"Donald Trump respald\u00f3 a Javier Milei en la Casa Blanca: \u201cSi no gana las elecciones, no seremos generosos con Argentina\u201d"},"content":{"rendered":"\n<p>El presidente de Estados Unidos, Donald Trump, expres\u00f3 este martes un fuerte respaldo al gobierno de Javier Milei durante un almuerzo oficial en la Casa Blanca, y advirti\u00f3 que \u201cla elecci\u00f3n en Argentina viene pronto y est\u00e1 siendo mirada por el mundo\u201d.<\/p>\n\n\n\n<p>\u201cLa victoria es muy importante, es muy importante saber qui\u00e9n va a ganar la elecci\u00f3n, si ser\u00e1 un socialista o no\u201d, afirm\u00f3 el mandatario estadounidense al encabezar el encuentro entre ambas comitivas.<\/p>\n\n\n\n<p>Trump fue m\u00e1s all\u00e1 y lanz\u00f3 una advertencia directa: \u201cSi Milei no gana las elecciones, no seremos generosos con Argentina\u201d. En ese sentido, se\u00f1al\u00f3 que el eventual candidato opositor para 2027 \u201ces un comunista de la extrema izquierda responsable de llevar al pa\u00eds a este problema en primer lugar\u201d.<\/p>\n\n\n\n<p>Durante el almuerzo, Milei agradeci\u00f3 a su par norteamericano el apoyo al \u201cmundo libre\u201d frente a lo que defini\u00f3 como la \u201camenaza del socialismo del siglo XXI en todo el mundo\u201d.<\/p>\n\n\n\n<p>\u201cQuiero agradecer el enorme trabajo del secretario (Scott) Bessent para ayudar a superar este problema de liquidez que ten\u00eda la Argentina como consecuencia de los ataques pol\u00edticos que recibimos de nuestros opositores, que no quieren que el pa\u00eds abrace las ideas de la libertad, sino otras perimidas que conducen al socialismo\u201d, expres\u00f3 el mandatario argentino.<\/p>\n\n\n\n<p>Trump tambi\u00e9n aprovech\u00f3 la ocasi\u00f3n para manifestar su preocupaci\u00f3n por posibles acuerdos militares entre la Argentina y China. \u201cQuisiera que no hicieran nada con China. Me disgustar\u00eda que hicieran algo con las Fuerzas Armadas de China\u201d, remarc\u00f3.<\/p>\n\n\n\n<p>El encuentro tuvo lugar tras el ingreso de Milei a la Casa Blanca a las 14:39 (hora argentina). Ambos mandatarios posaron para las c\u00e1maras con los pulgares en alto antes de dirigirse al almuerzo de trabajo.<\/p>\n\n\n\n<p>Seg\u00fan la agenda oficial, no hubo reuni\u00f3n bilateral formal, pero s\u00ed un encuentro ampliado entre las delegaciones. Luego, Milei tiene previsto participar a las 17 de la ceremonia de homenaje a Charlie Kirk, el activista asesinado el 10 de septiembre en Utah, y emprender el regreso a la Argentina a las 22.<\/p>\n<div class=\"sharedaddy sd-sharing-enabled\"><div class=\"robots-nocontent sd-block sd-social sd-social-icon sd-sharing\"><h3 class=\"sd-title\">Comparte esto:<\/h3><div class=\"sd-content\"><ul><li class=\"share-twitter\"><a rel=\"nofollow noopener noreferrer\" data-shared=\"sharing-twitter-47176\" class=\"share-twitter sd-button share-icon no-text\" href=\"http:\/\/www.rtvnoticias.com.ar\/?p=47176&amp;share=twitter\" target=\"_blank\" title=\"Haz clic para compartir en Twitter\"><span><\/span><span class=\"sharing-screen-reader-text\">Haz clic para compartir en Twitter (Se abre en una ventana nueva)<\/span><\/a><\/li><li class=\"share-facebook\"><a rel=\"nofollow noopener noreferrer\" data-shared=\"sharing-facebook-47176\" class=\"share-facebook sd-button share-icon no-text\" href=\"http:\/\/www.rtvnoticias.com.ar\/?p=47176&amp;share=facebook\" target=\"_blank\" title=\"Haz clic para compartir en Facebook\"><span><\/span><span class=\"sharing-screen-reader-text\">Haz clic para compartir en Facebook (Se abre en una ventana nueva)<\/span><\/a><\/li><li class=\"share-jetpack-whatsapp\"><a rel=\"nofollow noopener noreferrer\" data-shared=\"\" class=\"share-jetpack-whatsapp sd-button share-icon no-text\" href=\"http:\/\/www.rtvnoticias.com.ar\/?p=47176&amp;share=jetpack-whatsapp\" target=\"_blank\" title=\"Haz clic para compartir en WhatsApp\"><span><\/span><span class=\"sharing-screen-reader-text\">Haz clic para compartir en WhatsApp (Se abre en una ventana nueva)<\/span><\/a><\/li><li class=\"share-telegram\"><a rel=\"nofollow noopener noreferrer\" data-shared=\"\" class=\"share-telegram sd-button share-icon no-text\" href=\"http:\/\/www.rtvnoticias.com.ar\/?p=47176&amp;share=telegram\" target=\"_blank\" title=\"Haz clic para compartir en Telegram\"><span><\/span><span class=\"sharing-screen-reader-text\">Haz clic para compartir en Telegram (Se abre en una ventana nueva)<\/span><\/a><\/li><li class=\"share-end\"><\/li><\/ul><\/div><\/div><\/div>","protected":false},"excerpt":{"rendered":"<p>El presidente de Estados Unidos, Donald Trump, expres\u00f3 este martes un fuerte respaldo al gobierno de Javier Milei durante un almuerzo oficial en la Casa<\/p>\n<div class=\"sharedaddy sd-sharing-enabled\"><div class=\"robots-nocontent sd-block sd-social sd-social-icon sd-sharing\"><h3 class=\"sd-title\">Comparte esto:<\/h3><div class=\"sd-content\"><ul><li class=\"share-twitter\"><a rel=\"nofollow noopener noreferrer\" data-shared=\"sharing-twitter-47176\" class=\"share-twitter sd-button share-icon no-text\" href=\"http:\/\/www.rtvnoticias.com.ar\/?p=47176&amp;share=twitter\" target=\"_blank\" title=\"Haz clic para compartir en Twitter\"><span><\/span><span class=\"sharing-screen-reader-text\">Haz clic para compartir en Twitter (Se abre en una ventana nueva)<\/span><\/a><\/li><li class=\"share-facebook\"><a rel=\"nofollow noopener noreferrer\" data-shared=\"sharing-facebook-47176\" class=\"share-facebook sd-button share-icon no-text\" href=\"http:\/\/www.rtvnoticias.com.ar\/?p=47176&amp;share=facebook\" target=\"_blank\" title=\"Haz clic para compartir en Facebook\"><span><\/span><span class=\"sharing-screen-reader-text\">Haz clic para compartir en Facebook (Se abre en una ventana nueva)<\/span><\/a><\/li><li class=\"share-jetpack-whatsapp\"><a rel=\"nofollow noopener noreferrer\" data-shared=\"\" class=\"share-jetpack-whatsapp sd-button share-icon no-text\" href=\"http:\/\/www.rtvnoticias.com.ar\/?p=47176&amp;share=jetpack-whatsapp\" target=\"_blank\" title=\"Haz clic para compartir en WhatsApp\"><span><\/span><span class=\"sharing-screen-reader-text\">Haz clic para compartir en WhatsApp (Se abre en una ventana nueva)<\/span><\/a><\/li><li class=\"share-telegram\"><a rel=\"nofollow noopener noreferrer\" data-shared=\"\" class=\"share-telegram sd-button share-icon no-text\" href=\"http:\/\/www.rtvnoticias.com.ar\/?p=47176&amp;share=telegram\" target=\"_blank\" title=\"Haz clic para compartir en Telegram\"><span><\/span><span class=\"sharing-screen-reader-text\">Haz clic para compartir en Telegram (Se abre en una ventana nueva)<\/span><\/a><\/li><li class=\"share-end\"><\/li><\/ul><\/div><\/div><\/div>","protected":false},"author":7,"featured_media":47178,"comment_status":"closed","ping_status":"closed","sticky":false,"template":"","format":"standard","meta":{"spay_email":"","jetpack_publicize_message":"","jetpack_is_tweetstorm":false,"jetpack_publicize_feature_enabled":true},"categories":[5],"tags":[5627],"jetpack_featured_media_url":"http:\/\/www.rtvnoticias.com.ar\/wp-content\/uploads\/2025\/10\/comitivamt.jpg","jetpack_publicize_connections":[],"jetpack_sharing_enabled":true,"_links":{"self":[{"href":"http:\/\/www.rtvnoticias.com.ar\/index.php?rest_route=\/wp\/v2\/posts\/47176"}],"collection":[{"href":"http:\/\/www.rtvnoticias.com.ar\/index.php?rest_route=\/wp\/v2\/posts"}],"about":[{"href":"http:\/\/www.rtvnoticias.com.ar\/index.php?rest_route=\/wp\/v2\/types\/post"}],"author":[{"embeddable":true,"href":"http:\/\/www.rtvnoticias.com.ar\/index.php?rest_route=\/wp\/v2\/users\/7"}],"replies":[{"embeddable":true,"href":"http:\/\/www.rtvnoticias.com.ar\/index.php?rest_route=%2Fwp%2Fv2%2Fcomments&post=47176"}],"version-history":[{"count":1,"href":"http:\/\/www.rtvnoticias.com.ar\/index.php?rest_route=\/wp\/v2\/posts\/47176\/revisions"}],"predecessor-version":[{"id":47179,"href":"http:\/\/www.rtvnoticias.com.ar\/index.php?rest_route=\/wp\/v2\/posts\/47176\/revisions\/47179"}],"wp:featuredmedia":[{"embeddable":true,"href":"http:\/\/www.rtvnoticias.com.ar\/index.php?rest_route=\/wp\/v2\/media\/47178"}],"wp:attachment":[{"href":"http:\/\/www.rtvnoticias.com.ar\/index.php?rest_route=%2Fwp%2Fv2%2Fmedia&parent=47176"}],"wp:term":[{"taxonomy":"category","embeddable":true,"href":"http:\/\/www.rtvnoticias.com.ar\/index.php?rest_route=%2Fwp%2Fv2%2Fcategories&post=47176"},{"taxonomy":"post_tag","embeddable":true,"href":"http:\/\/www.rtvnoticias.com.ar\/index.php?rest_route=%2Fwp%2Fv2%2Ftags&post=47176"}],"curies":[{"name":"wp","href":"https:\/\/api.w.org\/{rel}","templated":true}]}}