{"id":47283,"date":"2025-10-28T09:27:08","date_gmt":"2025-10-28T12:27:08","guid":{"rendered":"http:\/\/www.rtvnoticias.com.ar\/?p=47283"},"modified":"2025-10-28T09:27:12","modified_gmt":"2025-10-28T12:27:12","slug":"anguil-recuperaron-agroquimicos-y-semillas-robadas-por-mas-de-250-millones","status":"publish","type":"post","link":"http:\/\/www.rtvnoticias.com.ar\/?p=47283","title":{"rendered":"Anguil: recuperaron agroqu\u00edmicos y semillas robadas por m\u00e1s de $250 millones"},"content":{"rendered":"\n<p>Una investigaci\u00f3n por hurto agravado permiti\u00f3 a la Polic\u00eda de La Pampa recuperar una importante cantidad de agroqu\u00edmicos y bolsas de semillas robadas en la zona de Anguil, valuadas en m\u00e1s de 250 millones de pesos. El operativo, que demand\u00f3 cerca de dos meses de trabajo, culmin\u00f3 con allanamientos y detenciones en la localidad bonaerense de Villa Maza.<\/p>\n\n\n\n<p>La pesquisa se inici\u00f3 a partir de la denuncia de un productor rural que advirti\u00f3 el faltante de insumos agr\u00edcolas de alto valor econ\u00f3mico. A partir de ese momento, se despleg\u00f3 un trabajo conjunto entre la Subcomisar\u00eda de Anguil, la Unidad Especial de Investigaciones Rurales \u2014dependiente de la Divisi\u00f3n Seguridad Rural UR-I\u2014, la Fiscal\u00eda Tem\u00e1tica de Delitos Rurales y Conexos, y la Polic\u00eda bonaerense.<\/p>\n\n\n\n<p>Las tareas de inteligencia permitieron identificar a uno de los sospechosos, quien se desplazaba con frecuencia entre Anguil y Villa Maza. Con esa informaci\u00f3n, la Justicia orden\u00f3 allanamientos simult\u00e1neos: uno en un domicilio del barrio Vial y otro en la vecina provincia de Buenos Aires.<\/p>\n\n\n\n<p>Durante la vigilancia en territorio bonaerense, efectivos policiales detectaron al sospechoso cuando intentaba movilizarse en una camioneta cargada con diversos elementos en la caja. Fue interceptado y demorado, y el veh\u00edculo qued\u00f3 secuestrado junto con sus tel\u00e9fonos celulares.<\/p>\n\n\n\n<p>Finalmente, el allanamiento judicial en Villa Maza permiti\u00f3 hallar la totalidad de los productos robados, entre ellos una gran cantidad de agroqu\u00edmicos y bolsas de semillas, que fueron reconocidos por el productor damnificado y entregados en dep\u00f3sito judicial.<\/p>\n\n\n\n<p>El caso qued\u00f3 a disposici\u00f3n de la Fiscal\u00eda interviniente, mientras contin\u00faa la investigaci\u00f3n para determinar si hubo otros involucrados en la maniobra delictiva.<\/p>\n<div class=\"sharedaddy sd-sharing-enabled\"><div class=\"robots-nocontent sd-block sd-social sd-social-icon sd-sharing\"><h3 class=\"sd-title\">Comparte esto:<\/h3><div class=\"sd-content\"><ul><li class=\"share-twitter\"><a rel=\"nofollow noopener noreferrer\" data-shared=\"sharing-twitter-47283\" class=\"share-twitter sd-button share-icon no-text\" href=\"http:\/\/www.rtvnoticias.com.ar\/?p=47283&amp;share=twitter\" target=\"_blank\" title=\"Haz clic para compartir en Twitter\"><span><\/span><span class=\"sharing-screen-reader-text\">Haz clic para compartir en Twitter (Se abre en una ventana nueva)<\/span><\/a><\/li><li class=\"share-facebook\"><a rel=\"nofollow noopener noreferrer\" data-shared=\"sharing-facebook-47283\" class=\"share-facebook sd-button share-icon no-text\" href=\"http:\/\/www.rtvnoticias.com.ar\/?p=47283&amp;share=facebook\" target=\"_blank\" title=\"Haz clic para compartir en Facebook\"><span><\/span><span class=\"sharing-screen-reader-text\">Haz clic para compartir en Facebook (Se abre en una ventana nueva)<\/span><\/a><\/li><li class=\"share-jetpack-whatsapp\"><a rel=\"nofollow noopener noreferrer\" data-shared=\"\" class=\"share-jetpack-whatsapp sd-button share-icon no-text\" href=\"http:\/\/www.rtvnoticias.com.ar\/?p=47283&amp;share=jetpack-whatsapp\" target=\"_blank\" title=\"Haz clic para compartir en WhatsApp\"><span><\/span><span class=\"sharing-screen-reader-text\">Haz clic para compartir en WhatsApp (Se abre en una ventana nueva)<\/span><\/a><\/li><li class=\"share-telegram\"><a rel=\"nofollow noopener noreferrer\" data-shared=\"\" class=\"share-telegram sd-button share-icon no-text\" href=\"http:\/\/www.rtvnoticias.com.ar\/?p=47283&amp;share=telegram\" target=\"_blank\" title=\"Haz clic para compartir en Telegram\"><span><\/span><span class=\"sharing-screen-reader-text\">Haz clic para compartir en Telegram (Se abre en una ventana nueva)<\/span><\/a><\/li><li class=\"share-end\"><\/li><\/ul><\/div><\/div><\/div>","protected":false},"excerpt":{"rendered":"<p>Una investigaci\u00f3n por hurto agravado permiti\u00f3 a la Polic\u00eda de La Pampa recuperar una importante cantidad de agroqu\u00edmicos y bolsas de semillas robadas en la<\/p>\n<div class=\"sharedaddy sd-sharing-enabled\"><div class=\"robots-nocontent sd-block sd-social sd-social-icon sd-sharing\"><h3 class=\"sd-title\">Comparte esto:<\/h3><div class=\"sd-content\"><ul><li class=\"share-twitter\"><a rel=\"nofollow noopener noreferrer\" data-shared=\"sharing-twitter-47283\" class=\"share-twitter sd-button share-icon no-text\" href=\"http:\/\/www.rtvnoticias.com.ar\/?p=47283&amp;share=twitter\" target=\"_blank\" title=\"Haz clic para compartir en Twitter\"><span><\/span><span class=\"sharing-screen-reader-text\">Haz clic para compartir en Twitter (Se abre en una ventana nueva)<\/span><\/a><\/li><li class=\"share-facebook\"><a rel=\"nofollow noopener noreferrer\" data-shared=\"sharing-facebook-47283\" class=\"share-facebook sd-button share-icon no-text\" href=\"http:\/\/www.rtvnoticias.com.ar\/?p=47283&amp;share=facebook\" target=\"_blank\" title=\"Haz clic para compartir en Facebook\"><span><\/span><span class=\"sharing-screen-reader-text\">Haz clic para compartir en Facebook (Se abre en una ventana nueva)<\/span><\/a><\/li><li class=\"share-jetpack-whatsapp\"><a rel=\"nofollow noopener noreferrer\" data-shared=\"\" class=\"share-jetpack-whatsapp sd-button share-icon no-text\" href=\"http:\/\/www.rtvnoticias.com.ar\/?p=47283&amp;share=jetpack-whatsapp\" target=\"_blank\" title=\"Haz clic para compartir en WhatsApp\"><span><\/span><span class=\"sharing-screen-reader-text\">Haz clic para compartir en WhatsApp (Se abre en una ventana nueva)<\/span><\/a><\/li><li class=\"share-telegram\"><a rel=\"nofollow noopener noreferrer\" data-shared=\"\" class=\"share-telegram sd-button share-icon no-text\" href=\"http:\/\/www.rtvnoticias.com.ar\/?p=47283&amp;share=telegram\" target=\"_blank\" title=\"Haz clic para compartir en Telegram\"><span><\/span><span class=\"sharing-screen-reader-text\">Haz clic para compartir en Telegram (Se abre en una ventana nueva)<\/span><\/a><\/li><li class=\"share-end\"><\/li><\/ul><\/div><\/div><\/div>","protected":false},"author":7,"featured_media":47284,"comment_status":"closed","ping_status":"closed","sticky":false,"template":"","format":"standard","meta":{"spay_email":"","jetpack_publicize_message":"","jetpack_is_tweetstorm":false,"jetpack_publicize_feature_enabled":true},"categories":[4],"tags":[],"jetpack_featured_media_url":"http:\/\/www.rtvnoticias.com.ar\/wp-content\/uploads\/2025\/10\/71453_img-20251027-wa0036-e1761654417862.jpg","jetpack_publicize_connections":[],"jetpack_sharing_enabled":true,"_links":{"self":[{"href":"http:\/\/www.rtvnoticias.com.ar\/index.php?rest_route=\/wp\/v2\/posts\/47283"}],"collection":[{"href":"http:\/\/www.rtvnoticias.com.ar\/index.php?rest_route=\/wp\/v2\/posts"}],"about":[{"href":"http:\/\/www.rtvnoticias.com.ar\/index.php?rest_route=\/wp\/v2\/types\/post"}],"author":[{"embeddable":true,"href":"http:\/\/www.rtvnoticias.com.ar\/index.php?rest_route=\/wp\/v2\/users\/7"}],"replies":[{"embeddable":true,"href":"http:\/\/www.rtvnoticias.com.ar\/index.php?rest_route=%2Fwp%2Fv2%2Fcomments&post=47283"}],"version-history":[{"count":1,"href":"http:\/\/www.rtvnoticias.com.ar\/index.php?rest_route=\/wp\/v2\/posts\/47283\/revisions"}],"predecessor-version":[{"id":47285,"href":"http:\/\/www.rtvnoticias.com.ar\/index.php?rest_route=\/wp\/v2\/posts\/47283\/revisions\/47285"}],"wp:featuredmedia":[{"embeddable":true,"href":"http:\/\/www.rtvnoticias.com.ar\/index.php?rest_route=\/wp\/v2\/media\/47284"}],"wp:attachment":[{"href":"http:\/\/www.rtvnoticias.com.ar\/index.php?rest_route=%2Fwp%2Fv2%2Fmedia&parent=47283"}],"wp:term":[{"taxonomy":"category","embeddable":true,"href":"http:\/\/www.rtvnoticias.com.ar\/index.php?rest_route=%2Fwp%2Fv2%2Fcategories&post=47283"},{"taxonomy":"post_tag","embeddable":true,"href":"http:\/\/www.rtvnoticias.com.ar\/index.php?rest_route=%2Fwp%2Fv2%2Ftags&post=47283"}],"curies":[{"name":"wp","href":"https:\/\/api.w.org\/{rel}","templated":true}]}}