{"id":47290,"date":"2025-10-28T17:44:42","date_gmt":"2025-10-28T20:44:42","guid":{"rendered":"http:\/\/www.rtvnoticias.com.ar\/?p=47290"},"modified":"2025-10-28T17:44:44","modified_gmt":"2025-10-28T20:44:44","slug":"la-corte-suprema-convoco-a-nacion-y-la-pampa-a-una-audiencia-por-la-deuda-previsional","status":"publish","type":"post","link":"http:\/\/www.rtvnoticias.com.ar\/?p=47290","title":{"rendered":"La Corte Suprema convoc\u00f3 a Naci\u00f3n y La Pampa a una audiencia por la deuda previsional"},"content":{"rendered":"\n<p>La Corte Suprema de Justicia de la Naci\u00f3n cit\u00f3 al Gobierno nacional y a la provincia de La Pampa a una audiencia de conciliaci\u00f3n para el 5 de noviembre, en el marco de la demanda presentada por la administraci\u00f3n pampeana por la deuda previsional que la Casa Rosada mantiene con esa jurisdicci\u00f3n.<\/p>\n\n\n\n<p>El encuentro se desarrollar\u00e1 a partir de las 11 horas en la Sede de Juicios Originarios del m\u00e1ximo tribunal, donde los representantes de ambas partes deber\u00e1n exponer sus argumentos en torno al reclamo que La Pampa mantiene desde fines del a\u00f1o pasado.<\/p>\n\n\n\n<p>La decisi\u00f3n de la Corte llega luego de que el Ejecutivo provincial, encabezado por el gobernador Sergio Ziliotto, interpusiera una medida cautelar urgente para reclamar los fondos que \u2014seg\u00fan sostiene\u2014 le corresponden por los aportes del sistema previsional provincial, y que habr\u00edan dejado de girarse desde el 10 de diciembre de 2023, cuando asumi\u00f3 la presidencia Javier Milei.<\/p>\n\n\n\n<p>\u201cInsistiremos en la legalidad de nuestro reclamo y en la necesidad urgente de recuperar recursos que nos pertenecen y que el Gobierno nacional nos niega\u201d, expres\u00f3 Ziliotto en declaraciones difundidas tras conocerse la convocatoria judicial.<\/p>\n\n\n\n<p>El mandatario peronista hab\u00eda advertido en reiteradas oportunidades sobre las \u201cgraves consecuencias financieras\u201d que provoc\u00f3 la interrupci\u00f3n de los env\u00edos nacionales, lo que \u2014seg\u00fan el gobierno pampeano\u2014 agrav\u00f3 el d\u00e9ficit previsional y comprometi\u00f3 el financiamiento de programas provinciales.<\/p>\n\n\n\n<p>Desde Santa Rosa sostienen que el reclamo no s\u00f3lo tiene un impacto contable, sino que tambi\u00e9n representa un \u201cacto de defensa del federalismo\u201d, en l\u00ednea con los planteos que otras provincias mantienen ante la Corte por recortes en la coparticipaci\u00f3n o en fondos espec\u00edficos.<\/p>\n\n\n\n<p>La audiencia del 5 de noviembre ser\u00e1 el primer paso formal en el intento del m\u00e1ximo tribunal por acercar posiciones entre ambas partes, aunque en el entorno de Ziliotto anticipan que no ceder\u00e1n en su reclamo y que insistir\u00e1n con una resoluci\u00f3n definitiva que obligue al Estado nacional a cancelar la deuda.<\/p>\n\n\n\n<p>Mientras tanto, el conflicto suma un nuevo cap\u00edtulo en la tensa relaci\u00f3n entre el Gobierno de Milei y los mandatarios provinciales, en especial aquellos pertenecientes al peronismo, que acusan a la administraci\u00f3n libertaria de aplicar una pol\u00edtica de \u201casfixia financiera\u201d sobre las jurisdicciones.<\/p>\n<div class=\"sharedaddy sd-sharing-enabled\"><div class=\"robots-nocontent sd-block sd-social sd-social-icon sd-sharing\"><h3 class=\"sd-title\">Comparte esto:<\/h3><div class=\"sd-content\"><ul><li class=\"share-twitter\"><a rel=\"nofollow noopener noreferrer\" data-shared=\"sharing-twitter-47290\" class=\"share-twitter sd-button share-icon no-text\" href=\"http:\/\/www.rtvnoticias.com.ar\/?p=47290&amp;share=twitter\" target=\"_blank\" title=\"Haz clic para compartir en Twitter\"><span><\/span><span class=\"sharing-screen-reader-text\">Haz clic para compartir en Twitter (Se abre en una ventana nueva)<\/span><\/a><\/li><li class=\"share-facebook\"><a rel=\"nofollow noopener noreferrer\" data-shared=\"sharing-facebook-47290\" class=\"share-facebook sd-button share-icon no-text\" href=\"http:\/\/www.rtvnoticias.com.ar\/?p=47290&amp;share=facebook\" target=\"_blank\" title=\"Haz clic para compartir en Facebook\"><span><\/span><span class=\"sharing-screen-reader-text\">Haz clic para compartir en Facebook (Se abre en una ventana nueva)<\/span><\/a><\/li><li class=\"share-jetpack-whatsapp\"><a rel=\"nofollow noopener noreferrer\" data-shared=\"\" class=\"share-jetpack-whatsapp sd-button share-icon no-text\" href=\"http:\/\/www.rtvnoticias.com.ar\/?p=47290&amp;share=jetpack-whatsapp\" target=\"_blank\" title=\"Haz clic para compartir en WhatsApp\"><span><\/span><span class=\"sharing-screen-reader-text\">Haz clic para compartir en WhatsApp (Se abre en una ventana nueva)<\/span><\/a><\/li><li class=\"share-telegram\"><a rel=\"nofollow noopener noreferrer\" data-shared=\"\" class=\"share-telegram sd-button share-icon no-text\" href=\"http:\/\/www.rtvnoticias.com.ar\/?p=47290&amp;share=telegram\" target=\"_blank\" title=\"Haz clic para compartir en Telegram\"><span><\/span><span class=\"sharing-screen-reader-text\">Haz clic para compartir en Telegram (Se abre en una ventana nueva)<\/span><\/a><\/li><li class=\"share-end\"><\/li><\/ul><\/div><\/div><\/div>","protected":false},"excerpt":{"rendered":"<p>La Corte Suprema de Justicia de la Naci\u00f3n cit\u00f3 al Gobierno nacional y a la provincia de La Pampa a una audiencia de conciliaci\u00f3n para<\/p>\n<div class=\"sharedaddy sd-sharing-enabled\"><div class=\"robots-nocontent sd-block sd-social sd-social-icon sd-sharing\"><h3 class=\"sd-title\">Comparte esto:<\/h3><div class=\"sd-content\"><ul><li class=\"share-twitter\"><a rel=\"nofollow noopener noreferrer\" data-shared=\"sharing-twitter-47290\" class=\"share-twitter sd-button share-icon no-text\" href=\"http:\/\/www.rtvnoticias.com.ar\/?p=47290&amp;share=twitter\" target=\"_blank\" title=\"Haz clic para compartir en Twitter\"><span><\/span><span class=\"sharing-screen-reader-text\">Haz clic para compartir en Twitter (Se abre en una ventana nueva)<\/span><\/a><\/li><li class=\"share-facebook\"><a rel=\"nofollow noopener noreferrer\" data-shared=\"sharing-facebook-47290\" class=\"share-facebook sd-button share-icon no-text\" href=\"http:\/\/www.rtvnoticias.com.ar\/?p=47290&amp;share=facebook\" target=\"_blank\" title=\"Haz clic para compartir en Facebook\"><span><\/span><span class=\"sharing-screen-reader-text\">Haz clic para compartir en Facebook (Se abre en una ventana nueva)<\/span><\/a><\/li><li class=\"share-jetpack-whatsapp\"><a rel=\"nofollow noopener noreferrer\" data-shared=\"\" class=\"share-jetpack-whatsapp sd-button share-icon no-text\" href=\"http:\/\/www.rtvnoticias.com.ar\/?p=47290&amp;share=jetpack-whatsapp\" target=\"_blank\" title=\"Haz clic para compartir en WhatsApp\"><span><\/span><span class=\"sharing-screen-reader-text\">Haz clic para compartir en WhatsApp (Se abre en una ventana nueva)<\/span><\/a><\/li><li class=\"share-telegram\"><a rel=\"nofollow noopener noreferrer\" data-shared=\"\" class=\"share-telegram sd-button share-icon no-text\" href=\"http:\/\/www.rtvnoticias.com.ar\/?p=47290&amp;share=telegram\" target=\"_blank\" title=\"Haz clic para compartir en Telegram\"><span><\/span><span class=\"sharing-screen-reader-text\">Haz clic para compartir en Telegram (Se abre en una ventana nueva)<\/span><\/a><\/li><li class=\"share-end\"><\/li><\/ul><\/div><\/div><\/div>","protected":false},"author":7,"featured_media":47291,"comment_status":"closed","ping_status":"closed","sticky":false,"template":"","format":"standard","meta":{"spay_email":"","jetpack_publicize_message":"","jetpack_is_tweetstorm":false,"jetpack_publicize_feature_enabled":true},"categories":[4],"tags":[],"jetpack_featured_media_url":"http:\/\/www.rtvnoticias.com.ar\/wp-content\/uploads\/2025\/10\/CORTE-SUPREMA-DE-JUSTICIA.jpg","jetpack_publicize_connections":[],"jetpack_sharing_enabled":true,"_links":{"self":[{"href":"http:\/\/www.rtvnoticias.com.ar\/index.php?rest_route=\/wp\/v2\/posts\/47290"}],"collection":[{"href":"http:\/\/www.rtvnoticias.com.ar\/index.php?rest_route=\/wp\/v2\/posts"}],"about":[{"href":"http:\/\/www.rtvnoticias.com.ar\/index.php?rest_route=\/wp\/v2\/types\/post"}],"author":[{"embeddable":true,"href":"http:\/\/www.rtvnoticias.com.ar\/index.php?rest_route=\/wp\/v2\/users\/7"}],"replies":[{"embeddable":true,"href":"http:\/\/www.rtvnoticias.com.ar\/index.php?rest_route=%2Fwp%2Fv2%2Fcomments&post=47290"}],"version-history":[{"count":1,"href":"http:\/\/www.rtvnoticias.com.ar\/index.php?rest_route=\/wp\/v2\/posts\/47290\/revisions"}],"predecessor-version":[{"id":47292,"href":"http:\/\/www.rtvnoticias.com.ar\/index.php?rest_route=\/wp\/v2\/posts\/47290\/revisions\/47292"}],"wp:featuredmedia":[{"embeddable":true,"href":"http:\/\/www.rtvnoticias.com.ar\/index.php?rest_route=\/wp\/v2\/media\/47291"}],"wp:attachment":[{"href":"http:\/\/www.rtvnoticias.com.ar\/index.php?rest_route=%2Fwp%2Fv2%2Fmedia&parent=47290"}],"wp:term":[{"taxonomy":"category","embeddable":true,"href":"http:\/\/www.rtvnoticias.com.ar\/index.php?rest_route=%2Fwp%2Fv2%2Fcategories&post=47290"},{"taxonomy":"post_tag","embeddable":true,"href":"http:\/\/www.rtvnoticias.com.ar\/index.php?rest_route=%2Fwp%2Fv2%2Ftags&post=47290"}],"curies":[{"name":"wp","href":"https:\/\/api.w.org\/{rel}","templated":true}]}}