{"id":47293,"date":"2025-10-28T18:09:15","date_gmt":"2025-10-28T21:09:15","guid":{"rendered":"http:\/\/www.rtvnoticias.com.ar\/?p=47293"},"modified":"2025-10-28T18:09:19","modified_gmt":"2025-10-28T21:09:19","slug":"megaoperativo-policial-contra-el-narcotrafico-termina-con-mas-de-60-muertos-en-rio-de-janeiro","status":"publish","type":"post","link":"http:\/\/www.rtvnoticias.com.ar\/?p=47293","title":{"rendered":"Megaoperativo policial contra el narcotr\u00e1fico termina con m\u00e1s de 60 muertos en R\u00edo de Janeiro"},"content":{"rendered":"\n<p>R\u00edo de Janeiro amaneci\u00f3 este martes inmersa en un clima de guerra. Desde la madrugada, los complejos de favelas del norte de la ciudad se convirtieron en un campo de batalla entre las fuerzas de seguridad y el Comando Vermelho (CV), una de las organizaciones criminales m\u00e1s poderosas y antiguas de Brasil.<\/p>\n\n\n\n<blockquote class=\"twitter-tweet\" data-media-max-width=\"560\"><p lang=\"es\" dir=\"ltr\">Escenas de guerra hoy en R\u00edo de Janeiro (Brasil) por combates urbanos entre polic\u00edas y militares contra narcotraficantes de Comando Vermelho en las favelas de Alem\u00e3o y Penha. <br>El grupo criminal ha utilizado drones con explosivos en varias favelas, y el balance es de 56 supuestos\u2026 <a href=\"https:\/\/t.co\/uqTay97rM6\">pic.twitter.com\/uqTay97rM6<\/a><\/p>&mdash; Niporwifi \u00a9 (@niporwifi) <a href=\"https:\/\/twitter.com\/niporwifi\/status\/1983246005010133283?ref_src=twsrc%5Etfw\">October 28, 2025<\/a><\/blockquote> <script async src=\"https:\/\/platform.twitter.com\/widgets.js\" charset=\"utf-8\"><\/script>\n\n\n\n<p>La megaoperaci\u00f3n policial \u201cContenci\u00f3n\u201d, lanzada por el gobierno estadual, despleg\u00f3 m\u00e1s de 30 veh\u00edculos blindados, helic\u00f3pteros, drones de reconocimiento y cientos de agentes de las polic\u00edas Militar y Civil con un objetivo: capturar a los principales jefes del CV en el \u00e1rea metropolitana.<\/p>\n\n\n\n<p>Sin embargo, la respuesta del crimen organizado fue in\u00e9dita. Seg\u00fan confirm\u00f3 el secretario de Seguridad P\u00fablica, V\u00edctor dos Santos, los efectivos fueron atacados con granadas arrojadas desde drones, una t\u00e1ctica nunca antes registrada en los conflictos urbanos de R\u00edo.<\/p>\n\n\n\n<p>\u201cEstamos frente a una nueva forma de enfrentamiento, con tecnolog\u00eda militar en manos del crimen organizado\u201d, advirti\u00f3 el funcionario en di\u00e1logo con Bom Dia Rio.<\/p>\n\n\n\n<blockquote class=\"twitter-tweet\" data-media-max-width=\"560\"><p lang=\"es\" dir=\"ltr\">\ud83d\udd34<a href=\"https:\/\/twitter.com\/hashtag\/URGENTE?src=hash&amp;ref_src=twsrc%5Etfw\">#URGENTE<\/a><br><br>\ud83c\udde7\ud83c\uddf7| Al menos 20 personas han muerto en un megaoperativo policial en R\u00edo de Janeiro, Brasil, donde 2,500 agentes de la Polic\u00eda Militar y Civil act\u00faan en los complejos Alem\u00e3o y Penha contra el Comando Vermelho, una de las principales facciones criminales del pa\u00eds. La\u2026 <a href=\"https:\/\/t.co\/PxKAoG3QE5\">pic.twitter.com\/PxKAoG3QE5<\/a><\/p>&mdash; News On Demand (@OnDemand_News) <a href=\"https:\/\/twitter.com\/OnDemand_News\/status\/1983197832707268786?ref_src=twsrc%5Etfw\">October 28, 2025<\/a><\/blockquote> <script async src=\"https:\/\/platform.twitter.com\/widgets.js\" charset=\"utf-8\"><\/script>\n\n\n\n<p>Los enfrentamientos se extendieron por las zonas de Penha, Mar\u00e9, Alem\u00e3o y Manguinhos, donde los residentes reportaron barricadas incendiadas, autobuses cruzados en las avenidas principales y suspensi\u00f3n total de clases y servicios de salud. En redes sociales circularon videos que mostraban r\u00e1fagas de disparos y columnas de humo negro elev\u00e1ndose sobre los cerros.<\/p>\n\n\n\n<p>La Fiscal\u00eda de R\u00edo identific\u00f3 como principal objetivo del operativo a \u201cDoca\u201d, considerado el l\u00edder del Comando Vermelho en el Complejo da Penha, una de las zonas de mayor control narco de la capital fluminense. Tambi\u00e9n est\u00e1n en la lista de los m\u00e1s buscados Pedro Paulo Guedes (\u201cPedro Bala\u201d), Carlos Costa Neves (\u201cGadernal\u201d) y Washington C\u00e9sar Braga da Silva (\u201cGrand\u00e3o\u201d), todos con \u00f3rdenes de captura vigentes por homicidio, narcotr\u00e1fico y asociaci\u00f3n criminal.<\/p>\n\n\n\n<p>La ofensiva refleja un cambio profundo en la din\u00e1mica del crimen en R\u00edo. El uso de drones con capacidad ofensiva marca un salto tecnol\u00f3gico que preocupa a las autoridades y evidencia la militarizaci\u00f3n creciente del narcotr\u00e1fico, que en los \u00faltimos a\u00f1os ha expandido su control territorial m\u00e1s all\u00e1 de las favelas tradicionales.<\/p>\n\n\n\n<p>\u201cEl Estado no puede actuar solo\u201d, reconoci\u00f3 el gobierno de R\u00edo en un comunicado, mientras solicitaba apoyo al Ejecutivo federal para contener la crisis de seguridad.<\/p>\n\n\n\n<p>En medio de la violencia, los habitantes de las comunidades viven nuevamente una jornada de miedo y encierro, atrapados entre el fuego cruzado y la incertidumbre. Las escuelas permanecen cerradas, los hospitales trabajan con personal reducido y los colectivos dejaron de circular por las zonas de riesgo.<\/p>\n\n\n\n<p>Para muchos cariocas, el panorama revive los peores recuerdos de los operativos de los a\u00f1os 2000, cuando las incursiones policiales en las favelas terminaban con altas cifras de muertos y denuncias por abusos. Hoy, con el avance tecnol\u00f3gico del crimen y la fragilidad institucional, R\u00edo parece revivir \u2014con nuevos protagonistas\u2014 su vieja guerra urbana.<\/p>\n<div class=\"sharedaddy sd-sharing-enabled\"><div class=\"robots-nocontent sd-block sd-social sd-social-icon sd-sharing\"><h3 class=\"sd-title\">Comparte esto:<\/h3><div class=\"sd-content\"><ul><li class=\"share-twitter\"><a rel=\"nofollow noopener noreferrer\" data-shared=\"sharing-twitter-47293\" class=\"share-twitter sd-button share-icon no-text\" href=\"http:\/\/www.rtvnoticias.com.ar\/?p=47293&amp;share=twitter\" target=\"_blank\" title=\"Haz clic para compartir en Twitter\"><span><\/span><span class=\"sharing-screen-reader-text\">Haz clic para compartir en Twitter (Se abre en una ventana nueva)<\/span><\/a><\/li><li class=\"share-facebook\"><a rel=\"nofollow noopener noreferrer\" data-shared=\"sharing-facebook-47293\" class=\"share-facebook sd-button share-icon no-text\" href=\"http:\/\/www.rtvnoticias.com.ar\/?p=47293&amp;share=facebook\" target=\"_blank\" title=\"Haz clic para compartir en Facebook\"><span><\/span><span class=\"sharing-screen-reader-text\">Haz clic para compartir en Facebook (Se abre en una ventana nueva)<\/span><\/a><\/li><li class=\"share-jetpack-whatsapp\"><a rel=\"nofollow noopener noreferrer\" data-shared=\"\" class=\"share-jetpack-whatsapp sd-button share-icon no-text\" href=\"http:\/\/www.rtvnoticias.com.ar\/?p=47293&amp;share=jetpack-whatsapp\" target=\"_blank\" title=\"Haz clic para compartir en WhatsApp\"><span><\/span><span class=\"sharing-screen-reader-text\">Haz clic para compartir en WhatsApp (Se abre en una ventana nueva)<\/span><\/a><\/li><li class=\"share-telegram\"><a rel=\"nofollow noopener noreferrer\" data-shared=\"\" class=\"share-telegram sd-button share-icon no-text\" href=\"http:\/\/www.rtvnoticias.com.ar\/?p=47293&amp;share=telegram\" target=\"_blank\" title=\"Haz clic para compartir en Telegram\"><span><\/span><span class=\"sharing-screen-reader-text\">Haz clic para compartir en Telegram (Se abre en una ventana nueva)<\/span><\/a><\/li><li class=\"share-end\"><\/li><\/ul><\/div><\/div><\/div>","protected":false},"excerpt":{"rendered":"<p>R\u00edo de Janeiro amaneci\u00f3 este martes inmersa en un clima de guerra. Desde la madrugada, los complejos de favelas del norte de la ciudad se<\/p>\n<div class=\"sharedaddy sd-sharing-enabled\"><div class=\"robots-nocontent sd-block sd-social sd-social-icon sd-sharing\"><h3 class=\"sd-title\">Comparte esto:<\/h3><div class=\"sd-content\"><ul><li class=\"share-twitter\"><a rel=\"nofollow noopener noreferrer\" data-shared=\"sharing-twitter-47293\" class=\"share-twitter sd-button share-icon no-text\" href=\"http:\/\/www.rtvnoticias.com.ar\/?p=47293&amp;share=twitter\" target=\"_blank\" title=\"Haz clic para compartir en Twitter\"><span><\/span><span class=\"sharing-screen-reader-text\">Haz clic para compartir en Twitter (Se abre en una ventana nueva)<\/span><\/a><\/li><li class=\"share-facebook\"><a rel=\"nofollow noopener noreferrer\" data-shared=\"sharing-facebook-47293\" class=\"share-facebook sd-button share-icon no-text\" href=\"http:\/\/www.rtvnoticias.com.ar\/?p=47293&amp;share=facebook\" target=\"_blank\" title=\"Haz clic para compartir en Facebook\"><span><\/span><span class=\"sharing-screen-reader-text\">Haz clic para compartir en Facebook (Se abre en una ventana nueva)<\/span><\/a><\/li><li class=\"share-jetpack-whatsapp\"><a rel=\"nofollow noopener noreferrer\" data-shared=\"\" class=\"share-jetpack-whatsapp sd-button share-icon no-text\" href=\"http:\/\/www.rtvnoticias.com.ar\/?p=47293&amp;share=jetpack-whatsapp\" target=\"_blank\" title=\"Haz clic para compartir en WhatsApp\"><span><\/span><span class=\"sharing-screen-reader-text\">Haz clic para compartir en WhatsApp (Se abre en una ventana nueva)<\/span><\/a><\/li><li class=\"share-telegram\"><a rel=\"nofollow noopener noreferrer\" data-shared=\"\" class=\"share-telegram sd-button share-icon no-text\" href=\"http:\/\/www.rtvnoticias.com.ar\/?p=47293&amp;share=telegram\" target=\"_blank\" title=\"Haz clic para compartir en Telegram\"><span><\/span><span class=\"sharing-screen-reader-text\">Haz clic para compartir en Telegram (Se abre en una ventana nueva)<\/span><\/a><\/li><li class=\"share-end\"><\/li><\/ul><\/div><\/div><\/div>","protected":false},"author":7,"featured_media":47294,"comment_status":"closed","ping_status":"closed","sticky":false,"template":"","format":"standard","meta":{"spay_email":"","jetpack_publicize_message":"","jetpack_is_tweetstorm":false,"jetpack_publicize_feature_enabled":true},"categories":[5396],"tags":[],"jetpack_featured_media_url":"http:\/\/www.rtvnoticias.com.ar\/wp-content\/uploads\/2025\/10\/riodejaneiro2.jpg_102176942.jpg","jetpack_publicize_connections":[],"jetpack_sharing_enabled":true,"_links":{"self":[{"href":"http:\/\/www.rtvnoticias.com.ar\/index.php?rest_route=\/wp\/v2\/posts\/47293"}],"collection":[{"href":"http:\/\/www.rtvnoticias.com.ar\/index.php?rest_route=\/wp\/v2\/posts"}],"about":[{"href":"http:\/\/www.rtvnoticias.com.ar\/index.php?rest_route=\/wp\/v2\/types\/post"}],"author":[{"embeddable":true,"href":"http:\/\/www.rtvnoticias.com.ar\/index.php?rest_route=\/wp\/v2\/users\/7"}],"replies":[{"embeddable":true,"href":"http:\/\/www.rtvnoticias.com.ar\/index.php?rest_route=%2Fwp%2Fv2%2Fcomments&post=47293"}],"version-history":[{"count":1,"href":"http:\/\/www.rtvnoticias.com.ar\/index.php?rest_route=\/wp\/v2\/posts\/47293\/revisions"}],"predecessor-version":[{"id":47295,"href":"http:\/\/www.rtvnoticias.com.ar\/index.php?rest_route=\/wp\/v2\/posts\/47293\/revisions\/47295"}],"wp:featuredmedia":[{"embeddable":true,"href":"http:\/\/www.rtvnoticias.com.ar\/index.php?rest_route=\/wp\/v2\/media\/47294"}],"wp:attachment":[{"href":"http:\/\/www.rtvnoticias.com.ar\/index.php?rest_route=%2Fwp%2Fv2%2Fmedia&parent=47293"}],"wp:term":[{"taxonomy":"category","embeddable":true,"href":"http:\/\/www.rtvnoticias.com.ar\/index.php?rest_route=%2Fwp%2Fv2%2Fcategories&post=47293"},{"taxonomy":"post_tag","embeddable":true,"href":"http:\/\/www.rtvnoticias.com.ar\/index.php?rest_route=%2Fwp%2Fv2%2Ftags&post=47293"}],"curies":[{"name":"wp","href":"https:\/\/api.w.org\/{rel}","templated":true}]}}