{"id":47412,"date":"2025-11-07T06:25:00","date_gmt":"2025-11-07T09:25:00","guid":{"rendered":"http:\/\/www.rtvnoticias.com.ar\/?p=47412"},"modified":"2025-11-06T20:32:25","modified_gmt":"2025-11-06T23:32:25","slug":"avanzan-las-obras-para-llevar-telefonia-4g-a-otras-ocho-localidades","status":"publish","type":"post","link":"http:\/\/www.rtvnoticias.com.ar\/?p=47412","title":{"rendered":"Avanzan las obras para llevar telefon\u00eda 4G a otras ocho localidades"},"content":{"rendered":"\n<p>El Gobierno de La Pampa contin\u00faa avanzando en su plan de expansi\u00f3n de la cobertura de telefon\u00eda m\u00f3vil, con obras que permitir\u00e1n llevar se\u00f1al celular a localidades que hist\u00f3ricamente no contaban con este servicio esencial.<\/p>\n\n\n\n<p>La iniciativa se enmarca en el acuerdo entre la Empresa Provincial de Telecomunicaciones (EMPATEL) y la compa\u00f1\u00eda Claro, impulsado por el Ministerio de Conectividad y Modernizaci\u00f3n. El proyecto combina inversi\u00f3n p\u00fablica con colaboraci\u00f3n privada, y busca garantizar el acceso equitativo a la conectividad en todo el territorio pampeano. <\/p>\n\n\n\n<p>A trav\u00e9s de este esquema de cooperaci\u00f3n, La Pampa se encamina a convertirse en una de las primeras provincias argentinas con cobertura m\u00f3vil en la totalidad de sus localidades. Adem\u00e1s de mejorar la calidad de vida de los habitantes, el plan atrae inversiones y fortalece el desarrollo local.<\/p>\n\n\n\n<p>Actualmente, se registran avances concretos en ocho localidades: Dorila, Agustoni, Villa Mirasol, Adolfo Van Praet, Colonia Santa Mar\u00eda, Maisonnave, Abramo y Carro Quemado. En Dorila y Agustoni ya se instalaron celdas 4G que se encuentran en fase de pruebas t\u00e9cnicas. <\/p>\n\n\n\n<p>En Villa Mirasol y Adolfo Van Praet se completaron las fundaciones, plateas y estructuras de torre, y solo resta el cerramiento previo al despliegue de celdas por parte de Claro. En Abramo est\u00e1 en ejecuci\u00f3n la instalaci\u00f3n de la estructura principal de la torre, mientras que en Colonia Santa Mar\u00eda el montaje est\u00e1 previsto entre el 14 y el 20 de noviembre. <\/p>\n\n\n\n<p>Finalizada esa etapa, los trabajos comenzar\u00e1n en Maisonnave, y se prev\u00e9 que todo est\u00e9 concluido antes de fin de a\u00f1o. En Carro Quemado, en tanto, se realizar\u00e1n obras sobre una torre existente para completar esta fase del plan. Si se cumplen los plazos previstos, todos los sitios estar\u00e1n activos a comienzos de febrero.<\/p>\n\n\n\n<p><strong>Plan de obras<\/strong><\/p>\n\n\n\n<p>Este plan ya permiti\u00f3 brindar se\u00f1al de celular en Pichi Huinca, Speluzzi, Ceballos, Tom\u00e1s M. de Anchorena, Gobernador Duval y Parque Luro, adem\u00e1s de mejorar la cobertura en un extenso tramo de la Ruta Provincial N\u00b010, entre Tel\u00e9n y Santa Isabel.<\/p>\n\n\n\n<p>De las 80 localidades pampeanas, 66 ya cuentan con cobertura m\u00f3vil, lo cual representa el 98,2% de la poblaci\u00f3n. El 1,8% restante se concentra en 14 localidades, n\u00famero que se reducir\u00e1 a solo seis -equivalente al 0,7%- una vez concluidas las obras en curso.<\/p>\n\n\n\n<p>Si bien existe una demanda de conectividad en rutas, el Gobierno incorpor\u00f3 al plan obras que ya permitieron brindar cobertura en tramos clave, como la Ruta del Desierto y, m\u00e1s recientemente, la Ruta Provincial N\u00b010 entre Tel\u00e9n y Santa Isabel. No obstante, la prioridad sigue estando en las localidades, por motivos estrat\u00e9gicos: garantizar igualdad de servicios, reducir el desarraigo y responder a un uso permanente y comunitario, frente a uno espor\u00e1dico y transitorio.<\/p>\n\n\n\n<p>Adem\u00e1s, muchas de estas localidades est\u00e1n ubicadas sobre o en cercan\u00edas de rutas provinciales y nacionales, por lo que la instalaci\u00f3n de infraestructura m\u00f3vil en ellas tambi\u00e9n mejora la cobertura en los corredores viales, beneficiando a quienes transitan por esas zonas y reforzando la seguridad en los trayectos.<\/p>\n\n\n\n<p>Estas obras forman parte de una pol\u00edtica p\u00fablica que busca reducir la brecha digital y garantizar el acceso a la conectividad en zonas rurales y de baja densidad poblacional. La conectividad m\u00f3vil no solo mejora la vida cotidiana, sino que fortalece el entramado institucional, promueve el desarrollo local y asegura que ning\u00fan pampeano quede fuera del mundo digital.<\/p>\n<div class=\"sharedaddy sd-sharing-enabled\"><div class=\"robots-nocontent sd-block sd-social sd-social-icon sd-sharing\"><h3 class=\"sd-title\">Comparte esto:<\/h3><div class=\"sd-content\"><ul><li class=\"share-twitter\"><a rel=\"nofollow noopener noreferrer\" data-shared=\"sharing-twitter-47412\" class=\"share-twitter sd-button share-icon no-text\" href=\"http:\/\/www.rtvnoticias.com.ar\/?p=47412&amp;share=twitter\" target=\"_blank\" title=\"Haz clic para compartir en Twitter\"><span><\/span><span class=\"sharing-screen-reader-text\">Haz clic para compartir en Twitter (Se abre en una ventana nueva)<\/span><\/a><\/li><li class=\"share-facebook\"><a rel=\"nofollow noopener noreferrer\" data-shared=\"sharing-facebook-47412\" class=\"share-facebook sd-button share-icon no-text\" href=\"http:\/\/www.rtvnoticias.com.ar\/?p=47412&amp;share=facebook\" target=\"_blank\" title=\"Haz clic para compartir en Facebook\"><span><\/span><span class=\"sharing-screen-reader-text\">Haz clic para compartir en Facebook (Se abre en una ventana nueva)<\/span><\/a><\/li><li class=\"share-jetpack-whatsapp\"><a rel=\"nofollow noopener noreferrer\" data-shared=\"\" class=\"share-jetpack-whatsapp sd-button share-icon no-text\" href=\"http:\/\/www.rtvnoticias.com.ar\/?p=47412&amp;share=jetpack-whatsapp\" target=\"_blank\" title=\"Haz clic para compartir en WhatsApp\"><span><\/span><span class=\"sharing-screen-reader-text\">Haz clic para compartir en WhatsApp (Se abre en una ventana nueva)<\/span><\/a><\/li><li class=\"share-telegram\"><a rel=\"nofollow noopener noreferrer\" data-shared=\"\" class=\"share-telegram sd-button share-icon no-text\" href=\"http:\/\/www.rtvnoticias.com.ar\/?p=47412&amp;share=telegram\" target=\"_blank\" title=\"Haz clic para compartir en Telegram\"><span><\/span><span class=\"sharing-screen-reader-text\">Haz clic para compartir en Telegram (Se abre en una ventana nueva)<\/span><\/a><\/li><li class=\"share-end\"><\/li><\/ul><\/div><\/div><\/div>","protected":false},"excerpt":{"rendered":"<p>El Gobierno de La Pampa contin\u00faa avanzando en su plan de expansi\u00f3n de la cobertura de telefon\u00eda m\u00f3vil, con obras que permitir\u00e1n llevar se\u00f1al celular<\/p>\n<div class=\"sharedaddy sd-sharing-enabled\"><div class=\"robots-nocontent sd-block sd-social sd-social-icon sd-sharing\"><h3 class=\"sd-title\">Comparte esto:<\/h3><div class=\"sd-content\"><ul><li class=\"share-twitter\"><a rel=\"nofollow noopener noreferrer\" data-shared=\"sharing-twitter-47412\" class=\"share-twitter sd-button share-icon no-text\" href=\"http:\/\/www.rtvnoticias.com.ar\/?p=47412&amp;share=twitter\" target=\"_blank\" title=\"Haz clic para compartir en Twitter\"><span><\/span><span class=\"sharing-screen-reader-text\">Haz clic para compartir en Twitter (Se abre en una ventana nueva)<\/span><\/a><\/li><li class=\"share-facebook\"><a rel=\"nofollow noopener noreferrer\" data-shared=\"sharing-facebook-47412\" class=\"share-facebook sd-button share-icon no-text\" href=\"http:\/\/www.rtvnoticias.com.ar\/?p=47412&amp;share=facebook\" target=\"_blank\" title=\"Haz clic para compartir en Facebook\"><span><\/span><span class=\"sharing-screen-reader-text\">Haz clic para compartir en Facebook (Se abre en una ventana nueva)<\/span><\/a><\/li><li class=\"share-jetpack-whatsapp\"><a rel=\"nofollow noopener noreferrer\" data-shared=\"\" class=\"share-jetpack-whatsapp sd-button share-icon no-text\" href=\"http:\/\/www.rtvnoticias.com.ar\/?p=47412&amp;share=jetpack-whatsapp\" target=\"_blank\" title=\"Haz clic para compartir en WhatsApp\"><span><\/span><span class=\"sharing-screen-reader-text\">Haz clic para compartir en WhatsApp (Se abre en una ventana nueva)<\/span><\/a><\/li><li class=\"share-telegram\"><a rel=\"nofollow noopener noreferrer\" data-shared=\"\" class=\"share-telegram sd-button share-icon no-text\" href=\"http:\/\/www.rtvnoticias.com.ar\/?p=47412&amp;share=telegram\" target=\"_blank\" title=\"Haz clic para compartir en Telegram\"><span><\/span><span class=\"sharing-screen-reader-text\">Haz clic para compartir en Telegram (Se abre en una ventana nueva)<\/span><\/a><\/li><li class=\"share-end\"><\/li><\/ul><\/div><\/div><\/div>","protected":false},"author":5,"featured_media":47413,"comment_status":"closed","ping_status":"closed","sticky":false,"template":"","format":"standard","meta":{"spay_email":"","jetpack_publicize_message":"","jetpack_is_tweetstorm":false,"jetpack_publicize_feature_enabled":true},"categories":[4],"tags":[5653],"jetpack_featured_media_url":"http:\/\/www.rtvnoticias.com.ar\/wp-content\/uploads\/2025\/11\/torre.jpg","jetpack_publicize_connections":[],"jetpack_sharing_enabled":true,"_links":{"self":[{"href":"http:\/\/www.rtvnoticias.com.ar\/index.php?rest_route=\/wp\/v2\/posts\/47412"}],"collection":[{"href":"http:\/\/www.rtvnoticias.com.ar\/index.php?rest_route=\/wp\/v2\/posts"}],"about":[{"href":"http:\/\/www.rtvnoticias.com.ar\/index.php?rest_route=\/wp\/v2\/types\/post"}],"author":[{"embeddable":true,"href":"http:\/\/www.rtvnoticias.com.ar\/index.php?rest_route=\/wp\/v2\/users\/5"}],"replies":[{"embeddable":true,"href":"http:\/\/www.rtvnoticias.com.ar\/index.php?rest_route=%2Fwp%2Fv2%2Fcomments&post=47412"}],"version-history":[{"count":1,"href":"http:\/\/www.rtvnoticias.com.ar\/index.php?rest_route=\/wp\/v2\/posts\/47412\/revisions"}],"predecessor-version":[{"id":47414,"href":"http:\/\/www.rtvnoticias.com.ar\/index.php?rest_route=\/wp\/v2\/posts\/47412\/revisions\/47414"}],"wp:featuredmedia":[{"embeddable":true,"href":"http:\/\/www.rtvnoticias.com.ar\/index.php?rest_route=\/wp\/v2\/media\/47413"}],"wp:attachment":[{"href":"http:\/\/www.rtvnoticias.com.ar\/index.php?rest_route=%2Fwp%2Fv2%2Fmedia&parent=47412"}],"wp:term":[{"taxonomy":"category","embeddable":true,"href":"http:\/\/www.rtvnoticias.com.ar\/index.php?rest_route=%2Fwp%2Fv2%2Fcategories&post=47412"},{"taxonomy":"post_tag","embeddable":true,"href":"http:\/\/www.rtvnoticias.com.ar\/index.php?rest_route=%2Fwp%2Fv2%2Ftags&post=47412"}],"curies":[{"name":"wp","href":"https:\/\/api.w.org\/{rel}","templated":true}]}}