{"id":47421,"date":"2025-11-06T20:51:48","date_gmt":"2025-11-06T23:51:48","guid":{"rendered":"http:\/\/www.rtvnoticias.com.ar\/?p=47421"},"modified":"2025-11-06T20:51:54","modified_gmt":"2025-11-06T23:51:54","slug":"expo-carreras-para-adultos-no-hay-edades-ni-limites-para-seguir-estudiando","status":"publish","type":"post","link":"http:\/\/www.rtvnoticias.com.ar\/?p=47421","title":{"rendered":"Expo Carreras para Adultos: No hay edades ni l\u00edmites para seguir estudiando"},"content":{"rendered":"\n<p>Con importante convocatoria, la Municipalidad de General Pico llev\u00f3 a cabo una nueva edici\u00f3n de la Expo Carreras para Adultos. La presentaci\u00f3n se realiz\u00f3 en el Centro Educativo de Nivel Secundario N\u00b03 que funciona en la Escuela Normal Mixta.<\/p>\n\n\n\n<p>En este espacio se ofreci\u00f3 a quienes est\u00e1n finalizando sus estudios secundarios y a personas interesadas, el enorme abanico de propuestas educativas y de formaci\u00f3n profesional que est\u00e1n disponibles en nuestra ciudad.<\/p>\n\n\n\n<p>En l\u00ednea con ello, los diferentes stands con representantes de la universidad p\u00fablica, privada, de institutos terciarios y Centros de Formaci\u00f3n dieron a conocer a las y los consultantes sus carreras y explicaron los m\u00e9todos de estudio.<\/p>\n\n\n\n<p>Participaron de esta jornada el secretario de Gobierno, Nicol\u00e1s Mendoza; la directora de Educaci\u00f3n, Gabriela Ram\u00edrez; autoridades y referentes de instituciones educativas del medio; estudiantes y p\u00fablico en general.<\/p>\n\n\n\n<p>Oportunidades para todos y todas<\/p>\n\n\n\n<p>En cuanto a esta iniciativa, Gabriela Ram\u00edrez record\u00f3: \u201cTenemos m\u00e1s de 300 carreras terciarias, universitarias y de formaci\u00f3n profesional para que puedan elegir su futuro. La idea es que, ya que la mayor\u00eda particip\u00f3 de alg\u00fan taller de orientaci\u00f3n vocacional, una vez que terminen el secundario, ellos y ellas puedan seguir otro nivel superior seg\u00fan sus disponibilidades y elecciones\u201d.<\/p>\n\n\n\n<p>\u201cA diferencia del evento que hacemos anualmente, en el cual recibimos la visita de estudiantes locales y de distintos puntos de la provincia, entendimos que tenemos que tener otras opciones para este grupo, teniendo en cuenta que quienes estudian de noche tienen familia a cargo o trabajan durante el d\u00eda. Lo cierto es que no hay ni edades ni l\u00edmites de ning\u00fan tipo para seguir estudiando\u201d, sostuvo.<\/p>\n\n\n\n<p>Sobre la vinculaci\u00f3n de las entidades p\u00fablicas y privadas, la funcionaria valor\u00f3: \u201cEl Foro de Educaci\u00f3n Superior tiene eso de comunidad, de accionar mancomunadamente, de desempe\u00f1arnos en conjunto en pos de la ciudad del aprendizaje y del conocimiento que todas y todos queremos\u201d.<\/p>\n<div class=\"sharedaddy sd-sharing-enabled\"><div class=\"robots-nocontent sd-block sd-social sd-social-icon sd-sharing\"><h3 class=\"sd-title\">Comparte esto:<\/h3><div class=\"sd-content\"><ul><li class=\"share-twitter\"><a rel=\"nofollow noopener noreferrer\" data-shared=\"sharing-twitter-47421\" class=\"share-twitter sd-button share-icon no-text\" href=\"http:\/\/www.rtvnoticias.com.ar\/?p=47421&amp;share=twitter\" target=\"_blank\" title=\"Haz clic para compartir en Twitter\"><span><\/span><span class=\"sharing-screen-reader-text\">Haz clic para compartir en Twitter (Se abre en una ventana nueva)<\/span><\/a><\/li><li class=\"share-facebook\"><a rel=\"nofollow noopener noreferrer\" data-shared=\"sharing-facebook-47421\" class=\"share-facebook sd-button share-icon no-text\" href=\"http:\/\/www.rtvnoticias.com.ar\/?p=47421&amp;share=facebook\" target=\"_blank\" title=\"Haz clic para compartir en Facebook\"><span><\/span><span class=\"sharing-screen-reader-text\">Haz clic para compartir en Facebook (Se abre en una ventana nueva)<\/span><\/a><\/li><li class=\"share-jetpack-whatsapp\"><a rel=\"nofollow noopener noreferrer\" data-shared=\"\" class=\"share-jetpack-whatsapp sd-button share-icon no-text\" href=\"http:\/\/www.rtvnoticias.com.ar\/?p=47421&amp;share=jetpack-whatsapp\" target=\"_blank\" title=\"Haz clic para compartir en WhatsApp\"><span><\/span><span class=\"sharing-screen-reader-text\">Haz clic para compartir en WhatsApp (Se abre en una ventana nueva)<\/span><\/a><\/li><li class=\"share-telegram\"><a rel=\"nofollow noopener noreferrer\" data-shared=\"\" class=\"share-telegram sd-button share-icon no-text\" href=\"http:\/\/www.rtvnoticias.com.ar\/?p=47421&amp;share=telegram\" target=\"_blank\" title=\"Haz clic para compartir en Telegram\"><span><\/span><span class=\"sharing-screen-reader-text\">Haz clic para compartir en Telegram (Se abre en una ventana nueva)<\/span><\/a><\/li><li class=\"share-end\"><\/li><\/ul><\/div><\/div><\/div>","protected":false},"excerpt":{"rendered":"<p>Con importante convocatoria, la Municipalidad de General Pico llev\u00f3 a cabo una nueva edici\u00f3n de la Expo Carreras para Adultos. La presentaci\u00f3n se realiz\u00f3 en<\/p>\n<div class=\"sharedaddy sd-sharing-enabled\"><div class=\"robots-nocontent sd-block sd-social sd-social-icon sd-sharing\"><h3 class=\"sd-title\">Comparte esto:<\/h3><div class=\"sd-content\"><ul><li class=\"share-twitter\"><a rel=\"nofollow noopener noreferrer\" data-shared=\"sharing-twitter-47421\" class=\"share-twitter sd-button share-icon no-text\" href=\"http:\/\/www.rtvnoticias.com.ar\/?p=47421&amp;share=twitter\" target=\"_blank\" title=\"Haz clic para compartir en Twitter\"><span><\/span><span class=\"sharing-screen-reader-text\">Haz clic para compartir en Twitter (Se abre en una ventana nueva)<\/span><\/a><\/li><li class=\"share-facebook\"><a rel=\"nofollow noopener noreferrer\" data-shared=\"sharing-facebook-47421\" class=\"share-facebook sd-button share-icon no-text\" href=\"http:\/\/www.rtvnoticias.com.ar\/?p=47421&amp;share=facebook\" target=\"_blank\" title=\"Haz clic para compartir en Facebook\"><span><\/span><span class=\"sharing-screen-reader-text\">Haz clic para compartir en Facebook (Se abre en una ventana nueva)<\/span><\/a><\/li><li class=\"share-jetpack-whatsapp\"><a rel=\"nofollow noopener noreferrer\" data-shared=\"\" class=\"share-jetpack-whatsapp sd-button share-icon no-text\" href=\"http:\/\/www.rtvnoticias.com.ar\/?p=47421&amp;share=jetpack-whatsapp\" target=\"_blank\" title=\"Haz clic para compartir en WhatsApp\"><span><\/span><span class=\"sharing-screen-reader-text\">Haz clic para compartir en WhatsApp (Se abre en una ventana nueva)<\/span><\/a><\/li><li class=\"share-telegram\"><a rel=\"nofollow noopener noreferrer\" data-shared=\"\" class=\"share-telegram sd-button share-icon no-text\" href=\"http:\/\/www.rtvnoticias.com.ar\/?p=47421&amp;share=telegram\" target=\"_blank\" title=\"Haz clic para compartir en Telegram\"><span><\/span><span class=\"sharing-screen-reader-text\">Haz clic para compartir en Telegram (Se abre en una ventana nueva)<\/span><\/a><\/li><li class=\"share-end\"><\/li><\/ul><\/div><\/div><\/div>","protected":false},"author":5,"featured_media":47422,"comment_status":"closed","ping_status":"closed","sticky":false,"template":"","format":"standard","meta":{"spay_email":"","jetpack_publicize_message":"","jetpack_is_tweetstorm":false,"jetpack_publicize_feature_enabled":true},"categories":[3],"tags":[5656],"jetpack_featured_media_url":"http:\/\/www.rtvnoticias.com.ar\/wp-content\/uploads\/2025\/11\/expocarreras-adutos.jpg","jetpack_publicize_connections":[],"jetpack_sharing_enabled":true,"_links":{"self":[{"href":"http:\/\/www.rtvnoticias.com.ar\/index.php?rest_route=\/wp\/v2\/posts\/47421"}],"collection":[{"href":"http:\/\/www.rtvnoticias.com.ar\/index.php?rest_route=\/wp\/v2\/posts"}],"about":[{"href":"http:\/\/www.rtvnoticias.com.ar\/index.php?rest_route=\/wp\/v2\/types\/post"}],"author":[{"embeddable":true,"href":"http:\/\/www.rtvnoticias.com.ar\/index.php?rest_route=\/wp\/v2\/users\/5"}],"replies":[{"embeddable":true,"href":"http:\/\/www.rtvnoticias.com.ar\/index.php?rest_route=%2Fwp%2Fv2%2Fcomments&post=47421"}],"version-history":[{"count":1,"href":"http:\/\/www.rtvnoticias.com.ar\/index.php?rest_route=\/wp\/v2\/posts\/47421\/revisions"}],"predecessor-version":[{"id":47423,"href":"http:\/\/www.rtvnoticias.com.ar\/index.php?rest_route=\/wp\/v2\/posts\/47421\/revisions\/47423"}],"wp:featuredmedia":[{"embeddable":true,"href":"http:\/\/www.rtvnoticias.com.ar\/index.php?rest_route=\/wp\/v2\/media\/47422"}],"wp:attachment":[{"href":"http:\/\/www.rtvnoticias.com.ar\/index.php?rest_route=%2Fwp%2Fv2%2Fmedia&parent=47421"}],"wp:term":[{"taxonomy":"category","embeddable":true,"href":"http:\/\/www.rtvnoticias.com.ar\/index.php?rest_route=%2Fwp%2Fv2%2Fcategories&post=47421"},{"taxonomy":"post_tag","embeddable":true,"href":"http:\/\/www.rtvnoticias.com.ar\/index.php?rest_route=%2Fwp%2Fv2%2Ftags&post=47421"}],"curies":[{"name":"wp","href":"https:\/\/api.w.org\/{rel}","templated":true}]}}