{"id":47424,"date":"2025-11-07T17:32:03","date_gmt":"2025-11-07T20:32:03","guid":{"rendered":"http:\/\/www.rtvnoticias.com.ar\/?p=47424"},"modified":"2025-11-07T17:32:08","modified_gmt":"2025-11-07T20:32:08","slug":"la-unlpam-confirmo-el-inicio-del-cursado-de-medicina-las-clases-comenzaran-el-2-de-febrero-en-santa-rosa","status":"publish","type":"post","link":"http:\/\/www.rtvnoticias.com.ar\/?p=47424","title":{"rendered":"La UNLPam confirm\u00f3 el inicio del cursado de Medicina: las clases comenzar\u00e1n el 2 de febrero en Santa Rosa"},"content":{"rendered":"\n<p>Tras a\u00f1os de gesti\u00f3n y expectativa, la Universidad Nacional de La Pampa (UNLPam) anunci\u00f3 oficialmente el inicio de la carrera de Medicina en la capital provincial. Las clases comenzar\u00e1n el 2 de febrero de 2026, mientras que las inscripciones se habilitar\u00e1n del 15 al 19 de diciembre.<\/p>\n\n\n\n<p>El anuncio se realiz\u00f3 este viernes en una conferencia de prensa encabezada por el rector Oscar Alpa, acompa\u00f1ado por la decana organizadora de la Facultad de Ciencias de la Salud, Yamila Magiorano; la secretaria acad\u00e9mica, Alejandra Maldini; la ministra de Educaci\u00f3n, Marcela Feuerschvenger; y el subsecretario de Salud, Gustavo Vera.<\/p>\n\n\n\n<p>La nueva carrera \u2014que funcionar\u00e1 en Santa Rosa\u2014 adoptar\u00e1 un modelo acad\u00e9mico inspirado en el plan de la Universidad Nacional de La Matanza, con un fuerte \u00e9nfasis en la atenci\u00f3n primaria de la salud y en las necesidades sanitarias de la regi\u00f3n pampeana.<\/p>\n\n\n\n<p>La iniciativa recibi\u00f3 en agosto la acreditaci\u00f3n de la Comisi\u00f3n Nacional de Evaluaci\u00f3n y Acreditaci\u00f3n Universitaria (Coneau), paso clave que permiti\u00f3 avanzar hacia su puesta en marcha.<\/p>\n\n\n\n<p>Desde el Gobierno provincial, el gobernador Sergio Ziliotto garantiz\u00f3 el acompa\u00f1amiento econ\u00f3mico para el sostenimiento del programa y la infraestructura necesaria. Adem\u00e1s, la Provincia cedi\u00f3 un terreno lindero al Hospital Favaloro para construir all\u00ed la futura sede de la Facultad de Ciencias de la Salud, que funcionar\u00e1 como n\u00facleo acad\u00e9mico y de pr\u00e1cticas profesionales.<\/p>\n\n\n\n<p>Con esta incorporaci\u00f3n, la UNLPam ampl\u00eda su oferta educativa en un \u00e1rea estrat\u00e9gica y de alta demanda, mientras que el sistema sanitario provincial se prepara para recibir a una nueva generaci\u00f3n de m\u00e9dicos formados en el territorio.<\/p>\n<div class=\"sharedaddy sd-sharing-enabled\"><div class=\"robots-nocontent sd-block sd-social sd-social-icon sd-sharing\"><h3 class=\"sd-title\">Comparte esto:<\/h3><div class=\"sd-content\"><ul><li class=\"share-twitter\"><a rel=\"nofollow noopener noreferrer\" data-shared=\"sharing-twitter-47424\" class=\"share-twitter sd-button share-icon no-text\" href=\"http:\/\/www.rtvnoticias.com.ar\/?p=47424&amp;share=twitter\" target=\"_blank\" title=\"Haz clic para compartir en Twitter\"><span><\/span><span class=\"sharing-screen-reader-text\">Haz clic para compartir en Twitter (Se abre en una ventana nueva)<\/span><\/a><\/li><li class=\"share-facebook\"><a rel=\"nofollow noopener noreferrer\" data-shared=\"sharing-facebook-47424\" class=\"share-facebook sd-button share-icon no-text\" href=\"http:\/\/www.rtvnoticias.com.ar\/?p=47424&amp;share=facebook\" target=\"_blank\" title=\"Haz clic para compartir en Facebook\"><span><\/span><span class=\"sharing-screen-reader-text\">Haz clic para compartir en Facebook (Se abre en una ventana nueva)<\/span><\/a><\/li><li class=\"share-jetpack-whatsapp\"><a rel=\"nofollow noopener noreferrer\" data-shared=\"\" class=\"share-jetpack-whatsapp sd-button share-icon no-text\" href=\"http:\/\/www.rtvnoticias.com.ar\/?p=47424&amp;share=jetpack-whatsapp\" target=\"_blank\" title=\"Haz clic para compartir en WhatsApp\"><span><\/span><span class=\"sharing-screen-reader-text\">Haz clic para compartir en WhatsApp (Se abre en una ventana nueva)<\/span><\/a><\/li><li class=\"share-telegram\"><a rel=\"nofollow noopener noreferrer\" data-shared=\"\" class=\"share-telegram sd-button share-icon no-text\" href=\"http:\/\/www.rtvnoticias.com.ar\/?p=47424&amp;share=telegram\" target=\"_blank\" title=\"Haz clic para compartir en Telegram\"><span><\/span><span class=\"sharing-screen-reader-text\">Haz clic para compartir en Telegram (Se abre en una ventana nueva)<\/span><\/a><\/li><li class=\"share-end\"><\/li><\/ul><\/div><\/div><\/div>","protected":false},"excerpt":{"rendered":"<p>Tras a\u00f1os de gesti\u00f3n y expectativa, la Universidad Nacional de La Pampa (UNLPam) anunci\u00f3 oficialmente el inicio de la carrera de Medicina en la capital<\/p>\n<div class=\"sharedaddy sd-sharing-enabled\"><div class=\"robots-nocontent sd-block sd-social sd-social-icon sd-sharing\"><h3 class=\"sd-title\">Comparte esto:<\/h3><div class=\"sd-content\"><ul><li class=\"share-twitter\"><a rel=\"nofollow noopener noreferrer\" data-shared=\"sharing-twitter-47424\" class=\"share-twitter sd-button share-icon no-text\" href=\"http:\/\/www.rtvnoticias.com.ar\/?p=47424&amp;share=twitter\" target=\"_blank\" title=\"Haz clic para compartir en Twitter\"><span><\/span><span class=\"sharing-screen-reader-text\">Haz clic para compartir en Twitter (Se abre en una ventana nueva)<\/span><\/a><\/li><li class=\"share-facebook\"><a rel=\"nofollow noopener noreferrer\" data-shared=\"sharing-facebook-47424\" class=\"share-facebook sd-button share-icon no-text\" href=\"http:\/\/www.rtvnoticias.com.ar\/?p=47424&amp;share=facebook\" target=\"_blank\" title=\"Haz clic para compartir en Facebook\"><span><\/span><span class=\"sharing-screen-reader-text\">Haz clic para compartir en Facebook (Se abre en una ventana nueva)<\/span><\/a><\/li><li class=\"share-jetpack-whatsapp\"><a rel=\"nofollow noopener noreferrer\" data-shared=\"\" class=\"share-jetpack-whatsapp sd-button share-icon no-text\" href=\"http:\/\/www.rtvnoticias.com.ar\/?p=47424&amp;share=jetpack-whatsapp\" target=\"_blank\" title=\"Haz clic para compartir en WhatsApp\"><span><\/span><span class=\"sharing-screen-reader-text\">Haz clic para compartir en WhatsApp (Se abre en una ventana nueva)<\/span><\/a><\/li><li class=\"share-telegram\"><a rel=\"nofollow noopener noreferrer\" data-shared=\"\" class=\"share-telegram sd-button share-icon no-text\" href=\"http:\/\/www.rtvnoticias.com.ar\/?p=47424&amp;share=telegram\" target=\"_blank\" title=\"Haz clic para compartir en Telegram\"><span><\/span><span class=\"sharing-screen-reader-text\">Haz clic para compartir en Telegram (Se abre en una ventana nueva)<\/span><\/a><\/li><li class=\"share-end\"><\/li><\/ul><\/div><\/div><\/div>","protected":false},"author":7,"featured_media":45073,"comment_status":"closed","ping_status":"closed","sticky":false,"template":"","format":"standard","meta":{"spay_email":"","jetpack_publicize_message":"","jetpack_is_tweetstorm":false,"jetpack_publicize_feature_enabled":true},"categories":[1],"tags":[],"jetpack_featured_media_url":"http:\/\/www.rtvnoticias.com.ar\/wp-content\/uploads\/2025\/04\/unlpam_logo_frente-e1773614875882.jpg","jetpack_publicize_connections":[],"jetpack_sharing_enabled":true,"_links":{"self":[{"href":"http:\/\/www.rtvnoticias.com.ar\/index.php?rest_route=\/wp\/v2\/posts\/47424"}],"collection":[{"href":"http:\/\/www.rtvnoticias.com.ar\/index.php?rest_route=\/wp\/v2\/posts"}],"about":[{"href":"http:\/\/www.rtvnoticias.com.ar\/index.php?rest_route=\/wp\/v2\/types\/post"}],"author":[{"embeddable":true,"href":"http:\/\/www.rtvnoticias.com.ar\/index.php?rest_route=\/wp\/v2\/users\/7"}],"replies":[{"embeddable":true,"href":"http:\/\/www.rtvnoticias.com.ar\/index.php?rest_route=%2Fwp%2Fv2%2Fcomments&post=47424"}],"version-history":[{"count":1,"href":"http:\/\/www.rtvnoticias.com.ar\/index.php?rest_route=\/wp\/v2\/posts\/47424\/revisions"}],"predecessor-version":[{"id":47425,"href":"http:\/\/www.rtvnoticias.com.ar\/index.php?rest_route=\/wp\/v2\/posts\/47424\/revisions\/47425"}],"wp:featuredmedia":[{"embeddable":true,"href":"http:\/\/www.rtvnoticias.com.ar\/index.php?rest_route=\/wp\/v2\/media\/45073"}],"wp:attachment":[{"href":"http:\/\/www.rtvnoticias.com.ar\/index.php?rest_route=%2Fwp%2Fv2%2Fmedia&parent=47424"}],"wp:term":[{"taxonomy":"category","embeddable":true,"href":"http:\/\/www.rtvnoticias.com.ar\/index.php?rest_route=%2Fwp%2Fv2%2Fcategories&post=47424"},{"taxonomy":"post_tag","embeddable":true,"href":"http:\/\/www.rtvnoticias.com.ar\/index.php?rest_route=%2Fwp%2Fv2%2Ftags&post=47424"}],"curies":[{"name":"wp","href":"https:\/\/api.w.org\/{rel}","templated":true}]}}