{"id":47429,"date":"2025-11-08T08:52:00","date_gmt":"2025-11-08T11:52:00","guid":{"rendered":"http:\/\/www.rtvnoticias.com.ar\/?p=47429"},"modified":"2025-11-07T20:59:52","modified_gmt":"2025-11-07T23:59:52","slug":"mauricio-mayer-miguel-cane-y-eduardo-castex-organizan-en-conjunto-capacitacion-manejo-de-maquinas-viales","status":"publish","type":"post","link":"http:\/\/www.rtvnoticias.com.ar\/?p=47429","title":{"rendered":"Mauricio Mayer, Miguel Can\u00e9 y Eduardo Castex organizan en conjunto capacitaci\u00f3n manejo de m\u00e1quinas viales"},"content":{"rendered":"\n<p>Mauricio Mayer, Eduardo Castex y Miguel Can\u00e9 se unieron para organizar una capacitaci\u00f3n para la operaci\u00f3n de m\u00e1quinas viales. \u00abAntes lo hac\u00eda Naci\u00f3n, pero cuando asumi\u00f3 Milei se cort\u00f3 todo\u00bb, se\u00f1al\u00f3 el intendente Juan Krank. Entre los 20 que asisten al curso hay una mujer, Ivana Zigler, que obtendr\u00e1 el certificado el 28 de noviembre pr\u00f3ximo.<\/p>\n\n\n\n<p>Tres municipios del norte pampeano se unieron para darle forma a una iniciativa que se viene desarrollando con \u00e9xito desde hace cinco meses. Mauricio Mayer, Eduardo Castex y Miguel Can\u00e9 pusieron en marcha un programa de formaci\u00f3n profesional destinado a maquinistas de equipos viales.<\/p>\n\n\n\n<p>Juan Krank, intendente de Mauricio Mayer, resalt\u00f3 que la tarea de capacitar al personal municipal para la operaci\u00f3n de m\u00e1quinas viales es fundamental. \u201cNosotros tenemos 400 kil\u00f3metros de caminos vecinales que mantener. Las m\u00e1quinas trabajan las 24 horas, no paran nunca\u201d, resumi\u00f3 el jefe comunal.<\/p>\n\n\n\n<p>En di\u00e1logo con la Agencia Provincial de Noticias, Krank puso de manifiesto una situaci\u00f3n cr\u00edtica que se gener\u00f3 tras la asunci\u00f3n del nuevo presidente, en 2023. \u201cAntes estos cursos los organizaba y los llevaba adelante Naci\u00f3n, pero desde que asumi\u00f3 Milei se termin\u00f3 todo\u201d, indic\u00f3 el jefe comunal.<\/p>\n\n\n\n<p>La falta de personal para llevar adelante estas tareas, que son clave para el desarrollo territorial, la conexi\u00f3n y la producci\u00f3n agr\u00edcola, moviliz\u00f3 a los intendentes de estas tres localidades a tomar la decisi\u00f3n de organizar un curso con ese objetivo.<\/p>\n\n\n\n<p>\u201cSab\u00edamos que un experto en el tema, de Pehuaj\u00f3, estaba dando cursos y se nos ocurri\u00f3 que pod\u00edamos contactarlo para que formara profesionalmente a nuestros empleados municipales. Como Castex y Can\u00e9 tienen el mismo problema, se unieron a nosotros y as\u00ed se hizo posible esta iniciativa\u201d, se\u00f1al\u00f3 Krank.<\/p>\n\n\n\n<p>El municipio de Mayer pone las m\u00e1quinas a disposici\u00f3n para que se realice el curso: una retroexcavadora y tres champions. Tambi\u00e9n aporta el lugar: el Cumel\u00e9n de su localidad. Castex y Can\u00e9, por su lado, se hacen cargo de la comida y del pago al docente.<\/p>\n\n\n\n<p><strong>Una mujer, entre las operadoras<\/strong><\/p>\n\n\n\n<p>La capacitaci\u00f3n tiene un enfoque amplio, dado que no se limita a la operaci\u00f3n de las m\u00e1quinas, sino que tambi\u00e9n incluye aspectos vinculados con la seguridad y el mantenimiento. Se trata de cuestiones clave en el manejo de estos costosos equipos, porque por un lado hay que garantizar la integridad de las personas que las manejan, y, por otro, evitar que alguna negligencia provoque da\u00f1os mec\u00e1nicos.<\/p>\n\n\n\n<p>De este curso, que se lleva adelante todos los viernes desde hace cinco meses y culminar\u00e1 el 28 de noviembre, toman parte 15 trabajadores de Castex, dos de Can\u00e9 y tres de Mayer. Una de las protagonistas locales es una mujer, Ivana Zigler, trabajadora municipal de Mauricio Mayer.<\/p>\n\n\n\n<p>Esta es una demostraci\u00f3n de que esta tarea, que antes estaba reservada para los hombres, ahora tambi\u00e9n es llevada adelante por las mujeres. El sector vial, uno de los m\u00e1s masculinizados dentro de la obra p\u00fablica, ya tiene en La Pampa sus primeras operarias mujeres y la tendencia sigue en alza.<br>\u201cIvana es mi esposa y siempre le interesaron estos temas. Ha hecho muchos cursos y ahora est\u00e1 muy entusiasmada con este\u201d, resalt\u00f3 Krank.<\/p>\n<div class=\"sharedaddy sd-sharing-enabled\"><div class=\"robots-nocontent sd-block sd-social sd-social-icon sd-sharing\"><h3 class=\"sd-title\">Comparte esto:<\/h3><div class=\"sd-content\"><ul><li class=\"share-twitter\"><a rel=\"nofollow noopener noreferrer\" data-shared=\"sharing-twitter-47429\" class=\"share-twitter sd-button share-icon no-text\" href=\"http:\/\/www.rtvnoticias.com.ar\/?p=47429&amp;share=twitter\" target=\"_blank\" title=\"Haz clic para compartir en Twitter\"><span><\/span><span class=\"sharing-screen-reader-text\">Haz clic para compartir en Twitter (Se abre en una ventana nueva)<\/span><\/a><\/li><li class=\"share-facebook\"><a rel=\"nofollow noopener noreferrer\" data-shared=\"sharing-facebook-47429\" class=\"share-facebook sd-button share-icon no-text\" href=\"http:\/\/www.rtvnoticias.com.ar\/?p=47429&amp;share=facebook\" target=\"_blank\" title=\"Haz clic para compartir en Facebook\"><span><\/span><span class=\"sharing-screen-reader-text\">Haz clic para compartir en Facebook (Se abre en una ventana nueva)<\/span><\/a><\/li><li class=\"share-jetpack-whatsapp\"><a rel=\"nofollow noopener noreferrer\" data-shared=\"\" class=\"share-jetpack-whatsapp sd-button share-icon no-text\" href=\"http:\/\/www.rtvnoticias.com.ar\/?p=47429&amp;share=jetpack-whatsapp\" target=\"_blank\" title=\"Haz clic para compartir en WhatsApp\"><span><\/span><span class=\"sharing-screen-reader-text\">Haz clic para compartir en WhatsApp (Se abre en una ventana nueva)<\/span><\/a><\/li><li class=\"share-telegram\"><a rel=\"nofollow noopener noreferrer\" data-shared=\"\" class=\"share-telegram sd-button share-icon no-text\" href=\"http:\/\/www.rtvnoticias.com.ar\/?p=47429&amp;share=telegram\" target=\"_blank\" title=\"Haz clic para compartir en Telegram\"><span><\/span><span class=\"sharing-screen-reader-text\">Haz clic para compartir en Telegram (Se abre en una ventana nueva)<\/span><\/a><\/li><li class=\"share-end\"><\/li><\/ul><\/div><\/div><\/div>","protected":false},"excerpt":{"rendered":"<p>Mauricio Mayer, Eduardo Castex y Miguel Can\u00e9 se unieron para organizar una capacitaci\u00f3n para la operaci\u00f3n de m\u00e1quinas viales. \u00abAntes lo hac\u00eda Naci\u00f3n, pero cuando<\/p>\n<div class=\"sharedaddy sd-sharing-enabled\"><div class=\"robots-nocontent sd-block sd-social sd-social-icon sd-sharing\"><h3 class=\"sd-title\">Comparte esto:<\/h3><div class=\"sd-content\"><ul><li class=\"share-twitter\"><a rel=\"nofollow noopener noreferrer\" data-shared=\"sharing-twitter-47429\" class=\"share-twitter sd-button share-icon no-text\" href=\"http:\/\/www.rtvnoticias.com.ar\/?p=47429&amp;share=twitter\" target=\"_blank\" title=\"Haz clic para compartir en Twitter\"><span><\/span><span class=\"sharing-screen-reader-text\">Haz clic para compartir en Twitter (Se abre en una ventana nueva)<\/span><\/a><\/li><li class=\"share-facebook\"><a rel=\"nofollow noopener noreferrer\" data-shared=\"sharing-facebook-47429\" class=\"share-facebook sd-button share-icon no-text\" href=\"http:\/\/www.rtvnoticias.com.ar\/?p=47429&amp;share=facebook\" target=\"_blank\" title=\"Haz clic para compartir en Facebook\"><span><\/span><span class=\"sharing-screen-reader-text\">Haz clic para compartir en Facebook (Se abre en una ventana nueva)<\/span><\/a><\/li><li class=\"share-jetpack-whatsapp\"><a rel=\"nofollow noopener noreferrer\" data-shared=\"\" class=\"share-jetpack-whatsapp sd-button share-icon no-text\" href=\"http:\/\/www.rtvnoticias.com.ar\/?p=47429&amp;share=jetpack-whatsapp\" target=\"_blank\" title=\"Haz clic para compartir en WhatsApp\"><span><\/span><span class=\"sharing-screen-reader-text\">Haz clic para compartir en WhatsApp (Se abre en una ventana nueva)<\/span><\/a><\/li><li class=\"share-telegram\"><a rel=\"nofollow noopener noreferrer\" data-shared=\"\" class=\"share-telegram sd-button share-icon no-text\" href=\"http:\/\/www.rtvnoticias.com.ar\/?p=47429&amp;share=telegram\" target=\"_blank\" title=\"Haz clic para compartir en Telegram\"><span><\/span><span class=\"sharing-screen-reader-text\">Haz clic para compartir en Telegram (Se abre en una ventana nueva)<\/span><\/a><\/li><li class=\"share-end\"><\/li><\/ul><\/div><\/div><\/div>","protected":false},"author":5,"featured_media":47430,"comment_status":"closed","ping_status":"closed","sticky":false,"template":"","format":"standard","meta":{"spay_email":"","jetpack_publicize_message":"","jetpack_is_tweetstorm":false,"jetpack_publicize_feature_enabled":true},"categories":[4],"tags":[],"jetpack_featured_media_url":"http:\/\/www.rtvnoticias.com.ar\/wp-content\/uploads\/2025\/11\/motoniveladora3.jpg","jetpack_publicize_connections":[],"jetpack_sharing_enabled":true,"_links":{"self":[{"href":"http:\/\/www.rtvnoticias.com.ar\/index.php?rest_route=\/wp\/v2\/posts\/47429"}],"collection":[{"href":"http:\/\/www.rtvnoticias.com.ar\/index.php?rest_route=\/wp\/v2\/posts"}],"about":[{"href":"http:\/\/www.rtvnoticias.com.ar\/index.php?rest_route=\/wp\/v2\/types\/post"}],"author":[{"embeddable":true,"href":"http:\/\/www.rtvnoticias.com.ar\/index.php?rest_route=\/wp\/v2\/users\/5"}],"replies":[{"embeddable":true,"href":"http:\/\/www.rtvnoticias.com.ar\/index.php?rest_route=%2Fwp%2Fv2%2Fcomments&post=47429"}],"version-history":[{"count":1,"href":"http:\/\/www.rtvnoticias.com.ar\/index.php?rest_route=\/wp\/v2\/posts\/47429\/revisions"}],"predecessor-version":[{"id":47431,"href":"http:\/\/www.rtvnoticias.com.ar\/index.php?rest_route=\/wp\/v2\/posts\/47429\/revisions\/47431"}],"wp:featuredmedia":[{"embeddable":true,"href":"http:\/\/www.rtvnoticias.com.ar\/index.php?rest_route=\/wp\/v2\/media\/47430"}],"wp:attachment":[{"href":"http:\/\/www.rtvnoticias.com.ar\/index.php?rest_route=%2Fwp%2Fv2%2Fmedia&parent=47429"}],"wp:term":[{"taxonomy":"category","embeddable":true,"href":"http:\/\/www.rtvnoticias.com.ar\/index.php?rest_route=%2Fwp%2Fv2%2Fcategories&post=47429"},{"taxonomy":"post_tag","embeddable":true,"href":"http:\/\/www.rtvnoticias.com.ar\/index.php?rest_route=%2Fwp%2Fv2%2Ftags&post=47429"}],"curies":[{"name":"wp","href":"https:\/\/api.w.org\/{rel}","templated":true}]}}