{"id":47443,"date":"2025-11-10T11:13:20","date_gmt":"2025-11-10T14:13:20","guid":{"rendered":"http:\/\/www.rtvnoticias.com.ar\/?p=47443"},"modified":"2025-11-10T11:13:25","modified_gmt":"2025-11-10T14:13:25","slug":"gran-participacion-tuvo-pico-en-imagenes-120-anos-de-crecimiento","status":"publish","type":"post","link":"http:\/\/www.rtvnoticias.com.ar\/?p=47443","title":{"rendered":"Gran participaci\u00f3n tuvo \u00abPico en im\u00e1genes, 120 a\u00f1os de crecimiento\u00bb"},"content":{"rendered":"\n<p>Con un importante despliegue y gran participaci\u00f3n de vecinos y vecinas, el municipio local concret\u00f3 la propuesta \u201cPico en im\u00e1genes, 120 a\u00f1os de crecimiento\u201d, en el marco del Festival Pico Cumple.<\/p>\n\n\n\n<p>La misma tuvo lugar frente al Palacio municipal, donde se ofreci\u00f3 una muestra audiovisual que sum\u00f3 m\u00fasica, danza y un relato que detall\u00f3 las transformaciones culturales y el avance de la ciudad a trav\u00e9s de los a\u00f1os.<\/p>\n\n\n\n<p>En este sentido, se realiz\u00f3 un recorrido desde 1900 hasta la actualidad junto con una exposici\u00f3n de veh\u00edculos, s\u00edmbolos de cada d\u00e9cada.<\/p>\n\n\n\n<p>A trav\u00e9s del arte popular se exhibi\u00f3 un encuentro entre generaciones, disciplinas y emociones que reconstruyeron el pulso creativo que nos acompa\u00f1a desde los primeros inmigrantes hasta la diversidad contempor\u00e1nea.&nbsp;<\/p>\n\n\n\n<p>Seguidamente se proyect\u00f3 el Mapping, una serie de im\u00e1genes propias de General Pico a trav\u00e9s del tiempo, que se exhibieron sobre la fachada del Palacio Municipal.&nbsp;<\/p>\n\n\n\n<p><strong>Ciudad en movimiento<\/strong><\/p>\n\n\n\n<p>Fernanda Alonso se refiri\u00f3 al evento y dijo: \u201cNos acompa\u00f1aron quienes a trav\u00e9s de los veh\u00edculos mantienen viva la historia piquense, integrantes y colaboradores del Club de Autos Cl\u00e1sicos y Especiales de General Pico, con una hermosa muestra. Tambi\u00e9n destacados artistas que acompa\u00f1aron la presentaci\u00f3n\u201d.<\/p>\n\n\n\n<p>En relaci\u00f3n a la proyecci\u00f3n que se efectu\u00f3 sobre el municipio, detall\u00f3: \u201cVivimos distintos momentos de una localidad que no para de crecer, no solo en cantidad de habitantes, sino en calidad, en prestaci\u00f3n de servicios y en su referencia en el norte pampeano\u201d.<\/p>\n\n\n\n<p>\u201cEs una ciudad a la que le agradezco todo, es mi lugar y es por eso que con mucho aprecio asumo esta responsabilidad enorme que es conducirla. Festejamos estos 120 a\u00f1os con emoci\u00f3n, hay mucha gente que tiene sue\u00f1os por cumplir y tenemos que seguir trabajando para que eso sea posible\u201d, concluy\u00f3 la mandataria local.<\/p>\n<div class=\"sharedaddy sd-sharing-enabled\"><div class=\"robots-nocontent sd-block sd-social sd-social-icon sd-sharing\"><h3 class=\"sd-title\">Comparte esto:<\/h3><div class=\"sd-content\"><ul><li class=\"share-twitter\"><a rel=\"nofollow noopener noreferrer\" data-shared=\"sharing-twitter-47443\" class=\"share-twitter sd-button share-icon no-text\" href=\"http:\/\/www.rtvnoticias.com.ar\/?p=47443&amp;share=twitter\" target=\"_blank\" title=\"Haz clic para compartir en Twitter\"><span><\/span><span class=\"sharing-screen-reader-text\">Haz clic para compartir en Twitter (Se abre en una ventana nueva)<\/span><\/a><\/li><li class=\"share-facebook\"><a rel=\"nofollow noopener noreferrer\" data-shared=\"sharing-facebook-47443\" class=\"share-facebook sd-button share-icon no-text\" href=\"http:\/\/www.rtvnoticias.com.ar\/?p=47443&amp;share=facebook\" target=\"_blank\" title=\"Haz clic para compartir en Facebook\"><span><\/span><span class=\"sharing-screen-reader-text\">Haz clic para compartir en Facebook (Se abre en una ventana nueva)<\/span><\/a><\/li><li class=\"share-jetpack-whatsapp\"><a rel=\"nofollow noopener noreferrer\" data-shared=\"\" class=\"share-jetpack-whatsapp sd-button share-icon no-text\" href=\"http:\/\/www.rtvnoticias.com.ar\/?p=47443&amp;share=jetpack-whatsapp\" target=\"_blank\" title=\"Haz clic para compartir en WhatsApp\"><span><\/span><span class=\"sharing-screen-reader-text\">Haz clic para compartir en WhatsApp (Se abre en una ventana nueva)<\/span><\/a><\/li><li class=\"share-telegram\"><a rel=\"nofollow noopener noreferrer\" data-shared=\"\" class=\"share-telegram sd-button share-icon no-text\" href=\"http:\/\/www.rtvnoticias.com.ar\/?p=47443&amp;share=telegram\" target=\"_blank\" title=\"Haz clic para compartir en Telegram\"><span><\/span><span class=\"sharing-screen-reader-text\">Haz clic para compartir en Telegram (Se abre en una ventana nueva)<\/span><\/a><\/li><li class=\"share-end\"><\/li><\/ul><\/div><\/div><\/div>","protected":false},"excerpt":{"rendered":"<p>Con un importante despliegue y gran participaci\u00f3n de vecinos y vecinas, el municipio local concret\u00f3 la propuesta \u201cPico en im\u00e1genes, 120 a\u00f1os de crecimiento\u201d, en<\/p>\n<div class=\"sharedaddy sd-sharing-enabled\"><div class=\"robots-nocontent sd-block sd-social sd-social-icon sd-sharing\"><h3 class=\"sd-title\">Comparte esto:<\/h3><div class=\"sd-content\"><ul><li class=\"share-twitter\"><a rel=\"nofollow noopener noreferrer\" data-shared=\"sharing-twitter-47443\" class=\"share-twitter sd-button share-icon no-text\" href=\"http:\/\/www.rtvnoticias.com.ar\/?p=47443&amp;share=twitter\" target=\"_blank\" title=\"Haz clic para compartir en Twitter\"><span><\/span><span class=\"sharing-screen-reader-text\">Haz clic para compartir en Twitter (Se abre en una ventana nueva)<\/span><\/a><\/li><li class=\"share-facebook\"><a rel=\"nofollow noopener noreferrer\" data-shared=\"sharing-facebook-47443\" class=\"share-facebook sd-button share-icon no-text\" href=\"http:\/\/www.rtvnoticias.com.ar\/?p=47443&amp;share=facebook\" target=\"_blank\" title=\"Haz clic para compartir en Facebook\"><span><\/span><span class=\"sharing-screen-reader-text\">Haz clic para compartir en Facebook (Se abre en una ventana nueva)<\/span><\/a><\/li><li class=\"share-jetpack-whatsapp\"><a rel=\"nofollow noopener noreferrer\" data-shared=\"\" class=\"share-jetpack-whatsapp sd-button share-icon no-text\" href=\"http:\/\/www.rtvnoticias.com.ar\/?p=47443&amp;share=jetpack-whatsapp\" target=\"_blank\" title=\"Haz clic para compartir en WhatsApp\"><span><\/span><span class=\"sharing-screen-reader-text\">Haz clic para compartir en WhatsApp (Se abre en una ventana nueva)<\/span><\/a><\/li><li class=\"share-telegram\"><a rel=\"nofollow noopener noreferrer\" data-shared=\"\" class=\"share-telegram sd-button share-icon no-text\" href=\"http:\/\/www.rtvnoticias.com.ar\/?p=47443&amp;share=telegram\" target=\"_blank\" title=\"Haz clic para compartir en Telegram\"><span><\/span><span class=\"sharing-screen-reader-text\">Haz clic para compartir en Telegram (Se abre en una ventana nueva)<\/span><\/a><\/li><li class=\"share-end\"><\/li><\/ul><\/div><\/div><\/div>","protected":false},"author":5,"featured_media":47444,"comment_status":"closed","ping_status":"closed","sticky":false,"template":"","format":"standard","meta":{"spay_email":"","jetpack_publicize_message":"","jetpack_is_tweetstorm":false,"jetpack_publicize_feature_enabled":true},"categories":[3],"tags":[5655],"jetpack_featured_media_url":"http:\/\/www.rtvnoticias.com.ar\/wp-content\/uploads\/2025\/11\/pico-imagenes2.jpg","jetpack_publicize_connections":[],"jetpack_sharing_enabled":true,"_links":{"self":[{"href":"http:\/\/www.rtvnoticias.com.ar\/index.php?rest_route=\/wp\/v2\/posts\/47443"}],"collection":[{"href":"http:\/\/www.rtvnoticias.com.ar\/index.php?rest_route=\/wp\/v2\/posts"}],"about":[{"href":"http:\/\/www.rtvnoticias.com.ar\/index.php?rest_route=\/wp\/v2\/types\/post"}],"author":[{"embeddable":true,"href":"http:\/\/www.rtvnoticias.com.ar\/index.php?rest_route=\/wp\/v2\/users\/5"}],"replies":[{"embeddable":true,"href":"http:\/\/www.rtvnoticias.com.ar\/index.php?rest_route=%2Fwp%2Fv2%2Fcomments&post=47443"}],"version-history":[{"count":1,"href":"http:\/\/www.rtvnoticias.com.ar\/index.php?rest_route=\/wp\/v2\/posts\/47443\/revisions"}],"predecessor-version":[{"id":47445,"href":"http:\/\/www.rtvnoticias.com.ar\/index.php?rest_route=\/wp\/v2\/posts\/47443\/revisions\/47445"}],"wp:featuredmedia":[{"embeddable":true,"href":"http:\/\/www.rtvnoticias.com.ar\/index.php?rest_route=\/wp\/v2\/media\/47444"}],"wp:attachment":[{"href":"http:\/\/www.rtvnoticias.com.ar\/index.php?rest_route=%2Fwp%2Fv2%2Fmedia&parent=47443"}],"wp:term":[{"taxonomy":"category","embeddable":true,"href":"http:\/\/www.rtvnoticias.com.ar\/index.php?rest_route=%2Fwp%2Fv2%2Fcategories&post=47443"},{"taxonomy":"post_tag","embeddable":true,"href":"http:\/\/www.rtvnoticias.com.ar\/index.php?rest_route=%2Fwp%2Fv2%2Ftags&post=47443"}],"curies":[{"name":"wp","href":"https:\/\/api.w.org\/{rel}","templated":true}]}}